{"id":738,"date":"2010-11-29T12:53:46","date_gmt":"2010-11-29T11:53:46","guid":{"rendered":"http:\/\/www.ikiru.ch\/blog\/?p=738"},"modified":"2010-11-29T19:08:58","modified_gmt":"2010-11-29T18:08:58","slug":"la-victoire-de-la-peur-la-peur-bonne-conseillere","status":"publish","type":"post","link":"https:\/\/www.jcvignoli.com\/blog\/2010\/la-victoire-de-la-peur-la-peur-bonne-conseillere","title":{"rendered":"La victoire de la peur : la peur bonne conseill\u00e8re ?"},"content":{"rendered":"<p>Le week end dernier les patriotes campagnards suisses ont encore d\u00e9cid\u00e9 d&rsquo;un coup d&rsquo;\u00e9clat : les \u00e9trangers en Suisse auront droit \u00e0 un traitement personnalis\u00e9 sur leurs mauvaises actions. Abuser de l&rsquo;aide sociale sera moins grave pour un Suisse que pour un \u00e9tranger, \u00eatre l&rsquo;auteur de coups et blessures sera \u00e9galement moins r\u00e9primand\u00e9 selon que l&rsquo;on soit un ressortissant national ou non. La prochaine \u00e9tape ? Elle est toute trac\u00e9e : frapper un \u00e9tranger, abuser d&rsquo;un \u00e9tranger sera tol\u00e9r\u00e9 avec plus de bienveillance que si la victime est Suisse. Le deux poids, deux mesures sera d&rsquo;ici peu inscrit dans la constitution helv\u00e9tique, version light. Attendons-nous \u00e0 voir arriver la version lourde un jour prochain.<\/p>\n<p>Les victoires de l&rsquo;extr\u00eame droite (parti de l&rsquo;UDC, Union d\u00e9mocratique du centre) s&rsquo;accumulent ann\u00e9e apr\u00e8s ann\u00e9e dans notre montagneux pays. Il y a bien quelques \u00e9checs occasionnels (la votation sur la participation au fond de coh\u00e9sion europ\u00e9en, o\u00f9 en pleine crise \u00e9conomique, les Suisses acceptent de participer \u00e0 hauteur d&rsquo;un milliard au d\u00e9veloppement europ\u00e9en), mais il est \u00e0 noter que dans presque tous les d\u00e9bats politiques, l&rsquo;UDC gagne SEULE. C&rsquo;est un parti isol\u00e9 qui fait la nique \u00e0 tous ses rivaux. Avec un r\u00e9servoir d&rsquo;\u00e9lecteurs de grosso modo 30% (chiffre des \u00e9lections parlementaires), il parvient \u00e0 faire passer la rampe (donc, \u00e0 convaincre plus de 50% des \u00e9lecteurs) de la justesse de ses propos. Un tour de force r\u00e9it\u00e9r\u00e9 sans fin, jusqu&rsquo;\u00e0 ne plus parler que de criminalit\u00e9 et d&rsquo;immigration en Suisse.<\/p>\n<p>Or, la politique n&rsquo;est pas gratuite : elle doit se traduire en actes. Nous sommes en droit de r\u00e9clamer un bilan : quels sont les r\u00e9sultats de tant de votations durcissant le paysage politique suisse ? Les citoyens se sentent-ils plus rassur\u00e9s ? Le pays est-il plus riche, plus heureux, moralement plus fort ? C&rsquo;est \u00e9videmment ma vision tr\u00e8s partisane que je partage ici, mais je ne vois pas comment soutenir que les th\u00e8mes sur lesquels se prononce le peuple sans cesse ont particip\u00e9 dans une quelconque mesure \u00e0 renforcer le pacte social; car, n&rsquo;en d\u00e9plaise aux partisans de l&rsquo;extr\u00eame droite (qu&rsquo;ils soient engag\u00e9s politiquement aux c\u00f4t\u00e9s de l&rsquo;UDC ou non), c&rsquo;est le seul objectif vers lequel doit tendre la politique : prot\u00e9ger la population et lui permettre de s&rsquo;\u00e9panouir. Peut-on vraiment d\u00e9fendre que c&rsquo;est une r\u00e9ussite ?<\/p>\n<p>Soyons cyniques : l&rsquo;immigration n&rsquo;est en rien stopp\u00e9e. Pour des raisons structurelles et conjoncturelles, mais tel n&rsquo;est pas l&rsquo;objet du d\u00e9bat; le but avou\u00e9 de l&rsquo;extr\u00eame droite, c&rsquo;est bel et bien de circonscrire l&rsquo;immigration. L&rsquo;immigration l\u00e9gale et ill\u00e9gale poursuit son bonhomme de chemin : l&rsquo;extr\u00eame droite a \u00e9chou\u00e9.<\/p>\n<p>Soyons encore cyniques : qu&rsquo;en est-il de la d\u00e9linquance ? Aucun r\u00e9sultat, et c&rsquo;est peut-\u00eatre l&rsquo;\u00e9chec le plus visible de la politique de l&rsquo;extr\u00eame droite. La d\u00e9linquance progresse. Malgr\u00e9 le durcissement des lois p\u00e9nales, les statistiques sont t\u00eatues. C&rsquo;est \u00e0 se demander si faire preuve d&rsquo;autant d&rsquo;intransigeance \u00e9tait la bonne solution.<\/p>\n<p>Soyons d&rsquo;un cynisme sans bornes : l&rsquo;Islam. L&rsquo;extr\u00eame droite a-t-elle r\u00e9ussi \u00e0 \u00ab\u00a0endiguer\u00a0\u00bb le flot de croyants ? En rien. Des associations structurent les musulmans suisses et, m\u00eame si aucun chiffre v\u00e9rifiable sur le sujet n&rsquo;existe, il est de coutume de parler de 300&rsquo;000 musulmans habitant le territoire helv\u00e9tique. Un petit 5%, mais qui semblerait plut\u00f4t en croissance. Issus de l&rsquo;immigration, Suisses se convertissant au proph\u00e8te Mahomet, il semble \u00e0 premi\u00e8re vue que l\u00e0 aussi, un \u00e9chec de l&rsquo;UDC se profile.<\/p>\n<p>On pourrait \u00e9videmment aborder l&rsquo;isolationnisme de l&rsquo;UDC, avec son refus d&rsquo;adh\u00e9rer aux structures internationales et de maintenir la \u00ab\u00a0neutralit\u00e9\u00a0\u00bb si ch\u00e8re \u00e0 une Suisse qui la confond parfois neutralit\u00e9 avec inaction. Et ici comme pr\u00e9c\u00e9demment, on ne peut que constater un \u00e9chec cuisant. Somm\u00e9e par l&rsquo;Union europ\u00e9enne d&rsquo;adapter la l\u00e9gislation suisse au droit europ\u00e9en, l&rsquo;Helv\u00e9tie ne fait qu&rsquo;appliquer ce que d&rsquo;autres d\u00e9cident. Pire, pour continuer \u00e0 p\u00e9renniser ses \u00e9changes \u00e9conomiques, elle verse de l&rsquo;argent (le fond de contribution pr\u00e9c\u00e9demment \u00e9voqu\u00e9) sans pouvoir d\u00e9cisionnel. Elle paye et ob\u00e9it, elle met la main au porte-monnaie sans avoir son mot \u00e0 dire. Comment parler encore de la Suisse comme d&rsquo;un pays souverain, ce que l&rsquo;extr\u00eame droite appelle de tous ses voeux ?<\/p>\n<p>Il va de soit que les moyens auxquels je suis favorable pour r\u00e9pondre au pacte social suisse ne sont pas les m\u00eames que ceux de l&rsquo;extr\u00eame droite. Cela tombe bien (ou mal, c&rsquo;est selon) : le r\u00e9sultat dans les urnes n&rsquo;est pas celui que je souhaiterais. Mais le peuple suisse dans son ensemble a le droit, a le devoir de mettre en relation aujourd&rsquo;hui les promesses des politiciens d&rsquo;extr\u00eame droite avec les r\u00e9sultats obtenus sur le terrain. Ce parti si puissant ne parvient pas \u00e0 concr\u00e9tiser ses solutions. Je dirais bien, pour ma part, que c&rsquo;est parce que les solutions choisies sont erron\u00e9es; mais pour un citoyen, qui vote avec constance pour les th\u00e8ses de l&rsquo;extr\u00eame droite, il y a de quoi \u00eatre d\u00e9\u00e7u.<\/p>\n<p>Toute la question est de savoir si, obtenir des r\u00e9sultats, c&rsquo;est vraiment ce qui compte pour les suiveurs de l&rsquo;UDC. Ou si seule l&rsquo;id\u00e9ologie se suffit \u00e0 elle-m\u00eame, si la seule chose qui compte dans ce pays c&rsquo;est d&rsquo;exprimer son m\u00e9contentement &#8211; \u00e0 n&rsquo;importe quel prix.<\/p>\n<div class=\"pld-like-dislike-wrap pld-template-1\">\r\n    <div class=\"pld-like-wrap  pld-common-wrap\">\r\n    <a href=\"javascript:void(0)\" class=\"pld-like-trigger pld-like-dislike-trigger  \" title=\"Super article!\" data-post-id=\"738\" data-trigger-type=\"like\" data-restriction=\"cookie\" data-already-liked=\"0\">\r\n                        <i class=\"fas fa-thumbs-up\"><\/i>\r\n                <\/a>\r\n    <span class=\"pld-like-count-wrap pld-count-wrap\">0    <\/span>\r\n<\/div><div class=\"pld-dislike-wrap  pld-common-wrap\">\r\n    <a href=\"javascript:void(0)\" class=\"pld-dislike-trigger pld-like-dislike-trigger  \" title=\"Pas terrible...\" data-post-id=\"738\" data-trigger-type=\"dislike\" data-restriction=\"cookie\" data-already-liked=\"0\">\r\n                        <i class=\"fas fa-thumbs-down\"><\/i>\r\n                <\/a>\r\n    <span class=\"pld-dislike-count-wrap pld-count-wrap\">0<\/span>\r\n<\/div><\/div>","protected":false},"excerpt":{"rendered":"<p>Le week end dernier les patriotes campagnards suisses ont encore d\u00e9cid\u00e9 d&rsquo;un coup d&rsquo;\u00e9clat : les \u00e9trangers en Suisse auront droit \u00e0 un traitement personnalis\u00e9 sur leurs mauvaises actions. Abuser de l&rsquo;aide sociale sera moins grave pour un Suisse que pour un \u00e9tranger, \u00eatre l&rsquo;auteur de coups et blessures sera \u00e9galement moins r\u00e9primand\u00e9 selon que [&hellip;]<\/p>\n","protected":false},"author":1,"featured_media":0,"comment_status":"open","ping_status":"open","sticky":false,"template":"","format":"standard","meta":{"ocean_post_layout":"","ocean_both_sidebars_style":"","ocean_both_sidebars_content_width":0,"ocean_both_sidebars_sidebars_width":0,"ocean_sidebar":"","ocean_second_sidebar":"","ocean_disable_margins":"enable","ocean_add_body_class":"","ocean_shortcode_before_top_bar":"","ocean_shortcode_after_top_bar":"","ocean_shortcode_before_header":"","ocean_shortcode_after_header":"","ocean_has_shortcode":"","ocean_shortcode_after_title":"","ocean_shortcode_before_footer_widgets":"","ocean_shortcode_after_footer_widgets":"","ocean_shortcode_before_footer_bottom":"","ocean_shortcode_after_footer_bottom":"","ocean_display_top_bar":"default","ocean_display_header":"default","ocean_header_style":"","ocean_center_header_left_menu":"","ocean_custom_header_template":"","ocean_custom_logo":0,"ocean_custom_retina_logo":0,"ocean_custom_logo_max_width":0,"ocean_custom_logo_tablet_max_width":0,"ocean_custom_logo_mobile_max_width":0,"ocean_custom_logo_max_height":0,"ocean_custom_logo_tablet_max_height":0,"ocean_custom_logo_mobile_max_height":0,"ocean_header_custom_menu":"","ocean_menu_typo_font_family":"","ocean_menu_typo_font_subset":"","ocean_menu_typo_font_size":0,"ocean_menu_typo_font_size_tablet":0,"ocean_menu_typo_font_size_mobile":0,"ocean_menu_typo_font_size_unit":"px","ocean_menu_typo_font_weight":"","ocean_menu_typo_font_weight_tablet":"","ocean_menu_typo_font_weight_mobile":"","ocean_menu_typo_transform":"","ocean_menu_typo_transform_tablet":"","ocean_menu_typo_transform_mobile":"","ocean_menu_typo_line_height":0,"ocean_menu_typo_line_height_tablet":0,"ocean_menu_typo_line_height_mobile":0,"ocean_menu_typo_line_height_unit":"","ocean_menu_typo_spacing":0,"ocean_menu_typo_spacing_tablet":0,"ocean_menu_typo_spacing_mobile":0,"ocean_menu_typo_spacing_unit":"","ocean_menu_link_color":"","ocean_menu_link_color_hover":"","ocean_menu_link_color_active":"","ocean_menu_link_background":"","ocean_menu_link_hover_background":"","ocean_menu_link_active_background":"","ocean_menu_social_links_bg":"","ocean_menu_social_hover_links_bg":"","ocean_menu_social_links_color":"","ocean_menu_social_hover_links_color":"","ocean_disable_title":"default","ocean_disable_heading":"default","ocean_post_title":"","ocean_post_subheading":"","ocean_post_title_style":"","ocean_post_title_background_color":"","ocean_post_title_background":0,"ocean_post_title_bg_image_position":"","ocean_post_title_bg_image_attachment":"","ocean_post_title_bg_image_repeat":"","ocean_post_title_bg_image_size":"","ocean_post_title_height":0,"ocean_post_title_bg_overlay":0.5,"ocean_post_title_bg_overlay_color":"","ocean_disable_breadcrumbs":"default","ocean_breadcrumbs_color":"","ocean_breadcrumbs_separator_color":"","ocean_breadcrumbs_links_color":"","ocean_breadcrumbs_links_hover_color":"","ocean_display_footer_widgets":"default","ocean_display_footer_bottom":"default","ocean_custom_footer_template":"","ocean_post_oembed":"","ocean_post_self_hosted_media":"","ocean_post_video_embed":"","ocean_link_format":"","ocean_link_format_target":"self","ocean_quote_format":"","ocean_quote_format_link":"post","ocean_gallery_link_images":"on","ocean_gallery_id":[],"footnotes":""},"categories":[2,17],"tags":[715,252],"class_list":["post-738","post","type-post","status-publish","format-standard","hentry","category-politique","category-suisse","tag-renvoi-des-etrangers-criminels","tag-udc","entry"],"aioseo_notices":[],"language":"fr","_links":{"self":[{"href":"https:\/\/www.jcvignoli.com\/blog\/wp-json\/wp\/v2\/posts\/738","targetHints":{"allow":["GET"]}}],"collection":[{"href":"https:\/\/www.jcvignoli.com\/blog\/wp-json\/wp\/v2\/posts"}],"about":[{"href":"https:\/\/www.jcvignoli.com\/blog\/wp-json\/wp\/v2\/types\/post"}],"author":[{"embeddable":true,"href":"https:\/\/www.jcvignoli.com\/blog\/wp-json\/wp\/v2\/users\/1"}],"replies":[{"embeddable":true,"href":"https:\/\/www.jcvignoli.com\/blog\/wp-json\/wp\/v2\/comments?post=738"}],"version-history":[{"count":0,"href":"https:\/\/www.jcvignoli.com\/blog\/wp-json\/wp\/v2\/posts\/738\/revisions"}],"wp:attachment":[{"href":"https:\/\/www.jcvignoli.com\/blog\/wp-json\/wp\/v2\/media?parent=738"}],"wp:term":[{"taxonomy":"category","embeddable":true,"href":"https:\/\/www.jcvignoli.com\/blog\/wp-json\/wp\/v2\/categories?post=738"},{"taxonomy":"post_tag","embeddable":true,"href":"https:\/\/www.jcvignoli.com\/blog\/wp-json\/wp\/v2\/tags?post=738"}],"curies":[{"name":"wp","href":"https:\/\/api.w.org\/{rel}","templated":true}]}}