{"id":729,"date":"2010-09-14T08:33:35","date_gmt":"2010-09-14T06:33:35","guid":{"rendered":"http:\/\/www.ikiru.ch\/blog\/?p=729"},"modified":"2010-10-01T12:09:00","modified_gmt":"2010-10-01T10:09:00","slug":"sarkozy-les-promesses-nengagent-que-ceux-qui-les-croient","status":"publish","type":"post","link":"https:\/\/www.jcvignoli.com\/blog\/2010\/sarkozy-les-promesses-nengagent-que-ceux-qui-les-croient","title":{"rendered":"Sarkozy, les promesses n&rsquo;engagent que ceux qui les croient"},"content":{"rendered":"<p>En ces temps de raz-de-mar\u00e9e d&rsquo;affaires, il y aurait beaucoup \u00e0 \u00e9crire, \u00e0 \u00e9clairer. Des torrents de mots \u00e0 noircir pour se d\u00e9soler de combien la France de Sarkozy est devenue arrogante, corrompue, \u00e9go\u00efste, maladroite : elle se permet par exemple de reprendre une Europe qui s&rsquo;inqui\u00e8te de la politique en mati\u00e8re de Roms de l&rsquo;Hexagone &#8211; et des \u00ab\u00a0objectifs\u00a0\u00bb chiffr\u00e9s d&rsquo;expulsion &#8211; en lui rappelant que \u00ab\u00a0la France est souveraine, et n&rsquo;a pas de le\u00e7on \u00e0 recevoir\u00a0\u00bb. Elle est incapable de r\u00e9former les retraites, mais excelle dans la r\u00e9forme fiscale &#8211; qui oubliera le \u00ab\u00a0bouclier\u00a0\u00bb instaur\u00e9 en pleine crise \u00e9conomique ? Le chef de l&rsquo;Etat, il est vrai, n&rsquo;a aucun scrupule \u00e0 ouvertement profiter des largesses de ses amis fortun\u00e9s, \u00e0 s&rsquo;insulter comme un charretier avec ses administr\u00e9s \u00e0 une foire, \u00e0 user des forces polici\u00e8res pour retrouver le scooter de son fils (hier) et \u00e0 saisir les services secrets pour retrouver la source indiscr\u00e8tes des attaques \u00e0 son ministre Woerth.<\/p>\n<p>La liste est longue, m\u00eame pour une homme qui n&rsquo;a jamais cach\u00e9 son arrivisme, son ambition et sa tra\u00eetrise. Il a \u00e9t\u00e9 \u00e9lu en tout \u00e9tat de cause. Son parcours et ses actions parlaient d&rsquo;elles-m\u00eame.<\/p>\n<p>Il y a trois ans pourtant, le pr\u00e9sident Sarkozy avait surpris. Non seulement par la strat\u00e9gie politique inventive et couronn\u00e9e de succ\u00e8s qu&rsquo;il allait mettre en oeuvre &#8211; il \u00e9jecte du spectre tous ses ennemis, de l&rsquo;extr\u00eame droite \u00e0 la gauche extr\u00eame -, mais aussi par son discours d&rsquo;investiture, au soir des r\u00e9sultats de la pr\u00e9sidentielle. Le 16 mai 2007, voici ce que d\u00e9clarait le nouveau pr\u00e9sident fran\u00e7ais, reproduis ci-apr\u00e8s. Et si les promesses n&rsquo;engagent que ceux qui les croient, force est de constater qu&rsquo;un seul point a \u00e9t\u00e9 respect\u00e9 : d\u00e9fendre l&rsquo;identit\u00e9 fran\u00e7aise.<\/p>\n<p>Chacun jugera si, dans les 15 \u00e0 20 mois (en comptant sa campagne de r\u00e9\u00e9lection) qu&rsquo;il a encore \u00e0 disposition, le pr\u00e9sident peut rectifier le tir. Lisez plut\u00f4t.<br \/>\n<!--more--><\/p>\n<blockquote><p>Mesdames et Messieurs,<\/p>\n<p>En ce jour o\u00f9 je prends officiellement mes fonctions de pr\u00e9sident de la R\u00e9publique fran\u00e7aise, je pense \u00e0 la France, ce vieux pays qui a travers\u00e9 tant d&rsquo;\u00e9preuves et qui s&rsquo;est toujours relev\u00e9, qui a toujours parl\u00e9 pour tous les hommes et que j&rsquo;ai d\u00e9sormais la lourde t\u00e2che de repr\u00e9senter aux yeux du monde.<\/p>\n<p>Je pense \u00e0 tous les pr\u00e9sidents de la Ve R\u00e9publique qui m&rsquo;ont pr\u00e9c\u00e9d\u00e9. Je pense au g\u00e9n\u00e9ral De Gaulle qui sauva deux fois la R\u00e9publique, qui rendit \u00e0 la France sa souverainet\u00e9 et \u00e0 l&rsquo;Etat sa dignit\u00e9 et son autorit\u00e9. Je pense \u00e0 Georges Pompidou et \u00e0 Val\u00e9ry Giscard d&rsquo;Estaing qui, chacun \u00e0 leur mani\u00e8re, firent tant pour que la France entr\u00e2t de plain-pied dans la modernit\u00e9. Je pense \u00e0 Fran\u00e7ois Mitterrand, qui sut pr\u00e9server les institutions et incarner l&rsquo;alternance politique \u00e0 un moment o\u00f9 elle devenait n\u00e9cessaire pour que la R\u00e9publique soit \u00e0 tous les Fran\u00e7ais. Je pense \u00e0 Jacques Chirac, qui pendant douze ans a oeuvr\u00e9 pour la paix et fait rayonner dans le monde les valeurs universelles de la France. Je pense au r\u00f4le qui a \u00e9t\u00e9 le sien pour faire prendre conscience \u00e0 tous les hommes de l&rsquo;imminence du d\u00e9sastre \u00e9cologique et de la responsabilit\u00e9 de chacun d&rsquo;entre eux envers les g\u00e9n\u00e9rations \u00e0 venir.<\/p>\n<p>Mais en cet instant si solennel, ma pens\u00e9e va d&rsquo;abord au peuple fran\u00e7ais qui est un grand peuple, qui a une grande histoire et qui s&rsquo;est lev\u00e9 pour dire sa foi en la d\u00e9mocratie, pour dire qu&rsquo;il ne voulait plus subir. Je pense au peuple fran\u00e7ais qui a toujours su surmonter les \u00e9preuves avec courage et trouver en lui la force de transformer le monde. Je pense, je ne vous le cache pas, avec \u00e9motion \u00e0 cette attente, \u00e0 cette esp\u00e9rance, \u00e0 ce besoin de croire \u00e0 un avenir meilleur qui se sont exprim\u00e9s si fortement durant la campagne qui vient de s&rsquo;achever.<\/p>\n<p>Je pense avec gravit\u00e9 au mandat que le peuple fran\u00e7ais m&rsquo;a confi\u00e9 et \u00e0 cette exigence si forte qu&rsquo;il porte en lui et que je n&rsquo;ai pas le droit de d\u00e9cevoir. Exigence de rassembler les Fran\u00e7ais parce que la France n&rsquo;est forte que lorsqu&rsquo;elle est unie et qu&rsquo;aujourd&rsquo;hui elle a besoin d&rsquo;\u00eatre forte pour relever les d\u00e9fis auxquels elle est confront\u00e9e.<\/p>\n<p>Exigence de respecter la parole donn\u00e9e &#8211; respecter la parole donn\u00e9e &#8211; et de tenir les engagements parce que jamais la confiance n&rsquo;a \u00e9t\u00e9 aussi \u00e9branl\u00e9e, aussi fragile. Exigence morale parce que jamais la crise des valeurs n&rsquo;a \u00e9t\u00e9 aussi profonde, parce que jamais le besoin de retrouver des rep\u00e8res n&rsquo;a \u00e9t\u00e9 aussi fort. Exigence de r\u00e9habiliter les valeurs du travail, de l&rsquo;effort, du m\u00e9rite, du respect, parce que ces valeurs sont le fondement de la dignit\u00e9 de la personne humaine et la condition du progr\u00e8s social. Exigence de tol\u00e9rance et d&rsquo;ouverture parce que jamais l&rsquo;intol\u00e9rance, le racisme, l&rsquo;antis\u00e9mitisme et le sectarisme n&rsquo;ont \u00e9t\u00e9 aussi destructeurs, parce que jamais il n&rsquo;a \u00e9t\u00e9 aussi n\u00e9cessaire que toutes les femmes et tous les hommes de bonne volont\u00e9 mettent en commun leurs talents, leurs intelligences, leurs id\u00e9es pour imaginer l&rsquo;avenir.<\/p>\n<p>Exigence de changement parce que jamais l&rsquo;immobilisme n&rsquo;a \u00e9t\u00e9 aussi dangereux pour la France que dans ce monde en pleine mutation o\u00f9 chacun s&rsquo;efforce de changer plus vite que les autres, o\u00f9 tout retard peut \u00eatre fatal et devient vite irrattrapable. Exigence de s\u00e9curit\u00e9 et de protection parce qu&rsquo;il n&rsquo;a jamais \u00e9t\u00e9 aussi n\u00e9cessaire de lutter contre la peur de l&rsquo;avenir et contre ce sentiment de vuln\u00e9rabilit\u00e9 qui d\u00e9couragent l&rsquo;initiative et la prise de risque alors que la France a tant besoin qu&rsquo;on assume les risques et que l&rsquo;on prenne des initiatives. Exigence d&rsquo;ordre et d&rsquo;autorit\u00e9 parce nous avons trop c\u00e9d\u00e9 au d\u00e9sordre et \u00e0 la violence, qui sont d&rsquo;abord pr\u00e9judiciables aux plus vuln\u00e9rables et aux plus humbles. Exigence de r\u00e9sultat parce que les Fran\u00e7ais en ont assez que dans leur vie quotidienne rien ne s&rsquo;am\u00e9liore jamais, parce que les Fran\u00e7ais en ont assez que leur vie soit toujours plus lourde, toujours plus dure, parce que les Fran\u00e7ais en ont assez des sacrifices qu&rsquo;on leur imposait sans aucun r\u00e9sultat. L&rsquo;exigence de r\u00e9sultat est un devoir pour moi.<\/p>\n<p>Exigence de justice parce que depuis bien longtemps autant de Fran\u00e7ais n&rsquo;ont pas \u00e9prouv\u00e9 un sentiment aussi fort d&rsquo;injustice, ni le sentiment que les sacrifices n&rsquo;\u00e9taient pas \u00e9quitablement r\u00e9partis, ni que les droits n&rsquo;\u00e9taient pas \u00e9gaux pour tous. Exigence de rompre enfin avec les comportements du pass\u00e9, les habitudes de pens\u00e9e et le conformisme intellectuel qui a fait tant de mal \u00e0 notre d\u00e9mocratie parce que jamais les probl\u00e8mes \u00e0 r\u00e9soudre n&rsquo;ont \u00e9t\u00e9 aussi in\u00e9dits. Il nous faut inventer de nouvelles solutions.<\/p>\n<p>Le peuple m&rsquo;a confi\u00e9 un mandat. Je le remplirai. Je le remplirai scrupuleusement, avec la volont\u00e9 d&rsquo;\u00eatre digne de la confiance que m&rsquo;ont manifest\u00e9 les Fran\u00e7ais. Je d\u00e9fendrai l&rsquo;ind\u00e9pendance et l&rsquo;identit\u00e9 de la France parce que la France a une identit\u00e9. Je veillerai au respect de l&rsquo;autorit\u00e9 de l&rsquo;Etat et \u00e0 son impartialit\u00e9. Je m&rsquo;efforcerai de construire une R\u00e9publique fond\u00e9e sur des droits r\u00e9els et une d\u00e9mocratie irr\u00e9prochable. Je vais me battre pour une Europe qui prot\u00e8ge, parce que c&rsquo;est le sens de l&rsquo;id\u00e9al europ\u00e9enne, pour l&rsquo;union de la M\u00e9diterran\u00e9e et pour le d\u00e9veloppement de l&rsquo;Afrique, parce que le destin de l&rsquo;Europe et l&rsquo;Afrique incontestablement sont li\u00e9s. Je ferai de la d\u00e9fense des droits de l&rsquo;homme et de la lutte contre le r\u00e9chauffement climatique les priorit\u00e9s de l&rsquo;action diplomatique de la France dans le monde.<\/p>\n<p>La t\u00e2che sera difficile et elle devra s&rsquo;inscrire dans la dur\u00e9e. Chacun d&rsquo;entre vous \u00e0 la place qui est la sienne dans l&rsquo;Etat et chaque citoyen \u00e0 celle qui est la sienne dans la soci\u00e9t\u00e9 ont vocation \u00e0 y contribuer. Je veux dire ma conviction qu&rsquo;au service de la France il n&rsquo;y a pas de camp. Il n&rsquo;y a que les bonnes volont\u00e9s de ceux qui aiment leur pays. Il n&rsquo;y a que les comp\u00e9tences, les id\u00e9es et les convictions de ceux qui sont anim\u00e9s par la passion, la passion de l&rsquo;int\u00e9r\u00eat g\u00e9n\u00e9ral<\/p>\n<p>A tous ceux qui veulent servir leur pays, je dis du fond de mon coeur que je suis pr\u00eat \u00e0 travailler avec eux et que je ne leur demanderai pas de renier leurs convictions, de trahir leurs amiti\u00e9s et d&rsquo;oublier leur histoire. A eux de d\u00e9cider, en leur \u00e2me et conscience d&rsquo;hommes libres, comment ils veulent servir la France.<\/p>\n<p>Pour le moi, le service de la France c&rsquo;est un devoir. Le 6 mai il n&rsquo;y a eu qu&rsquo;une seule victoire, celle de la France qui ne veut pas mourir, qui veut l&rsquo;ordre mais qui veut aussi le mouvement, qui veut le progr\u00e8s mais qui veut la fraternit\u00e9, qui veut l&rsquo;efficacit\u00e9 mais qui veut la justice, qui veut l&rsquo;identit\u00e9 mais qui veut l&rsquo;ouverture. Le 6 mai il n&rsquo;y a eu qu&rsquo;un seul vainqueur, le peuple fran\u00e7ais, qui est grand parce qu&rsquo;il ne veut pas renoncer, qui ne veut pas se laisser enfermer dans l&rsquo;immobilisme et dans le conservatisme, qui ne veut plus que l&rsquo;on d\u00e9cide \u00e0 sa place, que l&rsquo;on pense \u00e0 sa place.<\/p>\n<p>Eh bien, \u00e0 cette France qui veut continuer \u00e0 vivre, \u00e0 ce peuple qui ne veut pas renoncer, qui m\u00e9ritent notre amour et notre respect, je veux dire ma d\u00e9termination totale \u00e0 ne jamais les d\u00e9cevoir.<\/p>\n<p>Vive la R\u00e9publique ! Vive la France !<\/p><\/blockquote>\n<div class=\"pld-like-dislike-wrap pld-template-1\">\r\n    <div class=\"pld-like-wrap  pld-common-wrap\">\r\n    <a href=\"javascript:void(0)\" class=\"pld-like-trigger pld-like-dislike-trigger  \" title=\"Super article!\" data-post-id=\"729\" data-trigger-type=\"like\" data-restriction=\"cookie\" data-already-liked=\"0\">\r\n                        <i class=\"fas fa-thumbs-up\"><\/i>\r\n                <\/a>\r\n    <span class=\"pld-like-count-wrap pld-count-wrap\">0    <\/span>\r\n<\/div><div class=\"pld-dislike-wrap  pld-common-wrap\">\r\n    <a href=\"javascript:void(0)\" class=\"pld-dislike-trigger pld-like-dislike-trigger  \" title=\"Pas terrible...\" data-post-id=\"729\" data-trigger-type=\"dislike\" data-restriction=\"cookie\" data-already-liked=\"0\">\r\n                        <i class=\"fas fa-thumbs-down\"><\/i>\r\n                <\/a>\r\n    <span class=\"pld-dislike-count-wrap pld-count-wrap\">0<\/span>\r\n<\/div><\/div>","protected":false},"excerpt":{"rendered":"<p>En ces temps de raz-de-mar\u00e9e d&rsquo;affaires, il y aurait beaucoup \u00e0 \u00e9crire, \u00e0 \u00e9clairer. Des torrents de mots \u00e0 noircir pour se d\u00e9soler de combien la France de Sarkozy est devenue arrogante, corrompue, \u00e9go\u00efste, maladroite : elle se permet par exemple de reprendre une Europe qui s&rsquo;inqui\u00e8te de la politique en mati\u00e8re de Roms de [&hellip;]<\/p>\n","protected":false},"author":1,"featured_media":0,"comment_status":"open","ping_status":"open","sticky":false,"template":"","format":"standard","meta":{"ocean_post_layout":"","ocean_both_sidebars_style":"","ocean_both_sidebars_content_width":0,"ocean_both_sidebars_sidebars_width":0,"ocean_sidebar":"","ocean_second_sidebar":"","ocean_disable_margins":"enable","ocean_add_body_class":"","ocean_shortcode_before_top_bar":"","ocean_shortcode_after_top_bar":"","ocean_shortcode_before_header":"","ocean_shortcode_after_header":"","ocean_has_shortcode":"","ocean_shortcode_after_title":"","ocean_shortcode_before_footer_widgets":"","ocean_shortcode_after_footer_widgets":"","ocean_shortcode_before_footer_bottom":"","ocean_shortcode_after_footer_bottom":"","ocean_display_top_bar":"default","ocean_display_header":"default","ocean_header_style":"","ocean_center_header_left_menu":"","ocean_custom_header_template":"","ocean_custom_logo":0,"ocean_custom_retina_logo":0,"ocean_custom_logo_max_width":0,"ocean_custom_logo_tablet_max_width":0,"ocean_custom_logo_mobile_max_width":0,"ocean_custom_logo_max_height":0,"ocean_custom_logo_tablet_max_height":0,"ocean_custom_logo_mobile_max_height":0,"ocean_header_custom_menu":"","ocean_menu_typo_font_family":"","ocean_menu_typo_font_subset":"","ocean_menu_typo_font_size":0,"ocean_menu_typo_font_size_tablet":0,"ocean_menu_typo_font_size_mobile":0,"ocean_menu_typo_font_size_unit":"px","ocean_menu_typo_font_weight":"","ocean_menu_typo_font_weight_tablet":"","ocean_menu_typo_font_weight_mobile":"","ocean_menu_typo_transform":"","ocean_menu_typo_transform_tablet":"","ocean_menu_typo_transform_mobile":"","ocean_menu_typo_line_height":0,"ocean_menu_typo_line_height_tablet":0,"ocean_menu_typo_line_height_mobile":0,"ocean_menu_typo_line_height_unit":"","ocean_menu_typo_spacing":0,"ocean_menu_typo_spacing_tablet":0,"ocean_menu_typo_spacing_mobile":0,"ocean_menu_typo_spacing_unit":"","ocean_menu_link_color":"","ocean_menu_link_color_hover":"","ocean_menu_link_color_active":"","ocean_menu_link_background":"","ocean_menu_link_hover_background":"","ocean_menu_link_active_background":"","ocean_menu_social_links_bg":"","ocean_menu_social_hover_links_bg":"","ocean_menu_social_links_color":"","ocean_menu_social_hover_links_color":"","ocean_disable_title":"default","ocean_disable_heading":"default","ocean_post_title":"","ocean_post_subheading":"","ocean_post_title_style":"","ocean_post_title_background_color":"","ocean_post_title_background":0,"ocean_post_title_bg_image_position":"","ocean_post_title_bg_image_attachment":"","ocean_post_title_bg_image_repeat":"","ocean_post_title_bg_image_size":"","ocean_post_title_height":0,"ocean_post_title_bg_overlay":0.5,"ocean_post_title_bg_overlay_color":"","ocean_disable_breadcrumbs":"default","ocean_breadcrumbs_color":"","ocean_breadcrumbs_separator_color":"","ocean_breadcrumbs_links_color":"","ocean_breadcrumbs_links_hover_color":"","ocean_display_footer_widgets":"default","ocean_display_footer_bottom":"default","ocean_custom_footer_template":"","ocean_post_oembed":"","ocean_post_self_hosted_media":"","ocean_post_video_embed":"","ocean_link_format":"","ocean_link_format_target":"self","ocean_quote_format":"","ocean_quote_format_link":"post","ocean_gallery_link_images":"on","ocean_gallery_id":[],"footnotes":""},"categories":[506,2],"tags":[395,163,710,393],"class_list":["post-729","post","type-post","status-publish","format-standard","hentry","category-droits-humains","category-politique","tag-elections-presidentielles","tag-france","tag-mensonge","tag-sarkozy","entry"],"aioseo_notices":[],"language":"fr","_links":{"self":[{"href":"https:\/\/www.jcvignoli.com\/blog\/wp-json\/wp\/v2\/posts\/729","targetHints":{"allow":["GET"]}}],"collection":[{"href":"https:\/\/www.jcvignoli.com\/blog\/wp-json\/wp\/v2\/posts"}],"about":[{"href":"https:\/\/www.jcvignoli.com\/blog\/wp-json\/wp\/v2\/types\/post"}],"author":[{"embeddable":true,"href":"https:\/\/www.jcvignoli.com\/blog\/wp-json\/wp\/v2\/users\/1"}],"replies":[{"embeddable":true,"href":"https:\/\/www.jcvignoli.com\/blog\/wp-json\/wp\/v2\/comments?post=729"}],"version-history":[{"count":0,"href":"https:\/\/www.jcvignoli.com\/blog\/wp-json\/wp\/v2\/posts\/729\/revisions"}],"wp:attachment":[{"href":"https:\/\/www.jcvignoli.com\/blog\/wp-json\/wp\/v2\/media?parent=729"}],"wp:term":[{"taxonomy":"category","embeddable":true,"href":"https:\/\/www.jcvignoli.com\/blog\/wp-json\/wp\/v2\/categories?post=729"},{"taxonomy":"post_tag","embeddable":true,"href":"https:\/\/www.jcvignoli.com\/blog\/wp-json\/wp\/v2\/tags?post=729"}],"curies":[{"name":"wp","href":"https:\/\/api.w.org\/{rel}","templated":true}]}}