{"id":707,"date":"2010-02-19T12:51:21","date_gmt":"2010-02-19T11:51:21","guid":{"rendered":"http:\/\/www.ikiru.ch\/blog\/?p=707"},"modified":"2020-02-04T16:44:43","modified_gmt":"2020-02-04T21:44:43","slug":"lanti-sionisme-lorsque-lennemi-cest-soi-meme","status":"publish","type":"post","link":"https:\/\/www.jcvignoli.com\/blog\/2010\/lanti-sionisme-lorsque-lennemi-cest-soi-meme","title":{"rendered":"L&rsquo;anti-sionisme : lorsque l&rsquo;ennemi, c&rsquo;est soi-m\u00eame"},"content":{"rendered":"<p>Quel bonheur que de pouvoir rencontrer des juifs des 4 coins de la plan\u00e8te, \u00e0 l&rsquo;origine de divers mouvements anti-sionistes. Des juifs qui ne d\u00e9fendent pas la politique d&rsquo;Isra\u00ebl, dans des fonctions de pouvoir, c&rsquo;est peu courant. Voil\u00e0 de quoi d\u00e9battre, d\u00e9passer les clich\u00e9s, aller au fond des choses. Refuser l&rsquo;instrumentalisation de la Shoah telle que pratiqu\u00e9e par le gouvernement isra\u00e9lien, qui en use et abuse, et se l&rsquo;entendre dire par un survivant des camps de la mort. Il y a pire, comme programme, que celui offert en ce jeudi : \u00ab\u00a0<strong>G\u00e9nocide, m\u00e9moire de g\u00e9nocide et racisme aujourd&rsquo;hui<\/strong>\u00ab\u00a0, avec pour intervenants : Dr. Claire Auzias, docteur en histoire contemporaine; Karl Gr\u00fcnberg, secr\u00e9taire g\u00e9n\u00e9ral d&rsquo;ACOR SOS Racisme; le Dr. Haidar Eid r\u00e9fugi\u00e9 palestinien, membre du comit\u00e9 directeur de la Campagne Palestinienne pour le Boycott Acad\u00e9mique et Culturel d&rsquo;Isra\u00ebl (PACBI); le Dr. Hajo Meyer, qui en 1944, apr\u00e8s une ann\u00e9e dans la r\u00e9sistance contre les Nazis, fut arr\u00eat\u00e9 et passa dix mois dans le camp d&rsquo;Auschwitz; ce dernier repr\u00e9sentait notamment le <a href=\"https:\/\/web.archive.org\/web\/20100618055800\/http:\/\/www.ijsn.net:80\/neveragain\">R\u00e9seau international juif anti-sionisiste<\/a>. Des intellectuels et des personnes engag\u00e9es, qui connaissent la r\u00e9alit\u00e9 du terrain.<\/p>\n<p>Et pourtant. Quelle ne f\u00fbt pas ma surprise d&rsquo;\u00eatre pris pour un juif, en raison de mon refus de la doxa d\u00e9cr\u00e9t\u00e9e du soir &#8211; Isra\u00ebl reproduit \u00e0 son tour ce que le IIIe Reich fit subir aux juifs &#8211; tirer \u00e0 vue sur l&rsquo;Etat d&rsquo;Isra\u00ebl. Isra\u00ebl, c&rsquo;est le mal sioniste. Le sionisme serait l&rsquo;oppos\u00e9 du juda\u00efsme, ce dernier pr\u00f4nant des valeurs d&rsquo;humanisme, d&rsquo;universalisme et tant de bonnes choses. Le sionisme, tout au contraire, fait l&rsquo;apologie de la haine, du nationalisme, du colonialisme. Toute une foule convaincue de la justesse de cette th\u00e8se opine du chef 2 heures durant, acquise \u00e0 l&rsquo;id\u00e9e que Isra\u00ebl n&rsquo;est rien d&rsquo;autre que le prolongement historique du r\u00e9gime nazi. Que la politique actuelle ressemble \u00e0 s&rsquo;y m\u00e9prendre \u00e0 l&rsquo;Allemagne des ann\u00e9es 30. La foule est aux anges, atteint le paroxysme de son plaisir, on la brosse dans le sens qu&rsquo;elle aime. Sans retenue.<\/p>\n<p>C&rsquo;est donc bien naturellement qu&rsquo;il fallait remettre la synagogue au milieu du kibboutz. Inconscient du danger, je m&rsquo;en suis m\u00eame pris sans \u00e9tat d&rsquo;\u00e2me au survivant, un vrai, un pur, qui n&rsquo;est jamais sorti prim\u00e9 d&rsquo;une \u00e9mission de t\u00e9l\u00e9-r\u00e9alit\u00e9 mais d&rsquo;Auschwitz. Est-ce qu&rsquo;avoir \u00e9t\u00e9 \u00e0 Auschwitz donne une sup\u00e9riorit\u00e9 morale ? Certes non. Est-ce que le fait d&rsquo;\u00eatre un goy m&rsquo;interdit de m&rsquo;interroger sur la l\u00e9gitimit\u00e9 de l&rsquo;anti-sionisme ? Encore moins. Et pourtant, la foule est refroidie, les intervenants offusqu\u00e9s, mon intervention m&rsquo;a valu une s\u00e8che r\u00e9primande : ce n&rsquo;\u00e9tait pas le lieu pour r\u00e9fl\u00e9chir, mais celui pour acquiescer.<br \/>\n<!--more--><br \/>\nCar il me semble que si l&rsquo;on souhaite s&rsquo;en prendre \u00e0 l&rsquo;instrumentalisation naus\u00e9abonde de la Shoah, telle que pratiqu\u00e9e par Isra\u00ebl lui-m\u00eame, cela a pour corolaire imp\u00e9ratif le refus de tout lien simpliste entre la Shoah et les exactions ill\u00e9gales de l&rsquo;Etat h\u00e9breux. La Deuxi\u00e8me Guerre Mondiale avait son propre contexte, et devoir expliquer cela \u00e0 un juif, intellectuel, et rescap\u00e9 d&rsquo;Auschwitz est, avec le recul, \u00e9touffant.<\/p>\n<p>Personne n&rsquo;a vraiment compris la raison de mon intervention. La foule \u00e9tait venue pour voir couler le sang du sioniste, qu&rsquo;il soit juif ou non. J&rsquo;ai un peu g\u00e2ch\u00e9 le plaisir, retir\u00e9 un pan du voile qui cachait l&rsquo;objet de la source du plaisir. R\u00e9sultat, j&rsquo;ai \u00e9t\u00e9 pris pour un juif \u00e0 la solde d&rsquo;Isra\u00ebl par un survivant d&rsquo;Auschwitz, et \u00e9galement par un ancien r\u00e9sistant fran\u00e7ais. Je respecte leur douleur pass\u00e9e, je respecte leur engagement pr\u00e9sent et la cause qu&rsquo;ils d\u00e9fendent. Mais je hais leurs moyens : ils refusent toute interrogation \u00e0 contre-courant, toute nouveaut\u00e9 dans leur univers manich\u00e9en peupl\u00e9 de bons et de m\u00e9chants. J&rsquo;ai \u00e9t\u00e9 cat\u00e9goris\u00e9, rang\u00e9 dans le tiroir de ces derniers : ils m&rsquo;ont alors refus\u00e9 le respect. Au final, leurs moyens, finances mises \u00e0 part, ne puisent-ils pas aux m\u00eames sources de peur et de facilit\u00e9 que leurs ennemis ? La haine d&rsquo;Isra\u00ebl est profonde dans l&rsquo;opinion publique europ\u00e9enne; n&rsquo;y a-t-il pas l\u00e0 un questionnement \u00e0 avoir, peut-on sereinement accepter l&rsquo;anti-s\u00e9mitisme latent en Europe, qui s&rsquo;exprime de mani\u00e8re tellement d\u00e9brid\u00e9e depuis une vingtaine d&rsquo;ann\u00e9e ? Les d\u00e9mons europ\u00e9ens sont toujours pr\u00e9sents, et si de l&rsquo;histoire europ\u00e9enne on doit tirer un enseignement, c&rsquo;est que jouer avec le feu br\u00fble toujours. Afficher son soutient au peuple palestinien, qui y trouverait quelque chose \u00e0 redire ? Mais est-ce que pour cela doit-on accepter la r\u00e9\u00e9criture de la Shoah, et mener un combat avec les m\u00eames armes que ses ennemis, usant des m\u00eames symboles surann\u00e9s ?<\/p>\n<p>La libert\u00e9, ce n&rsquo;est pas seulement celle de se mouvoir. C&rsquo;est aussi celle d&rsquo;\u00eatre libre de dogme, libre de besoin de cat\u00e9goriser\/simplifier l&rsquo;autre, libre de devoir ridiculiser un contradicteur parce que celui-ci n&rsquo;est pas de votre avis. L&rsquo;intol\u00e9rance n&rsquo;est pas fruit d&rsquo;un manque d&rsquo;\u00e9ducation ou de la pauvret\u00e9 : elle s&rsquo;exprime parce que les individus ne sont pas libres. Ils n&rsquo;ont pas appris \u00e0 aimer ce qu&rsquo;ils sont, et \u00e0 accepter les id\u00e9es librement expos\u00e9es par autrui. La tol\u00e9rance ainsi ne surgit pas ex nihilo, elle d\u00e9coule naturellement de la libert\u00e9 de penser. C&rsquo;est le manque de libert\u00e9 de pens\u00e9e qui am\u00e8ne l&rsquo;autoritarisme, et pas l&rsquo;inverse; c&rsquo;est le peuple, \u00e0 tendance libertophobe, qui appelle de ses voeux les liberticides. Comment expliquer \u00e0 un survivant d&rsquo;Auschwitz qu&rsquo;il est toujours dans une prison mentale ? Peine perdue, la foule ne fit qu&rsquo;une bouch\u00e9e de mon appel \u00e0 l&rsquo;air. Condamn\u00e9 d\u00e8s ses premiers mots qui n&rsquo;\u00e9taient pas une congratulation toute convenue, le tra\u00eetre juif \u00e0 la solde d&rsquo;Isra\u00ebl s&rsquo;enfuit, r\u00eavant \u00e0 des \u00ab\u00a0d\u00e9bats\u00a0\u00bb plus apais\u00e9s.<\/p>\n<div class=\"pld-like-dislike-wrap pld-template-1\">\r\n    <div class=\"pld-like-wrap  pld-common-wrap\">\r\n    <a href=\"javascript:void(0)\" class=\"pld-like-trigger pld-like-dislike-trigger  \" title=\"Super article!\" data-post-id=\"707\" data-trigger-type=\"like\" data-restriction=\"cookie\" data-already-liked=\"0\">\r\n                        <i class=\"fas fa-thumbs-up\"><\/i>\r\n                <\/a>\r\n    <span class=\"pld-like-count-wrap pld-count-wrap\">1    <\/span>\r\n<\/div><div class=\"pld-dislike-wrap  pld-common-wrap\">\r\n    <a href=\"javascript:void(0)\" class=\"pld-dislike-trigger pld-like-dislike-trigger  \" title=\"Pas terrible...\" data-post-id=\"707\" data-trigger-type=\"dislike\" data-restriction=\"cookie\" data-already-liked=\"0\">\r\n                        <i class=\"fas fa-thumbs-down\"><\/i>\r\n                <\/a>\r\n    <span class=\"pld-dislike-count-wrap pld-count-wrap\">0<\/span>\r\n<\/div><\/div>","protected":false},"excerpt":{"rendered":"<p>Quel bonheur que de pouvoir rencontrer des juifs des 4 coins de la plan\u00e8te, \u00e0 l&rsquo;origine de divers mouvements anti-sionistes. Des juifs qui ne d\u00e9fendent pas la politique d&rsquo;Isra\u00ebl, dans des fonctions de pouvoir, c&rsquo;est peu courant. Voil\u00e0 de quoi d\u00e9battre, d\u00e9passer les clich\u00e9s, aller au fond des choses. Refuser l&rsquo;instrumentalisation de la Shoah telle [&hellip;]<\/p>\n","protected":false},"author":1,"featured_media":0,"comment_status":"open","ping_status":"open","sticky":false,"template":"","format":"standard","meta":{"ocean_post_layout":"","ocean_both_sidebars_style":"","ocean_both_sidebars_content_width":0,"ocean_both_sidebars_sidebars_width":0,"ocean_sidebar":"","ocean_second_sidebar":"","ocean_disable_margins":"enable","ocean_add_body_class":"","ocean_shortcode_before_top_bar":"","ocean_shortcode_after_top_bar":"","ocean_shortcode_before_header":"","ocean_shortcode_after_header":"","ocean_has_shortcode":"","ocean_shortcode_after_title":"","ocean_shortcode_before_footer_widgets":"","ocean_shortcode_after_footer_widgets":"","ocean_shortcode_before_footer_bottom":"","ocean_shortcode_after_footer_bottom":"","ocean_display_top_bar":"default","ocean_display_header":"default","ocean_header_style":"","ocean_center_header_left_menu":"","ocean_custom_header_template":"","ocean_custom_logo":0,"ocean_custom_retina_logo":0,"ocean_custom_logo_max_width":0,"ocean_custom_logo_tablet_max_width":0,"ocean_custom_logo_mobile_max_width":0,"ocean_custom_logo_max_height":0,"ocean_custom_logo_tablet_max_height":0,"ocean_custom_logo_mobile_max_height":0,"ocean_header_custom_menu":"","ocean_menu_typo_font_family":"","ocean_menu_typo_font_subset":"","ocean_menu_typo_font_size":0,"ocean_menu_typo_font_size_tablet":0,"ocean_menu_typo_font_size_mobile":0,"ocean_menu_typo_font_size_unit":"px","ocean_menu_typo_font_weight":"","ocean_menu_typo_font_weight_tablet":"","ocean_menu_typo_font_weight_mobile":"","ocean_menu_typo_transform":"","ocean_menu_typo_transform_tablet":"","ocean_menu_typo_transform_mobile":"","ocean_menu_typo_line_height":0,"ocean_menu_typo_line_height_tablet":0,"ocean_menu_typo_line_height_mobile":0,"ocean_menu_typo_line_height_unit":"","ocean_menu_typo_spacing":0,"ocean_menu_typo_spacing_tablet":0,"ocean_menu_typo_spacing_mobile":0,"ocean_menu_typo_spacing_unit":"","ocean_menu_link_color":"","ocean_menu_link_color_hover":"","ocean_menu_link_color_active":"","ocean_menu_link_background":"","ocean_menu_link_hover_background":"","ocean_menu_link_active_background":"","ocean_menu_social_links_bg":"","ocean_menu_social_hover_links_bg":"","ocean_menu_social_links_color":"","ocean_menu_social_hover_links_color":"","ocean_disable_title":"default","ocean_disable_heading":"default","ocean_post_title":"","ocean_post_subheading":"","ocean_post_title_style":"","ocean_post_title_background_color":"","ocean_post_title_background":0,"ocean_post_title_bg_image_position":"","ocean_post_title_bg_image_attachment":"","ocean_post_title_bg_image_repeat":"","ocean_post_title_bg_image_size":"","ocean_post_title_height":0,"ocean_post_title_bg_overlay":0.5,"ocean_post_title_bg_overlay_color":"","ocean_disable_breadcrumbs":"default","ocean_breadcrumbs_color":"","ocean_breadcrumbs_separator_color":"","ocean_breadcrumbs_links_color":"","ocean_breadcrumbs_links_hover_color":"","ocean_display_footer_widgets":"default","ocean_display_footer_bottom":"default","ocean_custom_footer_template":"","ocean_post_oembed":"","ocean_post_self_hosted_media":"","ocean_post_video_embed":"","ocean_link_format":"","ocean_link_format_target":"self","ocean_quote_format":"","ocean_quote_format_link":"post","ocean_gallery_link_images":"on","ocean_gallery_id":[],"footnotes":""},"categories":[1],"tags":[1629,216,653,172,139,1461,617,657],"class_list":["post-707","post","type-post","status-publish","format-standard","hentry","category-miscellaneous","tag-antisionisme","tag-israel","tag-judaisme","tag-juif","tag-liberte","tag-nazi","tag-peur","tag-shoah","entry"],"aioseo_notices":[],"language":"fr","_links":{"self":[{"href":"https:\/\/www.jcvignoli.com\/blog\/wp-json\/wp\/v2\/posts\/707","targetHints":{"allow":["GET"]}}],"collection":[{"href":"https:\/\/www.jcvignoli.com\/blog\/wp-json\/wp\/v2\/posts"}],"about":[{"href":"https:\/\/www.jcvignoli.com\/blog\/wp-json\/wp\/v2\/types\/post"}],"author":[{"embeddable":true,"href":"https:\/\/www.jcvignoli.com\/blog\/wp-json\/wp\/v2\/users\/1"}],"replies":[{"embeddable":true,"href":"https:\/\/www.jcvignoli.com\/blog\/wp-json\/wp\/v2\/comments?post=707"}],"version-history":[{"count":0,"href":"https:\/\/www.jcvignoli.com\/blog\/wp-json\/wp\/v2\/posts\/707\/revisions"}],"wp:attachment":[{"href":"https:\/\/www.jcvignoli.com\/blog\/wp-json\/wp\/v2\/media?parent=707"}],"wp:term":[{"taxonomy":"category","embeddable":true,"href":"https:\/\/www.jcvignoli.com\/blog\/wp-json\/wp\/v2\/categories?post=707"},{"taxonomy":"post_tag","embeddable":true,"href":"https:\/\/www.jcvignoli.com\/blog\/wp-json\/wp\/v2\/tags?post=707"}],"curies":[{"name":"wp","href":"https:\/\/api.w.org\/{rel}","templated":true}]}}