{"id":682,"date":"2008-10-15T15:50:29","date_gmt":"2008-10-15T13:50:29","guid":{"rendered":"http:\/\/www.ikiru.ch\/blog\/?p=682"},"modified":"2019-12-17T20:12:03","modified_gmt":"2019-12-18T01:12:03","slug":"milan-kundera-ses-accusations-et-son-oeuvre","status":"publish","type":"post","link":"https:\/\/www.jcvignoli.com\/blog\/2008\/milan-kundera-ses-accusations-et-son-oeuvre","title":{"rendered":"Milan Kundera, ses accusations et son oeuvre"},"content":{"rendered":"<p>Ceux qui me connaissent savent \u00e0 quel point Milan Kundera est un romancier que je respecte. Devant le torrent de critiques auquel je dois faire face, il me semblait justifier de clarifier ma position \u00e0 son \u00e9gard. C&rsquo;est que les <a href=\"https:\/\/www.lemonde.fr\/europe\/article\/2008\/10\/14\/milan-kundera-est-accuse-d-avoir-denonce-en-1950-un-agent-a-prague_1106664_3214.html\">attaques<\/a> se multiplient depuis lundi.<\/p>\n<p>Car je suis partag\u00e9 entre deux sentiments contradictoires : la d\u00e9fense irraisonn\u00e9 et d\u00e9raisonnable d&rsquo;un intellectuel, un mentor que je j&rsquo;admire, et le simple j&rsquo;m&rsquo;en-foutisme.<\/p>\n<p>Je voudrais bien le d\u00e9fendre, simplement parce qu&rsquo;il m&rsquo;a fait beaucoup \u00e9voluer, mais en v\u00e9rit\u00e9, je ne sais pas de quoi il en retourne. En effet, quelle foi accorder \u00e0 des archives de la police secr\u00e8te tch\u00e8que ? Pourquoi ne l&rsquo;a-t-on pas sali, alors qu&rsquo;une telle attaque aurait trouv\u00e9 parfaitement sa place dans le contexte de la guerre froide, lorsque l&rsquo;Ouest brandissait ce type d&rsquo;intellectuel en h\u00e9raut de la d\u00e9mocratie pour d\u00e9noncer la barbarie du r\u00e9gime communiste ? A la suspicion, je r\u00e9ponds par la suspicion.<br \/>\nPar ailleurs, je m&rsquo;interroge sur le traitement de cette information : en raison de la stature de Kundera, il devrait \u00eatre coupable jusqu&rsquo;\u00e0 preuve du contraire, n&rsquo;importe quelle accusation devrait \u00eatre accept\u00e9e ? Il a le droit, en cas de proc\u00e8s, de se d\u00e9fendre. A demander que des preuves tangibles soient produites, autres que des noms et des dates sur un papier \u00e9manant des services de police d&rsquo;un pays qui cultivaient le mensonge et la trahison \u00e0 son plus haut niveau. Si demain, je d\u00e9clare poss\u00e9der des documents prouvant l&rsquo;implication de, au hasard, Jacques Attali dans une, au hasard toujours, vente d&rsquo;armes en Afrique, il me fera un proc\u00e8s en diffamation. Et je serai somm\u00e9 de prouver sa culpabilit\u00e9, le fardeau de la preuve m&rsquo;incombant. C&rsquo;est ainsi que notre syst\u00e8me fonctionne, et c&rsquo;est tant mieux. Sous pr\u00e9texte qu&rsquo;il s&rsquo;agit de Milan Kundera, il serait justifi\u00e9 de lui appliquer un traitement digne d&rsquo;un \u00e9poque qu&rsquo;il n&rsquo;a cess\u00e9 de d\u00e9noncer \u00e0 travers ses \u00e9crits ? Tr\u00e8s peu pour moi.<br \/>\n<!--more--><br \/>\nMais d&rsquo;autre part, il faut avouer que je me fous royalement de ses erreurs, si erreur il y a. Kundera est un romancier et un philosophe; \u00e0 ce titre, au titre d&rsquo;artiste, ce qu&rsquo;il construit n&rsquo;est pas d\u00e9pendant de sa personne. Son \u00eatre et son v\u00e9cu teintent \u00e9videmment ses oeuvres; mais quels que soient ses crimes, peuvent-ils remettre en question la qualit\u00e9 de ses livres et la solidit\u00e9 des arguments d\u00e9velopp\u00e9s dans ceux-ci ? Assur\u00e9ment pas, sa production litt\u00e9raire ne lui appartient pas plus que les romans de C\u00e9line ou de G\u00c3\u00bcnter Grass et la philosophie d&rsquo;Heideiger n&rsquo;appartiennent \u00e0 leurs auteurs. Il s&rsquo;agit de s\u00e9parer l&rsquo;oeuvre de l&rsquo;artiste; personne ne se pr\u00e9occupe de savoir si les statues trouv\u00e9es en Gr\u00e8ce, les monuments de M\u00e9sopotamie antique ou les pyramides incas ont \u00e9t\u00e9 le fait d&rsquo;individus respectables. Les oeuvres sont, s&rsquo;imposent, et nous parlent, en dehors de tout lien avec leurs concepteurs. On se fout de savoir qui les a r\u00e9alis\u00e9es, on admire par contre l&rsquo;effet qu&rsquo;elles produisent en nous. Une oeuvre d&rsquo;art n&rsquo;est pas responsable des mains qui l&rsquo;ont fa\u00e7onn\u00e9es. Le contexte peut cependant \u00e9clairer sur sa conception, sa difficult\u00e9 \u00e0 sortir du n\u00e9ant, et ainsi augmenter le plaisir qu&rsquo;elle peut procurer. Le journal d&rsquo;Anne Frank prend de la grandeur, \u00e0 l&rsquo;aune des conditions propres \u00e0 sa r\u00e9daction; mais le contexte su, le verbe utilis\u00e9 par une adolescente se trouve-t-il grandit ? Certes pas, cela reste une litt\u00e9rature secondaire, bien que sur le plan historique ce t\u00e9moignage soit fondamental. En somme, la philosophie de Kundera n&rsquo;est pas tributaire d&rsquo;une \u00e9ventuelle incartade; elle est plus haute que les vicissitudes humaines, raison pour laquelle elle nous \u00e9l\u00e8ve.<\/p>\n<p>Pire encore, dans mon approche, un tel crime (suppos\u00e9) rend l&rsquo;homme plus int\u00e9ressant encore. Voil\u00e0 un individu qui a commis l&rsquo;impardonnable, parce qu&rsquo;il vivait l&rsquo;horreur. Il est faible. Il est odieux. Il est l\u00e2che. Putain, qu&rsquo;est-ce qu&rsquo;il est&#8230; humain ! Un salop, qui avant de tenter l&rsquo;\u00e9vasion, poignarde et blesse pour 17 ans un compagnon de cellule. Puis il se fait la belle et, trop l\u00e2che (encore !) pour reconna\u00eetre et avouer ses fautes, enfouis dans son inconscient son acte inavouable. Et apr\u00e8s quelques p\u00e9r\u00e9grinations en Europe, il \u00e9choue en France, tombe amoureux (du pays), et cesse d&rsquo;\u00e9crire dans une langue capable de faire resurgir les d\u00e9mons du pass\u00e9. On peut &#8211; doit &#8211; dans ce cas, r\u00e9prouver ses d\u00e9cisions. Mais quelle le\u00e7on merveilleuse, \u00e0 m\u00eame de nous rappeler que les hommes, ce sont nous-m\u00eame qui les installons sur un pi\u00e9destal. Ce qui n&rsquo;est en rien justifi\u00e9; la condition humaine s&rsquo;applique au fort comme au faible, \u00e0 celui qui passera \u00e0 la post\u00e9rit\u00e9 comme \u00e0 l&rsquo;oubli\u00e9 de tous. Croire que l&rsquo;homme peut \u00eatre d&rsquo;un blanc immacul\u00e9 tient de la comptine pour enfants. Grandissons, et acceptons que les super-h\u00e9ros vivent dans un univers qui ne s&rsquo;ouvre que dans nos r\u00eaves. Les hommes, tous les hommes, dispensent le bien ET le mal. Certains d&rsquo;entre nous penchent d&rsquo;un c\u00f4t\u00e9 plus que de l&rsquo;autre, soit, mais tous nous appartenons aux deux r\u00e8gnes.<\/p>\n<p>Le c\u00f4t\u00e9 r\u00e9voltant de l&rsquo;affaire, c&rsquo;est que malgr\u00e9 les d\u00e9n\u00e9gations de Kundera, le doute s&rsquo;est install\u00e9. Il pourra nier autant qu&rsquo;il le voudra, un insidieux doute s&rsquo;est log\u00e9 quelque part dans notre cerveau, compagnon de mauvais conseil dont on ne saurait se d\u00e9barrasser. A moins d&rsquo;avoir des aveux en bonne et due forme, et dans ce cas, le doute serait alors \u00eatre \u00e9ject\u00e9 mais pour \u00eatre aussit\u00f4t remplac\u00e9 par un camarade plus perfide encore, nomm\u00e9 d\u00e9ception&#8230; Doute ou d\u00e9ception, voil\u00e0 le r\u00e9sultat de cette saillie. Quoi que Kundera fasse, quoi que Kundera ait fait, notre regard en sera \u00e0 jamais chang\u00e9. Dans les livres d&rsquo;histoire, on \u00e9voquera la pol\u00e9mique surgie en 2008, on peindra un personnage au pass\u00e9 trouble, faisant le lien avec G\u00c3\u00bcnter Grass ou Beno\u00eet XVI,  jamais totalement r\u00e9solue. Pour le pire comme pour le pire, la salissure sera associ\u00e9e \u00e0 Kundera.<\/p>\n<p>Qu&rsquo;il est difficile de gravir les \u00e9chelons de la conscience, qu&rsquo;il est ais\u00e9 de chuter dans le m\u00e9pris par inconscience.<\/p>\n<div class=\"pld-like-dislike-wrap pld-template-1\">\r\n    <div class=\"pld-like-wrap  pld-common-wrap\">\r\n    <a href=\"javascript:void(0)\" class=\"pld-like-trigger pld-like-dislike-trigger  \" title=\"Super article!\" data-post-id=\"682\" data-trigger-type=\"like\" data-restriction=\"cookie\" data-already-liked=\"0\">\r\n                        <i class=\"fas fa-thumbs-up\"><\/i>\r\n                <\/a>\r\n    <span class=\"pld-like-count-wrap pld-count-wrap\">0    <\/span>\r\n<\/div><div class=\"pld-dislike-wrap  pld-common-wrap\">\r\n    <a href=\"javascript:void(0)\" class=\"pld-dislike-trigger pld-like-dislike-trigger  \" title=\"Pas terrible...\" data-post-id=\"682\" data-trigger-type=\"dislike\" data-restriction=\"cookie\" data-already-liked=\"0\">\r\n                        <i class=\"fas fa-thumbs-down\"><\/i>\r\n                <\/a>\r\n    <span class=\"pld-dislike-count-wrap pld-count-wrap\">0<\/span>\r\n<\/div><\/div>","protected":false},"excerpt":{"rendered":"<p>Ceux qui me connaissent savent \u00e0 quel point Milan Kundera est un romancier que je respecte. Devant le torrent de critiques auquel je dois faire face, il me semblait justifier de clarifier ma position \u00e0 son \u00e9gard. C&rsquo;est que les attaques se multiplient depuis lundi. Car je suis partag\u00e9 entre deux sentiments contradictoires : la [&hellip;]<\/p>\n","protected":false},"author":1,"featured_media":0,"comment_status":"open","ping_status":"open","sticky":false,"template":"","format":"standard","meta":{"ocean_post_layout":"","ocean_both_sidebars_style":"","ocean_both_sidebars_content_width":0,"ocean_both_sidebars_sidebars_width":0,"ocean_sidebar":"","ocean_second_sidebar":"","ocean_disable_margins":"enable","ocean_add_body_class":"","ocean_shortcode_before_top_bar":"","ocean_shortcode_after_top_bar":"","ocean_shortcode_before_header":"","ocean_shortcode_after_header":"","ocean_has_shortcode":"","ocean_shortcode_after_title":"","ocean_shortcode_before_footer_widgets":"","ocean_shortcode_after_footer_widgets":"","ocean_shortcode_before_footer_bottom":"","ocean_shortcode_after_footer_bottom":"","ocean_display_top_bar":"default","ocean_display_header":"default","ocean_header_style":"","ocean_center_header_left_menu":"","ocean_custom_header_template":"","ocean_custom_logo":0,"ocean_custom_retina_logo":0,"ocean_custom_logo_max_width":0,"ocean_custom_logo_tablet_max_width":0,"ocean_custom_logo_mobile_max_width":0,"ocean_custom_logo_max_height":0,"ocean_custom_logo_tablet_max_height":0,"ocean_custom_logo_mobile_max_height":0,"ocean_header_custom_menu":"","ocean_menu_typo_font_family":"","ocean_menu_typo_font_subset":"","ocean_menu_typo_font_size":0,"ocean_menu_typo_font_size_tablet":0,"ocean_menu_typo_font_size_mobile":0,"ocean_menu_typo_font_size_unit":"px","ocean_menu_typo_font_weight":"","ocean_menu_typo_font_weight_tablet":"","ocean_menu_typo_font_weight_mobile":"","ocean_menu_typo_transform":"","ocean_menu_typo_transform_tablet":"","ocean_menu_typo_transform_mobile":"","ocean_menu_typo_line_height":0,"ocean_menu_typo_line_height_tablet":0,"ocean_menu_typo_line_height_mobile":0,"ocean_menu_typo_line_height_unit":"","ocean_menu_typo_spacing":0,"ocean_menu_typo_spacing_tablet":0,"ocean_menu_typo_spacing_mobile":0,"ocean_menu_typo_spacing_unit":"","ocean_menu_link_color":"","ocean_menu_link_color_hover":"","ocean_menu_link_color_active":"","ocean_menu_link_background":"","ocean_menu_link_hover_background":"","ocean_menu_link_active_background":"","ocean_menu_social_links_bg":"","ocean_menu_social_hover_links_bg":"","ocean_menu_social_links_color":"","ocean_menu_social_hover_links_color":"","ocean_disable_title":"default","ocean_disable_heading":"default","ocean_post_title":"","ocean_post_subheading":"","ocean_post_title_style":"","ocean_post_title_background_color":"","ocean_post_title_background":0,"ocean_post_title_bg_image_position":"","ocean_post_title_bg_image_attachment":"","ocean_post_title_bg_image_repeat":"","ocean_post_title_bg_image_size":"","ocean_post_title_height":0,"ocean_post_title_bg_overlay":0.5,"ocean_post_title_bg_overlay_color":"","ocean_disable_breadcrumbs":"default","ocean_breadcrumbs_color":"","ocean_breadcrumbs_separator_color":"","ocean_breadcrumbs_links_color":"","ocean_breadcrumbs_links_hover_color":"","ocean_display_footer_widgets":"default","ocean_display_footer_bottom":"default","ocean_custom_footer_template":"","ocean_post_oembed":"","ocean_post_self_hosted_media":"","ocean_post_video_embed":"","ocean_link_format":"","ocean_link_format_target":"self","ocean_quote_format":"","ocean_quote_format_link":"post","ocean_gallery_link_images":"on","ocean_gallery_id":[],"footnotes":""},"categories":[25,13],"tags":[620,170,621,622,618],"class_list":["post-682","post","type-post","status-publish","format-standard","hentry","category-philosophie","category-livres","tag-art","tag-democratie","tag-guerre-froide","tag-justice","tag-milan-kundera","entry"],"aioseo_notices":[],"language":"fr","_links":{"self":[{"href":"https:\/\/www.jcvignoli.com\/blog\/wp-json\/wp\/v2\/posts\/682","targetHints":{"allow":["GET"]}}],"collection":[{"href":"https:\/\/www.jcvignoli.com\/blog\/wp-json\/wp\/v2\/posts"}],"about":[{"href":"https:\/\/www.jcvignoli.com\/blog\/wp-json\/wp\/v2\/types\/post"}],"author":[{"embeddable":true,"href":"https:\/\/www.jcvignoli.com\/blog\/wp-json\/wp\/v2\/users\/1"}],"replies":[{"embeddable":true,"href":"https:\/\/www.jcvignoli.com\/blog\/wp-json\/wp\/v2\/comments?post=682"}],"version-history":[{"count":0,"href":"https:\/\/www.jcvignoli.com\/blog\/wp-json\/wp\/v2\/posts\/682\/revisions"}],"wp:attachment":[{"href":"https:\/\/www.jcvignoli.com\/blog\/wp-json\/wp\/v2\/media?parent=682"}],"wp:term":[{"taxonomy":"category","embeddable":true,"href":"https:\/\/www.jcvignoli.com\/blog\/wp-json\/wp\/v2\/categories?post=682"},{"taxonomy":"post_tag","embeddable":true,"href":"https:\/\/www.jcvignoli.com\/blog\/wp-json\/wp\/v2\/tags?post=682"}],"curies":[{"name":"wp","href":"https:\/\/api.w.org\/{rel}","templated":true}]}}