{"id":6758,"date":"2024-12-05T06:44:40","date_gmt":"2024-12-05T11:44:40","guid":{"rendered":"https:\/\/www.jcvignoli.com\/blog\/?p=6758"},"modified":"2024-12-05T06:48:25","modified_gmt":"2024-12-05T11:48:25","slug":"bolivie-des-militants-pour-alerter-lopinion-publique-et-les-decideurs-a-geneve","status":"publish","type":"post","link":"https:\/\/www.jcvignoli.com\/blog\/2024\/bolivie-des-militants-pour-alerter-lopinion-publique-et-les-decideurs-a-geneve","title":{"rendered":"Bolivie: des militants pour alerter l\u2019opinion publique et les d\u00e9cideurs \u00e0 Gen\u00e8ve"},"content":{"rendered":"\n<p>Venir \u00e0 Gen\u00e8ve depuis la Bolivie n\u2019a rien d\u2019une sin\u00e9cure. L\u2019absence de devises \u00e9trang\u00e8res emp\u00eache tout achat de billet d\u2019avion, le prix prohibitif de l\u2019essence pr\u00e9vient les d\u00e9placements locaux, et la pire crise \u00e9conomique depuis 30 ans ravage le pays. Une bonne dose d\u2019abn\u00e9gation est n\u00e9cessaire si l\u2019on est Bolivien et que l\u2019on souhaite se d\u00e9placer \u00e0 l\u2019\u00e9tranger. Malgr\u00e9 ces obstacles, une quinzaine de militants boliviens et moi-m\u00eame sommes parvenus \u00e0 nous rendre \u00e0 la cit\u00e9 de Calvin pour expliquer aux diplomates du monde entier ce qu\u2019est devenue la Bolivie. Car la situation, aussi bien pour les Boliviens que pour l\u2019Amazonie, est critique.<\/p>\n\n\n\n<p>Par exemple, en cette seule ann\u00e9e 2024 le pays enclav\u00e9 d\u2019Am\u00e9rique du Sud a perdu 100\u2019000 km2 (2,4 fois la superficie de la Suisse) en raison d\u2019incendies \u2013 naturels et criminels. La pollution au mercure provoqu\u00e9e par l\u2019extraction mini\u00e8re dans la jungle mais \u00e9galement dans les montagnes fait des ravages dans les communaut\u00e9s&nbsp;: le refus du gouvernement de proc\u00e9der \u00e0 des examens m\u00e9dicaux \u00e0 pouss\u00e9 les locaux \u00e0 requ\u00e9rir que des experts internationaux analysent le taux de mercure dans leur syst\u00e8me sanguin. Le r\u00e9sultat est terrifiant&nbsp;: les concentrations du m\u00e9tal sont de 10 \u00e0 40 fois sup\u00e9rieures aux normes maximales admises par l\u2019OMS, selon les \u00e9tudes de l\u2019Universit\u00e9 de Carthag\u00e8ne.<\/p>\n\n\n\n<p>Les crises \u00e9conomique et environnementale restent m\u00e9connue \u00e0 l\u2019\u00e9tranger, surtout depuis que le premier pr\u00e9sident d\u2019ascendance autochtone, Evo Morales, fut \u00e9lu en 2006. Les dirigeants pr\u00e9tendent d\u00e9fendre leurs peuples originels et leur nature, aussi d\u00e9nomm\u00e9e la \u00ab&nbsp;Pachamama&nbsp;\u00bb. C\u2019est faux.<\/p>\n\n\n\n<p>Pr\u00e9occup\u00e9e par son pays qui \u00ab&nbsp;prends la direction du Venezuela&nbsp;\u00bb, Ruth Alipaz, une repr\u00e9sentante du peuple indig\u00e8ne uchupiamona, a fait le d\u00e9placement \u00e0 Gen\u00e8ve du 18 au 28 novembre pour profiter d\u2019un m\u00e9canisme du Conseil des Droits de l\u2019Homme de l\u2019ONU, \u00e0 savoir l\u2019Examen P\u00e9riodique Universel (EPU). Durant deux semaines, aux c\u00f4t\u00e9s de nos compagnons, elle a expliqu\u00e9 sans rel\u00e2che aux diplomates, \u00e0 la presse et \u00e0 la soci\u00e9t\u00e9 civile internationale que la r\u00e9alit\u00e9 bolivienne est bien \u00e9loign\u00e9e du conte de f\u00e9es parfois \u00e9cout\u00e9 en Occident. \u00ab&nbsp;Des r\u00e9unions sont m\u00eame organis\u00e9es \u00e0 Gen\u00e8ve m\u00eame, o\u00f9 les repr\u00e9sentants de mon gouvernement ne font face \u00e0 aucun contradicteur et sont libres d\u2019aller distiller leurs mensonges aussi s\u00fbrement que le mercure m\u2019empoisonne&nbsp;; les Occidentaux sont mal inform\u00e9s sur notre pays, nous souffrons de gouvernements successifs qui depuis 18 ans fomentent la division au sein du peuple, pillent sans \u00e9gards les richesses naturelles et maltraitent les communaut\u00e9s indig\u00e8nes&nbsp;\u00bb.<\/p>\n\n\n\n<figure class=\"wp-block-image size-large\"><img loading=\"lazy\" decoding=\"async\" width=\"1024\" height=\"768\" src=\"https:\/\/www.jcvignoli.com\/blog\/wp-content\/uploads\/geneva_2024-1024x768.jpg\" alt=\"\" class=\"wp-image-6762\" srcset=\"https:\/\/www.jcvignoli.com\/blog\/wp-content\/uploads\/geneva_2024-1024x768.jpg 1024w, https:\/\/www.jcvignoli.com\/blog\/wp-content\/uploads\/geneva_2024-600x450.jpg 600w, https:\/\/www.jcvignoli.com\/blog\/wp-content\/uploads\/geneva_2024-768x576.jpg 768w, https:\/\/www.jcvignoli.com\/blog\/wp-content\/uploads\/geneva_2024-1536x1152.jpg 1536w, https:\/\/www.jcvignoli.com\/blog\/wp-content\/uploads\/geneva_2024-2048x1536.jpg 2048w\" sizes=\"auto, (max-width: 1024px) 100vw, 1024px\" \/><\/figure>\n\n\n\n<p>Franco Albarracin, avocat et enqu\u00eateur du CEDIB, une ONG qui \u0153uvre \u00e0 documenter les violations de droits humains depuis 50 ans, rench\u00e9rit&nbsp;: \u00ab&nbsp;l\u2019\u00c9tat de droit est sans cesse bafou\u00e9. Les arrestations extra-judiciaires se multiplient, et le gouvernement n\u2019h\u00e9site pas \u00e0 kidnapper des gouverneurs de l\u2019opposition. Notre crise est multisectorielle, et notre gouvernement ne propose aucun plan pour nous sortir de nos crises, en particulier la crise \u00e9conomique. Au contraire, il est en lutte interne pour le pouvoir&nbsp;!&nbsp;\u00bb<\/p>\n\n\n\n<p>En janvier 2025, la Bolivie sera \u00e9valu\u00e9e par les 192 autres pays de la plan\u00e8te lors de l\u2019EPU. Cette quinzaine de Boliviens a bon espoir que la Suisse et les pays qui prendront la parole pour critiquer la gestion de leur pays seront moins diplomatique que lors du dernier EPU, en 2019. \u00ab&nbsp;Les diplomates ont \u00e9t\u00e9 plus attentifs cette fois-ci. Je pense qu\u2019ils ont \u00e9t\u00e9 convaincus par les donn\u00e9es que nous leurs avons pr\u00e9sent\u00e9es. Il faut dire que rares sont les ambassades qui peuvent encore travailler en Bolivie. Les pays, ainsi que l\u2019ONU, sont plus r\u00e9ceptifs. La presse europ\u00e9enne est toutefois plus difficile \u00e0 convaincre, et d\u00e9peint bien souvent une version romantis\u00e9e de la Bolivie, alors que nous souffrons&nbsp;\u00bb, conclut Ruth Alipaz.<\/p>\n\n\n\n<p>Ruth, Franco et moi-m\u00eame continuerons d\u2019informer sans rel\u00e2che le grand public. A Gen\u00e8ve et ailleurs. Pour que la Bolivie ne se transforme pas en un nouveau Venezuela.<\/p>\n<div class=\"pld-like-dislike-wrap pld-template-1\">\r\n    <div class=\"pld-like-wrap  pld-common-wrap\">\r\n    <a href=\"javascript:void(0)\" class=\"pld-like-trigger pld-like-dislike-trigger  \" title=\"Super article!\" data-post-id=\"6758\" data-trigger-type=\"like\" data-restriction=\"cookie\" data-already-liked=\"0\">\r\n                        <i class=\"fas fa-thumbs-up\"><\/i>\r\n                <\/a>\r\n    <span class=\"pld-like-count-wrap pld-count-wrap\">1    <\/span>\r\n<\/div><div class=\"pld-dislike-wrap  pld-common-wrap\">\r\n    <a href=\"javascript:void(0)\" class=\"pld-dislike-trigger pld-like-dislike-trigger  \" title=\"Pas terrible...\" data-post-id=\"6758\" data-trigger-type=\"dislike\" data-restriction=\"cookie\" data-already-liked=\"0\">\r\n                        <i class=\"fas fa-thumbs-down\"><\/i>\r\n                <\/a>\r\n    <span class=\"pld-dislike-count-wrap pld-count-wrap\">0<\/span>\r\n<\/div><\/div>","protected":false},"excerpt":{"rendered":"<p>Venir \u00e0 Gen\u00e8ve depuis la Bolivie n\u2019a rien d\u2019une sin\u00e9cure. L\u2019absence de devises \u00e9trang\u00e8res emp\u00eache tout achat de billet d\u2019avion, le prix prohibitif de l\u2019essence pr\u00e9vient les d\u00e9placements locaux, et la pire crise \u00e9conomique depuis 30 ans ravage le pays. Une bonne dose d\u2019abn\u00e9gation est n\u00e9cessaire si l\u2019on est Bolivien et que l\u2019on souhaite se [&hellip;]<\/p>\n","protected":false},"author":1,"featured_media":6762,"comment_status":"open","ping_status":"open","sticky":false,"template":"","format":"standard","meta":{"ocean_post_layout":"","ocean_both_sidebars_style":"","ocean_both_sidebars_content_width":0,"ocean_both_sidebars_sidebars_width":0,"ocean_sidebar":"","ocean_second_sidebar":"","ocean_disable_margins":"enable","ocean_add_body_class":"","ocean_shortcode_before_top_bar":"","ocean_shortcode_after_top_bar":"","ocean_shortcode_before_header":"","ocean_shortcode_after_header":"","ocean_has_shortcode":"","ocean_shortcode_after_title":"","ocean_shortcode_before_footer_widgets":"","ocean_shortcode_after_footer_widgets":"","ocean_shortcode_before_footer_bottom":"","ocean_shortcode_after_footer_bottom":"","ocean_display_top_bar":"default","ocean_display_header":"default","ocean_header_style":"","ocean_center_header_left_menu":"","ocean_custom_header_template":"","ocean_custom_logo":0,"ocean_custom_retina_logo":0,"ocean_custom_logo_max_width":0,"ocean_custom_logo_tablet_max_width":0,"ocean_custom_logo_mobile_max_width":0,"ocean_custom_logo_max_height":0,"ocean_custom_logo_tablet_max_height":0,"ocean_custom_logo_mobile_max_height":0,"ocean_header_custom_menu":"","ocean_menu_typo_font_family":"","ocean_menu_typo_font_subset":"","ocean_menu_typo_font_size":0,"ocean_menu_typo_font_size_tablet":0,"ocean_menu_typo_font_size_mobile":0,"ocean_menu_typo_font_size_unit":"px","ocean_menu_typo_font_weight":"","ocean_menu_typo_font_weight_tablet":"","ocean_menu_typo_font_weight_mobile":"","ocean_menu_typo_transform":"","ocean_menu_typo_transform_tablet":"","ocean_menu_typo_transform_mobile":"","ocean_menu_typo_line_height":0,"ocean_menu_typo_line_height_tablet":0,"ocean_menu_typo_line_height_mobile":0,"ocean_menu_typo_line_height_unit":"","ocean_menu_typo_spacing":0,"ocean_menu_typo_spacing_tablet":0,"ocean_menu_typo_spacing_mobile":0,"ocean_menu_typo_spacing_unit":"","ocean_menu_link_color":"","ocean_menu_link_color_hover":"","ocean_menu_link_color_active":"","ocean_menu_link_background":"","ocean_menu_link_hover_background":"","ocean_menu_link_active_background":"","ocean_menu_social_links_bg":"","ocean_menu_social_hover_links_bg":"","ocean_menu_social_links_color":"","ocean_menu_social_hover_links_color":"","ocean_disable_title":"default","ocean_disable_heading":"default","ocean_post_title":"","ocean_post_subheading":"","ocean_post_title_style":"","ocean_post_title_background_color":"","ocean_post_title_background":0,"ocean_post_title_bg_image_position":"","ocean_post_title_bg_image_attachment":"","ocean_post_title_bg_image_repeat":"","ocean_post_title_bg_image_size":"","ocean_post_title_height":0,"ocean_post_title_bg_overlay":0.5,"ocean_post_title_bg_overlay_color":"","ocean_disable_breadcrumbs":"default","ocean_breadcrumbs_color":"","ocean_breadcrumbs_separator_color":"","ocean_breadcrumbs_links_color":"","ocean_breadcrumbs_links_hover_color":"","ocean_display_footer_widgets":"default","ocean_display_footer_bottom":"default","ocean_custom_footer_template":"","ocean_post_oembed":"","ocean_post_self_hosted_media":"","ocean_post_video_embed":"","ocean_link_format":"","ocean_link_format_target":"self","ocean_quote_format":"","ocean_quote_format_link":"post","ocean_gallery_link_images":"on","ocean_gallery_id":[],"footnotes":""},"categories":[1863,15,506],"tags":[4618,34756,4205,1632,4632,34703],"class_list":["post-6758","post","type-post","status-publish","format-standard","has-post-thumbnail","hentry","category-activisme","category-articles","category-droits-humains","tag-alex-villca-limaco","tag-article-refuse-parce-quon-se-torche-avec-la-realite","tag-bolivie","tag-droits-humains","tag-evo-morales","tag-ruth-alipaz","entry","has-media"],"aioseo_notices":[],"language":"fr","_links":{"self":[{"href":"https:\/\/www.jcvignoli.com\/blog\/wp-json\/wp\/v2\/posts\/6758","targetHints":{"allow":["GET"]}}],"collection":[{"href":"https:\/\/www.jcvignoli.com\/blog\/wp-json\/wp\/v2\/posts"}],"about":[{"href":"https:\/\/www.jcvignoli.com\/blog\/wp-json\/wp\/v2\/types\/post"}],"author":[{"embeddable":true,"href":"https:\/\/www.jcvignoli.com\/blog\/wp-json\/wp\/v2\/users\/1"}],"replies":[{"embeddable":true,"href":"https:\/\/www.jcvignoli.com\/blog\/wp-json\/wp\/v2\/comments?post=6758"}],"version-history":[{"count":2,"href":"https:\/\/www.jcvignoli.com\/blog\/wp-json\/wp\/v2\/posts\/6758\/revisions"}],"predecessor-version":[{"id":6763,"href":"https:\/\/www.jcvignoli.com\/blog\/wp-json\/wp\/v2\/posts\/6758\/revisions\/6763"}],"wp:featuredmedia":[{"embeddable":true,"href":"https:\/\/www.jcvignoli.com\/blog\/wp-json\/wp\/v2\/media\/6762"}],"wp:attachment":[{"href":"https:\/\/www.jcvignoli.com\/blog\/wp-json\/wp\/v2\/media?parent=6758"}],"wp:term":[{"taxonomy":"category","embeddable":true,"href":"https:\/\/www.jcvignoli.com\/blog\/wp-json\/wp\/v2\/categories?post=6758"},{"taxonomy":"post_tag","embeddable":true,"href":"https:\/\/www.jcvignoli.com\/blog\/wp-json\/wp\/v2\/tags?post=6758"}],"curies":[{"name":"wp","href":"https:\/\/api.w.org\/{rel}","templated":true}]}}