{"id":5684,"date":"2021-12-30T17:07:15","date_gmt":"2021-12-30T21:07:15","guid":{"rendered":"https:\/\/www.jcvignoli.com\/blog\/?p=5684"},"modified":"2022-01-11T09:44:12","modified_gmt":"2022-01-11T13:44:12","slug":"la-reintroduction-despeces-disparues-dans-le-parc-ibera-argentine-une-aventure-humaine","status":"publish","type":"post","link":"https:\/\/www.jcvignoli.com\/blog\/2021\/la-reintroduction-despeces-disparues-dans-le-parc-ibera-argentine-une-aventure-humaine","title":{"rendered":"La r\u00e9introduction d&rsquo;esp\u00e8ces disparues dans le parc Ib\u00e9ra, Argentine : une aventure humaine"},"content":{"rendered":"<p>Au sein d&rsquo;une r\u00e9serve naturelle immense de 13 mille kilom\u00e8tres carr\u00e9s (plus du quart de la superficie de la Suisse), se trouve le parc national d&rsquo;Iber\u00e1 qui abrite sur 2000 km2 une biodiversit\u00e9 d&rsquo;une richesse majestueuse. La fondation Rewilding, cr\u00e9\u00e9e par Douglas Tompkins en 1992, se charge d&rsquo;administrer, en collaboration avec le gouvernement argentin, quatre entr\u00e9es dans le parc d&rsquo;Iber\u00e1 et de rel\u00e2cher des moucherolles \u00e0 queue large, des jaguars, et des fourmiliers g\u00e9ants qui avaient disparu de la r\u00e9serve naturelle. Des centaines d&rsquo;esp\u00e8ces d&rsquo;oiseaux s&rsquo;observent avec facilit\u00e9, ce qui fait du lieu un endroit pris\u00e9 par les ornithologues du monde entier. La richesse du parc Iber\u00e1 provient de son humidit\u00e9 : il s&rsquo;agit d&rsquo;un mar\u00e9cage. Une zone humide o\u00f9 la vie animale bat au rythme des pluies et non des saisons.<\/p>\n<p><a href=\"https:\/\/www.jcvignoli.com\/blog\/wp-content\/uploads\/marecages-Ibera-scaled.jpg\"><img loading=\"lazy\" decoding=\"async\" class=\"alignleft wp-image-5687 size-thumbnail\" src=\"https:\/\/www.jcvignoli.com\/blog\/wp-content\/uploads\/marecages-Ibera-scaled-200x200.jpg\" alt=\"\" width=\"200\" height=\"200\" \/><\/a>L&rsquo;objectif de la fondation Rewilding est la r\u00e9introduction d&rsquo;esp\u00e8ces r\u00e9gionalement \u00e9teintes, tel l&#8217;embl\u00e9matique jaguar, un pr\u00e9dateur utile \u00e0 l&rsquo;\u00e9quilibre biologique du parc. Le ca\u00efman yacare, petit crocodilien de trois m\u00e8tres au maximum qui s&#8217;embusque sous l&rsquo;eau durant des heures, n&rsquo;est pas en mesure de r\u00e9duire les importantes populations de capibaras (le plus grand rongeur du globe), qui broutent et se reproduisent sans limites.<\/p>\n<p>Les zones mar\u00e9cageuses dans le monde stockent pr\u00e8s de 30 % du carbone expuls\u00e9 dans l&rsquo;atmosph\u00e8re. Elles sont \u00e9galement un p\u00f4le en terme de biodiversit\u00e9, comme le d\u00e9montre les chiffres \u00e9loquents d&rsquo;Iber\u00e1 : 1&rsquo;600 types de plantes, 128 poissons, 40 amphibiens, 59 reptiles, 345 oiseaux et 58 mammif\u00e8res. C&rsquo;est l&rsquo;un des lieux de notre plan\u00e8te o\u00f9 il existe l&rsquo;une des plus grande richesse de vie.<\/p>\n<p>Mais l&rsquo;histoire du parc Iber\u00e1 (venant d'\u00a0\u00bbYber\u00e1\u00a0\u00bb en guarani, signifiant les \u00ab\u00a0eaux qui brillent\u00a0\u00bb), en plus d&rsquo;\u00eatre un conte animalier, est surtout une chronique humaine. Celles d&rsquo;hommes et de femmes passionn\u00e9s par la vie de tous les \u00eatres vivants.<\/p>\n<h2>Vivre d&rsquo;Iber\u00e1<\/h2>\n<p>&#8211; \u00ab\u00a0Cela n&rsquo;a pas toujours \u00e9t\u00e9 ainsi\u00a0\u00bb, m&rsquo;explique pourtant Tito, l&rsquo;un des responsables du tourisme du village de Concepci\u00f3n del Yaguaret\u00e9 Cor\u00e1, passage oblig\u00e9 pour acc\u00e9der au portail Carambola. \u00ab\u00a0Dans les ann\u00e9es 1990, on se pr\u00e9occupait surtout d&rsquo;acheter des terres et d&rsquo;interdire la chasse dans les marais. Mais les initiatives locales, ax\u00e9es sur la g\u00e9n\u00e9ration de revenus avec le tourisme, ont chang\u00e9 la donne. Aujourd&rsquo;hui, nous offrons m\u00eame des d\u00e9jeuners chez l&rsquo;habitant, offrons des formations \u00e0 la population pour qu&rsquo;elle garantisse une hygi\u00e8ne et une pr\u00e9sentation correcte des plats pour les touristes\u00a0\u00bb.<\/p>\n<p>Tito est professeur pour adolescents et jeunes adultes. La fin de trentaine, il est \u00e9nergique et d\u00e9bordant d&rsquo;id\u00e9es. Il est \u00e0 l&rsquo;image de tous ces Argentins de la r\u00e9gion qui cumulent des jobs public et priv\u00e9 : il s&rsquo;est lanc\u00e9 dans le tourisme en vue de \u00ab\u00a0sauvegarder les traditions et offrir des possibilit\u00e9s de travail \u00e0 nos enfants\u00a0\u00bb. Kuny, responsable du tourisme au portail San Nicol\u00e1s, a rigoureusement le m\u00eame profil : \u00ab\u00a0J&rsquo;\u00e9tudie l&rsquo;informatique et l&rsquo;infirmerie. Cela me permet de survivre en cas de p\u00e9pin. La pand\u00e9mie nous a rappel\u00e9 combien nos m\u00e9tiers sont fragiles. Et de toute fa\u00e7on, je ne parviens pas \u00e0 vivre du salaire que me donne l&rsquo;Etat argentin\u00a0\u00bb, explique-t-elle.<\/p>\n<figure id=\"attachment_5700\" aria-describedby=\"caption-attachment-5700\" style=\"width: 600px\" class=\"wp-caption aligncenter\"><a href=\"https:\/\/www.jcvignoli.com\/blog\/wp-content\/uploads\/Carpincho-Ibera-scaled.jpg\"><img loading=\"lazy\" decoding=\"async\" class=\"wp-image-5700 size-medium\" src=\"https:\/\/www.jcvignoli.com\/blog\/wp-content\/uploads\/Carpincho-Ibera-scaled-600x450.jpg\" alt=\"capybaras\" width=\"600\" height=\"450\" srcset=\"https:\/\/www.jcvignoli.com\/blog\/wp-content\/uploads\/Carpincho-Ibera-scaled-600x450.jpg 600w, https:\/\/www.jcvignoli.com\/blog\/wp-content\/uploads\/Carpincho-Ibera-scaled-1024x768.jpg 1024w, https:\/\/www.jcvignoli.com\/blog\/wp-content\/uploads\/Carpincho-Ibera-scaled-768x576.jpg 768w, https:\/\/www.jcvignoli.com\/blog\/wp-content\/uploads\/Carpincho-Ibera-scaled-1536x1152.jpg 1536w, https:\/\/www.jcvignoli.com\/blog\/wp-content\/uploads\/Carpincho-Ibera-scaled-2048x1536.jpg 2048w\" sizes=\"auto, (max-width: 600px) 100vw, 600px\" \/><\/a><figcaption id=\"caption-attachment-5700\" class=\"wp-caption-text\">Le capibara, le plus grand rongeur du monde<\/figcaption><\/figure>\n<figure id=\"attachment_5697\" aria-describedby=\"caption-attachment-5697\" style=\"width: 600px\" class=\"wp-caption aligncenter\"><a href=\"https:\/\/www.jcvignoli.com\/blog\/wp-content\/uploads\/Rapaces-Ibera-scaled.jpg\"><img loading=\"lazy\" decoding=\"async\" class=\"wp-image-5697 size-medium\" src=\"https:\/\/www.jcvignoli.com\/blog\/wp-content\/uploads\/Rapaces-Ibera-scaled-600x400.jpg\" alt=\"\" width=\"600\" height=\"400\" srcset=\"https:\/\/www.jcvignoli.com\/blog\/wp-content\/uploads\/Rapaces-Ibera-scaled-600x400.jpg 600w, https:\/\/www.jcvignoli.com\/blog\/wp-content\/uploads\/Rapaces-Ibera-scaled-1024x683.jpg 1024w, https:\/\/www.jcvignoli.com\/blog\/wp-content\/uploads\/Rapaces-Ibera-scaled-768x512.jpg 768w, https:\/\/www.jcvignoli.com\/blog\/wp-content\/uploads\/Rapaces-Ibera-scaled-1536x1024.jpg 1536w, https:\/\/www.jcvignoli.com\/blog\/wp-content\/uploads\/Rapaces-Ibera-scaled-2048x1366.jpg 2048w\" sizes=\"auto, (max-width: 600px) 100vw, 600px\" \/><\/a><figcaption id=\"caption-attachment-5697\" class=\"wp-caption-text\">De f\u00e9roces rapaces en posture de guerre<\/figcaption><\/figure>\n<p>&nbsp;<\/p>\n<p>Un garde forestier, par exemple, gagne 45&rsquo;000 pesos argentins net, soit un peu moins de 200 dollars en ce mois de d\u00e9cembre 2021. C&rsquo;est le cas de Jorge, qui travaille depuis 10 ans au portail San Nicol\u00e1s.<\/p>\n<p>&#8211; \u00ab\u00a0Heureusement\u00a0\u00bb, se r\u00e9jouit-il, \u00ab\u00a0l&rsquo;Etat a d\u00e9cid\u00e9 de hi\u00e9rarchiser la fonction de garde forestier. Cela permet d&rsquo;avoir des positions plus \u00e9lev\u00e9s\u00a0\u00bb.<\/p>\n<p>&#8211; \u00ab\u00a0Tu aimes la hi\u00e9rarchie ?\u00a0\u00bb, je l&rsquo;interromps, interloqu\u00e9.<\/p>\n<p>&#8211; \u00ab\u00a0Pas du tout ! Mais cela permet d&rsquo;avoir des salaires plus \u00e9lev\u00e9s. La corruption est \u00e9norme ici : il y a quelques ann\u00e9es, j&rsquo;ai arr\u00eat\u00e9 une voiture qui transportait une grande quantit\u00e9 d&rsquo;animaux chass\u00e9s. Le type, les mains tranquillement pos\u00e9es sur son volant, m&rsquo;a demand\u00e9 de le laisser passer en \u00e9change de 20&rsquo;000 pesos. La moiti\u00e9 de mon salaire. Si j&rsquo;avais une personne de la famille \u00e0 l&rsquo;h\u00f4pital, je ne sais pas ce que j&rsquo;aurais fait. Mais j&rsquo;ai refus\u00e9 son sale argent.\u00a0\u00bb<\/p>\n<h2>Une vision holistique<\/h2>\n<p>La fondation Rewilding poss\u00e8de ses propres gardes forestiers, qui r\u00e9introduisent dans les marais des animaux qui avaient disparu. C&rsquo;est le cas du fourmilier g\u00e9ant, un animal craintif de la m\u00eame famille que le paresseux. On le prend pour un petit ours de loin, c&rsquo;est pourquoi il se nomme \u00ab\u00a0ours fourmilier\u00a0\u00bb en espagnol (<em>oso hormiguero<\/em>).<\/p>\n<p>Fabricio, garde forestier de Rewilding, travaille depuis deux ans dans le parc. Il est originaire de la province de Misiones, dans le nord-est du pays, et son accent chantant tranche avec le parler plut\u00f4t atone de la province de Corrientes.<\/p>\n<p>&#8211; Tu veux venir avec moi nourrir les <em>osos hormigueros<\/em> ?, siffle-t-il avec m\u00e9lodie.<\/p>\n<p>Je ne me fais pas prier et nous voil\u00e0 roulant \u00e0 moto, en direction d&rsquo;un lieu cach\u00e9 \u00e0 une vingtaine de minutes du b\u00e2timent des rangers. Il faut conna\u00eetre son chemin pour retrouver le refuge des fourmiliers g\u00e9ants dans ce d\u00e9dale, fait de ponts au-dessus des marais et d&rsquo;herbes touffues. Sur le chemin, certains oiseaux s&rsquo;effraient \u00e0 l&rsquo;arriv\u00e9e de notre v\u00e9hicule, d&rsquo;autres tentent de nous attaquer, certainement pour d\u00e9fendre un nid pr\u00e8s de la route. Une fois au centre du labyrinthe, nous cherchons l&rsquo;animal au moyen d&rsquo;un localisateur GPS, la plupart des animaux poss\u00e9dant une balise. Fabricio le trouve rapidement, mais il s&rsquo;enfuit \u00e0 son approche.<\/p>\n<p>&#8211; \u00ab\u00a0Reste o\u00f9 tu es et d\u00e9pose sa nourriture. Je le fais venir vers toi\u00a0\u00bb, souffle-t-il avant de dispara\u00eetre dans les d\u00e9dales d&rsquo;arbres.<\/p>\n<p>J&rsquo;enfonce farouchement dans le sol ce qui ressemble \u00e0 une longue bouteille m\u00e9tallique avec deux pointes \u00e0 son extr\u00e9mit\u00e9, puis remplis la bouteille avec une p\u00e2te \u00e0 base de croquette pour chiens, broy\u00e9e et noy\u00e9e dans de l&rsquo;eau. Satisfait, je recule et saisis mon appareil photo.<\/p>\n<p>Quelques instants plus tard, sans aucun bruit avant-coureur, une t\u00e2che grise obscurcit mon champ de vision : un long nez s&rsquo;est aventur\u00e9 dans la bouteille.<\/p>\n<p><a href=\"https:\/\/www.jcvignoli.com\/blog\/wp-content\/uploads\/fourmilier-geant-Ibera-scaled.jpg\"><img loading=\"lazy\" decoding=\"async\" class=\"size-medium wp-image-5699 aligncenter\" src=\"https:\/\/www.jcvignoli.com\/blog\/wp-content\/uploads\/fourmilier-geant-Ibera-scaled-600x400.jpg\" alt=\"\" width=\"600\" height=\"400\" srcset=\"https:\/\/www.jcvignoli.com\/blog\/wp-content\/uploads\/fourmilier-geant-Ibera-scaled-600x400.jpg 600w, https:\/\/www.jcvignoli.com\/blog\/wp-content\/uploads\/fourmilier-geant-Ibera-scaled-1024x683.jpg 1024w, https:\/\/www.jcvignoli.com\/blog\/wp-content\/uploads\/fourmilier-geant-Ibera-scaled-768x512.jpg 768w, https:\/\/www.jcvignoli.com\/blog\/wp-content\/uploads\/fourmilier-geant-Ibera-scaled-1536x1024.jpg 1536w, https:\/\/www.jcvignoli.com\/blog\/wp-content\/uploads\/fourmilier-geant-Ibera-scaled-2048x1366.jpg 2048w\" sizes=\"auto, (max-width: 600px) 100vw, 600px\" \/><\/a><\/p>\n<p>&#8211; \u00ab\u00a0Je le vois !\u00a0\u00bb, cris-je en chuchotant \u00e0 Fabricio.<\/p>\n<p>&#8211; \u00ab\u00a0Bien. Tu peux rejoindre Keneke pour t&rsquo;occuper des communaut\u00e9s, maintenant\u00a0\u00bb.<\/p>\n<p>Le reste de la journ\u00e9e sera consacr\u00e9e avec Keneke, un ranger natif du coin, \u00e0 transborder des locaux qui n&rsquo;ont pas de vedette pour se d\u00e9placer. Ils se meuvent avec des cano\u00ebs et un long b\u00e2ton qu&rsquo;ils enfoncent dans le sol vaseux pour pousser. Des cochons d&rsquo;\u00e9levage, des f\u00fbts de gaz, des enfants seront pris en charge par la vedette de Keneke. Nous allons d&rsquo;un point \u00e0 un autre du marais, traversant de larges \u00e9tendues d&rsquo;eau pour faciliter la vie des habitants.<\/p>\n<p><a href=\"https:\/\/www.jcvignoli.com\/blog\/wp-content\/uploads\/Kanake-Ibera-scaled.jpg\"><img loading=\"lazy\" decoding=\"async\" class=\"size-medium wp-image-5686 aligncenter\" src=\"https:\/\/www.jcvignoli.com\/blog\/wp-content\/uploads\/Kanake-Ibera-scaled-600x400.jpg\" alt=\"\" width=\"600\" height=\"400\" srcset=\"https:\/\/www.jcvignoli.com\/blog\/wp-content\/uploads\/Kanake-Ibera-scaled-600x400.jpg 600w, https:\/\/www.jcvignoli.com\/blog\/wp-content\/uploads\/Kanake-Ibera-scaled-1024x683.jpg 1024w, https:\/\/www.jcvignoli.com\/blog\/wp-content\/uploads\/Kanake-Ibera-scaled-768x512.jpg 768w, https:\/\/www.jcvignoli.com\/blog\/wp-content\/uploads\/Kanake-Ibera-scaled-1536x1024.jpg 1536w, https:\/\/www.jcvignoli.com\/blog\/wp-content\/uploads\/Kanake-Ibera-scaled-2048x1366.jpg 2048w\" sizes=\"auto, (max-width: 600px) 100vw, 600px\" \/><\/a><br \/>\n<a href=\"https:\/\/www.jcvignoli.com\/blog\/wp-content\/uploads\/habitants-locaux-Ibera-scaled.jpg\"><img loading=\"lazy\" decoding=\"async\" class=\"size-medium wp-image-5701 aligncenter\" src=\"https:\/\/www.jcvignoli.com\/blog\/wp-content\/uploads\/habitants-locaux-Ibera-scaled-600x400.jpg\" alt=\"\" width=\"600\" height=\"400\" srcset=\"https:\/\/www.jcvignoli.com\/blog\/wp-content\/uploads\/habitants-locaux-Ibera-scaled-600x400.jpg 600w, https:\/\/www.jcvignoli.com\/blog\/wp-content\/uploads\/habitants-locaux-Ibera-scaled-1024x683.jpg 1024w, https:\/\/www.jcvignoli.com\/blog\/wp-content\/uploads\/habitants-locaux-Ibera-scaled-768x512.jpg 768w, https:\/\/www.jcvignoli.com\/blog\/wp-content\/uploads\/habitants-locaux-Ibera-scaled-1536x1024.jpg 1536w, https:\/\/www.jcvignoli.com\/blog\/wp-content\/uploads\/habitants-locaux-Ibera-scaled-2048x1366.jpg 2048w\" sizes=\"auto, (max-width: 600px) 100vw, 600px\" \/><\/a><\/p>\n<p>La plupart des habitants des mar\u00e9cages parlent le guarani. Certains d&rsquo;entre eux ne parlent d&rsquo;ailleurs que cette langue, transmise par les peuples premiers de la r\u00e9gion, les Guaranis, pourtant aujourd&rsquo;hui disparus dans cette partie de l&rsquo;Argentine. Il est fascinant de voir combien la culture autochtone est rest\u00e9e impr\u00e9gn\u00e9e dans la vie de tous les jours des Argentins de la r\u00e9gion. En r\u00e9alit\u00e9, il faudrait dire de tous les Argentins, car les 45 millions d&rsquo;haibitants d\u00e9butent immanquablement leur journ\u00e9e avec un mat\u00e9, une boisson chaude ressemblant \u00e0 du th\u00e9. Cette coutume a \u00e9t\u00e9 transmise par les Guaranis.<\/p>\n<p><a href=\"https:\/\/www.jcvignoli.com\/blog\/wp-content\/uploads\/marecages-Ibera-02-scaled.jpg\"><img loading=\"lazy\" decoding=\"async\" class=\"size-medium wp-image-5688 aligncenter\" src=\"https:\/\/www.jcvignoli.com\/blog\/wp-content\/uploads\/marecages-Ibera-02-scaled-600x400.jpg\" alt=\"\" width=\"600\" height=\"400\" srcset=\"https:\/\/www.jcvignoli.com\/blog\/wp-content\/uploads\/marecages-Ibera-02-scaled-600x400.jpg 600w, https:\/\/www.jcvignoli.com\/blog\/wp-content\/uploads\/marecages-Ibera-02-scaled-1024x683.jpg 1024w, https:\/\/www.jcvignoli.com\/blog\/wp-content\/uploads\/marecages-Ibera-02-scaled-768x512.jpg 768w, https:\/\/www.jcvignoli.com\/blog\/wp-content\/uploads\/marecages-Ibera-02-scaled-1536x1024.jpg 1536w, https:\/\/www.jcvignoli.com\/blog\/wp-content\/uploads\/marecages-Ibera-02-scaled-2048x1366.jpg 2048w\" sizes=\"auto, (max-width: 600px) 100vw, 600px\" \/><\/a><a href=\"https:\/\/www.jcvignoli.com\/blog\/wp-content\/uploads\/marecages-Ibera-03-scaled.jpg\"><img loading=\"lazy\" decoding=\"async\" class=\"size-medium wp-image-5689 aligncenter\" src=\"https:\/\/www.jcvignoli.com\/blog\/wp-content\/uploads\/marecages-Ibera-03-scaled-600x400.jpg\" alt=\"\" width=\"600\" height=\"400\" srcset=\"https:\/\/www.jcvignoli.com\/blog\/wp-content\/uploads\/marecages-Ibera-03-scaled-600x400.jpg 600w, https:\/\/www.jcvignoli.com\/blog\/wp-content\/uploads\/marecages-Ibera-03-scaled-1024x683.jpg 1024w, https:\/\/www.jcvignoli.com\/blog\/wp-content\/uploads\/marecages-Ibera-03-scaled-768x512.jpg 768w, https:\/\/www.jcvignoli.com\/blog\/wp-content\/uploads\/marecages-Ibera-03-scaled-1536x1024.jpg 1536w, https:\/\/www.jcvignoli.com\/blog\/wp-content\/uploads\/marecages-Ibera-03-scaled-2048x1366.jpg 2048w\" sizes=\"auto, (max-width: 600px) 100vw, 600px\" \/><\/a><\/p>\n<h2>Une histoire pleine de d\u00e9fis<\/h2>\n<p><a href=\"https:\/\/www.jcvignoli.com\/blog\/wp-content\/uploads\/Camping-Carambola-Ibera-scaled.jpg\"><img loading=\"lazy\" decoding=\"async\" class=\"alignright wp-image-5691 size-thumbnail\" src=\"https:\/\/www.jcvignoli.com\/blog\/wp-content\/uploads\/Camping-Carambola-Ibera-scaled-200x200.jpg\" alt=\"\" width=\"200\" height=\"200\" \/><\/a>La fondation Rewilding a fait le pari d&rsquo;une approche symbiotique animale et humaine dans toutes ses activit\u00e9s. Ainsi, elle s&rsquo;assure qu&rsquo;aucune esp\u00e8ce exotique, aussi bien animale que v\u00e9g\u00e9tale, ne p\u00e9n\u00e8tre dans le parc et ne bouleverse l&rsquo;\u00e9quilibre des \u00e9cosyst\u00e8mes. Elle soutient les populations locales et est \u00e9galement un moteur dans le d\u00e9veloppement du tourisme. Elle offre, par exemple, des places de camping pour les visiteurs et forme des guides au sein des communaut\u00e9s habitant pr\u00e8s du parc.<\/p>\n<p>Respect\u00e9e aussi bien par les experts que par la population locale, la fondation Rewilding semble ne faire que des heureux. Surtout parmi les animaux, qui retrouvent des espaces dont ils avaient \u00e9t\u00e9 chass\u00e9s jusque-l\u00e0.<\/p>\n<p>&nbsp;<\/p>\n<p><a href=\"https:\/\/www.jcvignoli.com\/blog\/wp-content\/uploads\/Coucher-de-soleil-Ibera-scaled.jpg\"><img loading=\"lazy\" decoding=\"async\" class=\"aligncenter wp-image-5692 size-large\" src=\"https:\/\/www.jcvignoli.com\/blog\/wp-content\/uploads\/Coucher-de-soleil-Ibera-scaled-1024x768.jpg\" alt=\"\" width=\"1024\" height=\"768\" srcset=\"https:\/\/www.jcvignoli.com\/blog\/wp-content\/uploads\/Coucher-de-soleil-Ibera-scaled-1024x768.jpg 1024w, https:\/\/www.jcvignoli.com\/blog\/wp-content\/uploads\/Coucher-de-soleil-Ibera-scaled-600x450.jpg 600w, https:\/\/www.jcvignoli.com\/blog\/wp-content\/uploads\/Coucher-de-soleil-Ibera-scaled-768x576.jpg 768w, https:\/\/www.jcvignoli.com\/blog\/wp-content\/uploads\/Coucher-de-soleil-Ibera-scaled-1536x1152.jpg 1536w, https:\/\/www.jcvignoli.com\/blog\/wp-content\/uploads\/Coucher-de-soleil-Ibera-scaled-2048x1536.jpg 2048w\" sizes=\"auto, (max-width: 1024px) 100vw, 1024px\" \/><\/a><\/p>\n<div class=\"pld-like-dislike-wrap pld-template-1\">\r\n    <div class=\"pld-like-wrap  pld-common-wrap\">\r\n    <a href=\"javascript:void(0)\" class=\"pld-like-trigger pld-like-dislike-trigger  \" title=\"Super article!\" data-post-id=\"5684\" data-trigger-type=\"like\" data-restriction=\"cookie\" data-already-liked=\"0\">\r\n                        <i class=\"fas fa-thumbs-up\"><\/i>\r\n                <\/a>\r\n    <span class=\"pld-like-count-wrap pld-count-wrap\">0    <\/span>\r\n<\/div><div class=\"pld-dislike-wrap  pld-common-wrap\">\r\n    <a href=\"javascript:void(0)\" class=\"pld-dislike-trigger pld-like-dislike-trigger  \" title=\"Pas terrible...\" data-post-id=\"5684\" data-trigger-type=\"dislike\" data-restriction=\"cookie\" data-already-liked=\"0\">\r\n                        <i class=\"fas fa-thumbs-down\"><\/i>\r\n                <\/a>\r\n    <span class=\"pld-dislike-count-wrap pld-count-wrap\">0<\/span>\r\n<\/div><\/div>","protected":false},"excerpt":{"rendered":"<p>Au sein d&rsquo;une r\u00e9serve naturelle immense de 13 mille kilom\u00e8tres carr\u00e9s (plus du quart de la superficie de la Suisse), se trouve le parc national d&rsquo;Iber\u00e1 qui abrite sur 2000 km2 une biodiversit\u00e9 d&rsquo;une richesse majestueuse. La fondation Rewilding, cr\u00e9\u00e9e par Douglas Tompkins en 1992, se charge d&rsquo;administrer, en collaboration avec le gouvernement argentin, quatre [&hellip;]<\/p>\n","protected":false},"author":1,"featured_media":5695,"comment_status":"open","ping_status":"open","sticky":false,"template":"","format":"standard","meta":{"ocean_post_layout":"","ocean_both_sidebars_style":"","ocean_both_sidebars_content_width":0,"ocean_both_sidebars_sidebars_width":0,"ocean_sidebar":"0","ocean_second_sidebar":"0","ocean_disable_margins":"enable","ocean_add_body_class":"","ocean_shortcode_before_top_bar":"","ocean_shortcode_after_top_bar":"","ocean_shortcode_before_header":"","ocean_shortcode_after_header":"","ocean_has_shortcode":"","ocean_shortcode_after_title":"","ocean_shortcode_before_footer_widgets":"","ocean_shortcode_after_footer_widgets":"","ocean_shortcode_before_footer_bottom":"","ocean_shortcode_after_footer_bottom":"","ocean_display_top_bar":"default","ocean_display_header":"default","ocean_header_style":"","ocean_center_header_left_menu":"0","ocean_custom_header_template":"0","ocean_custom_logo":0,"ocean_custom_retina_logo":0,"ocean_custom_logo_max_width":0,"ocean_custom_logo_tablet_max_width":0,"ocean_custom_logo_mobile_max_width":0,"ocean_custom_logo_max_height":0,"ocean_custom_logo_tablet_max_height":0,"ocean_custom_logo_mobile_max_height":0,"ocean_header_custom_menu":"0","ocean_menu_typo_font_family":"0","ocean_menu_typo_font_subset":"","ocean_menu_typo_font_size":0,"ocean_menu_typo_font_size_tablet":0,"ocean_menu_typo_font_size_mobile":0,"ocean_menu_typo_font_size_unit":"px","ocean_menu_typo_font_weight":"","ocean_menu_typo_font_weight_tablet":"","ocean_menu_typo_font_weight_mobile":"","ocean_menu_typo_transform":"","ocean_menu_typo_transform_tablet":"","ocean_menu_typo_transform_mobile":"","ocean_menu_typo_line_height":0,"ocean_menu_typo_line_height_tablet":0,"ocean_menu_typo_line_height_mobile":0,"ocean_menu_typo_line_height_unit":"","ocean_menu_typo_spacing":0,"ocean_menu_typo_spacing_tablet":0,"ocean_menu_typo_spacing_mobile":0,"ocean_menu_typo_spacing_unit":"","ocean_menu_link_color":"","ocean_menu_link_color_hover":"","ocean_menu_link_color_active":"","ocean_menu_link_background":"","ocean_menu_link_hover_background":"","ocean_menu_link_active_background":"","ocean_menu_social_links_bg":"","ocean_menu_social_hover_links_bg":"","ocean_menu_social_links_color":"","ocean_menu_social_hover_links_color":"","ocean_disable_title":"default","ocean_disable_heading":"default","ocean_post_title":"","ocean_post_subheading":"","ocean_post_title_style":"","ocean_post_title_background_color":"","ocean_post_title_background":0,"ocean_post_title_bg_image_position":"","ocean_post_title_bg_image_attachment":"","ocean_post_title_bg_image_repeat":"","ocean_post_title_bg_image_size":"","ocean_post_title_height":0,"ocean_post_title_bg_overlay":0.5,"ocean_post_title_bg_overlay_color":"","ocean_disable_breadcrumbs":"default","ocean_breadcrumbs_color":"","ocean_breadcrumbs_separator_color":"","ocean_breadcrumbs_links_color":"","ocean_breadcrumbs_links_hover_color":"","ocean_display_footer_widgets":"default","ocean_display_footer_bottom":"default","ocean_custom_footer_template":"0","ocean_post_oembed":"","ocean_post_self_hosted_media":"","ocean_post_video_embed":"","ocean_link_format":"","ocean_link_format_target":"self","ocean_quote_format":"","ocean_quote_format_link":"post","ocean_gallery_link_images":"off","ocean_gallery_id":[],"footnotes":""},"categories":[15,1871,3,1860,26],"tags":[13942,12399,13944,13946],"class_list":["post-5684","post","type-post","status-publish","format-standard","has-post-thumbnail","hentry","category-articles","category-chroniques","category-ecologie","category-interview","category-voyages","tag-argentine","tag-guarani","tag-ibera","tag-parc-naturel","entry","has-media"],"aioseo_notices":[],"language":"fr","_links":{"self":[{"href":"https:\/\/www.jcvignoli.com\/blog\/wp-json\/wp\/v2\/posts\/5684","targetHints":{"allow":["GET"]}}],"collection":[{"href":"https:\/\/www.jcvignoli.com\/blog\/wp-json\/wp\/v2\/posts"}],"about":[{"href":"https:\/\/www.jcvignoli.com\/blog\/wp-json\/wp\/v2\/types\/post"}],"author":[{"embeddable":true,"href":"https:\/\/www.jcvignoli.com\/blog\/wp-json\/wp\/v2\/users\/1"}],"replies":[{"embeddable":true,"href":"https:\/\/www.jcvignoli.com\/blog\/wp-json\/wp\/v2\/comments?post=5684"}],"version-history":[{"count":3,"href":"https:\/\/www.jcvignoli.com\/blog\/wp-json\/wp\/v2\/posts\/5684\/revisions"}],"predecessor-version":[{"id":5744,"href":"https:\/\/www.jcvignoli.com\/blog\/wp-json\/wp\/v2\/posts\/5684\/revisions\/5744"}],"wp:featuredmedia":[{"embeddable":true,"href":"https:\/\/www.jcvignoli.com\/blog\/wp-json\/wp\/v2\/media\/5695"}],"wp:attachment":[{"href":"https:\/\/www.jcvignoli.com\/blog\/wp-json\/wp\/v2\/media?parent=5684"}],"wp:term":[{"taxonomy":"category","embeddable":true,"href":"https:\/\/www.jcvignoli.com\/blog\/wp-json\/wp\/v2\/categories?post=5684"},{"taxonomy":"post_tag","embeddable":true,"href":"https:\/\/www.jcvignoli.com\/blog\/wp-json\/wp\/v2\/tags?post=5684"}],"curies":[{"name":"wp","href":"https:\/\/api.w.org\/{rel}","templated":true}]}}