{"id":5533,"date":"2021-06-15T00:06:25","date_gmt":"2021-06-15T04:06:25","guid":{"rendered":"https:\/\/www.jcvignoli.com\/blog\/?p=5533"},"modified":"2021-11-05T18:32:30","modified_gmt":"2021-11-05T22:32:30","slug":"caral-la-plus-ancienne-civilisation-des-ameriques-en-peril-pour-cause-de-pandemie","status":"publish","type":"post","link":"https:\/\/www.jcvignoli.com\/blog\/2021\/caral-la-plus-ancienne-civilisation-des-ameriques-en-peril-pour-cause-de-pandemie","title":{"rendered":"Caral, la plus ancienne civilisation des Am\u00e9riques en p\u00e9ril pour cause de pand\u00e9mie"},"content":{"rendered":"<div id=\"ez-toc-container\" class=\"ez-toc-v2_0_82_2 ez-toc-wrap-center counter-hierarchy ez-toc-counter ez-toc-grey ez-toc-container-direction\">\n<div class=\"ez-toc-title-container\">\n<p class=\"ez-toc-title\" style=\"cursor:inherit\">Contents<\/p>\n<span class=\"ez-toc-title-toggle\"><\/span><\/div>\n<nav><ul class='ez-toc-list ez-toc-list-level-1 ' ><li class='ez-toc-page-1 ez-toc-heading-level-2'><a class=\"ez-toc-link ez-toc-heading-1\" href=\"https:\/\/www.jcvignoli.com\/blog\/2021\/caral-la-plus-ancienne-civilisation-des-ameriques-en-peril-pour-cause-de-pandemie\/#La_pandemie_de_toutes_les_opportunites\" >La pand\u00e9mie de toutes les opportunit\u00e9s<\/a><\/li><li class='ez-toc-page-1 ez-toc-heading-level-2'><a class=\"ez-toc-link ez-toc-heading-2\" href=\"https:\/\/www.jcvignoli.com\/blog\/2021\/caral-la-plus-ancienne-civilisation-des-ameriques-en-peril-pour-cause-de-pandemie\/#Pourquoi_Caral_est_unique\" >Pourquoi Caral est unique<\/a><\/li><li class='ez-toc-page-1 ez-toc-heading-level-2'><a class=\"ez-toc-link ez-toc-heading-3\" href=\"https:\/\/www.jcvignoli.com\/blog\/2021\/caral-la-plus-ancienne-civilisation-des-ameriques-en-peril-pour-cause-de-pandemie\/#Une_civilisation_de_paix_qui_a_inspire_et_inspire_encore\" >Une civilisation de paix qui a inspir\u00e9 et inspire encore<\/a><\/li><li class='ez-toc-page-1 ez-toc-heading-level-2'><a class=\"ez-toc-link ez-toc-heading-4\" href=\"https:\/\/www.jcvignoli.com\/blog\/2021\/caral-la-plus-ancienne-civilisation-des-ameriques-en-peril-pour-cause-de-pandemie\/#Un_passe_au_peril_au_present\" >Un pass\u00e9 au p\u00e9ril au pr\u00e9sent<\/a><\/li><\/ul><\/nav><\/div>\n<p>(cet article a \u00e9t\u00e9 publi\u00e9 dans <a href=\"https:\/\/www.heidi.news\/sciences\/caral-5000-ans-d-histoire-en-peril-a-cause-de-covid-19\">heidi.news<\/a> le 14 juin 2021)<\/p>\n<p>La pand\u00e9mie de Covid-19 ne se limite pas \u00e0 nous retirer le pr\u00e9sent, elle cause \u00e9galement la ruine du pass\u00e9. La civilisation de Caral (3000-1800 av. J.-C.) du P\u00e9rou est la plus ancienne civilisation d\u00e9couverte aux Am\u00e9riques. Elle est contemporaine de l&rsquo;Egypte et la M\u00e9sopotamie antiques et serait, \u00e0 en croire selon la docteure Ruth Shady Soli, l&rsquo;origine de la civilisation andine. Enregistr\u00e9e comme patrimoine de l\u2019humanit\u00e9 aupr\u00e8s de l\u2019UNESCO en 2009, \u00ab\u00a0Caral est aujourd\u2019hui en danger en raison des effets politiques et sociaux de la Covid-19\u00a0\u00bb, alerte la directrice des sites arch\u00e9ologiques de la vall\u00e9e de Supe.<\/p>\n<h2><span class=\"ez-toc-section\" id=\"La_pandemie_de_toutes_les_opportunites\"><\/span>La pand\u00e9mie de toutes les opportunit\u00e9s<span class=\"ez-toc-section-end\"><\/span><\/h2>\n<p><a href=\"https:\/\/www.jcvignoli.com\/blog\/wp-content\/uploads\/Ruth-Shady-Soli-bureau.jpg\"><img loading=\"lazy\" decoding=\"async\" class=\"alignleft size-medium wp-image-3354\" src=\"https:\/\/www.jcvignoli.com\/blog\/wp-content\/uploads\/Ruth-Shady-Soli-bureau-300x200.jpg\" alt=\"Dr Ruth Shady Soli dans aon bureau\" width=\"300\" height=\"200\" srcset=\"https:\/\/www.jcvignoli.com\/blog\/wp-content\/uploads\/Ruth-Shady-Soli-bureau-300x200.jpg 300w, https:\/\/www.jcvignoli.com\/blog\/wp-content\/uploads\/Ruth-Shady-Soli-bureau-1024x683.jpg 1024w, https:\/\/www.jcvignoli.com\/blog\/wp-content\/uploads\/Ruth-Shady-Soli-bureau-768x512.jpg 768w, https:\/\/www.jcvignoli.com\/blog\/wp-content\/uploads\/Ruth-Shady-Soli-bureau-1536x1024.jpg 1536w, https:\/\/www.jcvignoli.com\/blog\/wp-content\/uploads\/Ruth-Shady-Soli-bureau-2048x1366.jpg 2048w, https:\/\/www.jcvignoli.com\/blog\/wp-content\/uploads\/Ruth-Shady-Soli-bureau-150x100.jpg 150w, https:\/\/www.jcvignoli.com\/blog\/wp-content\/uploads\/Ruth-Shady-Soli-bureau-187x125.jpg 187w\" sizes=\"auto, (max-width: 300px) 100vw, 300px\" \/><\/a>Avant la pand\u00e9mie, 70&rsquo;000 personnes visitaient Caral annuellement, ce qui en faisait l\u2019un des sites les plus visit\u00e9s du pays. Si les touristes ont d\u00e9sert\u00e9s les lieux depuis, des personnes peu scrupuleuses ont profit\u00e9 des turbulences politiques provoqu\u00e9e par la maladie pour s\u2019accaparer des terres du site plusieurs fois mill\u00e9naire. \u00ab\u00a0Dans la zone arch\u00e9ologique des habitations des personnes modestes, des demeures antiques ont \u00e9t\u00e9 d\u00e9truites. Il nous a fallu creuser profond\u00e9ment pour retrouver ces b\u00e2tisses, elles \u00e9taient mises en morceaux et enterr\u00e9es par les vandales. C\u2019est d\u00e9sesp\u00e9rant\u00a0\u00bb, s\u2019offusque la directrice, Ruth Shady.<\/p>\n<p>Son \u00e9quipe affronte quotidiennement la violence des usurpateurs terriens . L\u2019un des collaborateurs de Caral a effectu\u00e9 un s\u00e9jour \u00e0 l\u2019h\u00f4pital apr\u00e8s une virulente attaque physique. \u00ab\u00a0L\u2019app\u00e2t du gain est l\u2019unique motivation de la famille qui s\u2019accapare ill\u00e9galement les terres de l\u2019\u00c9tat pour les revendre. Un hectare dans la r\u00e9gion atteignait 6\u2019000 dollars il y a quelques ann\u00e9es\u00a0; aujourd\u2019hui, on en tire pr\u00e8s de 38\u2019000 dollars\u00a0!\u00a0\u00bb, explique l\u2019arch\u00e9ologue.<\/p>\n<p>Menac\u00e9e elle-m\u00eame de mort au grand jour par la famille faisant r\u00e9gner la terreur dans la r\u00e9gion, Ruth Shady a demand\u00e9 l\u2019intervention de la police\u00a0: \u00ab\u00a0Ce conflit n\u2019est pas nouveau. En 2017 d\u00e9j\u00e0, nous obtenions que la Cour Supr\u00eame p\u00e9ruvienne ordonne l\u2019\u00e9vacuation des usurpateurs. Les choses semblaient se calmer, bien que les autorit\u00e9s aient rechign\u00e9 \u00e0 ex\u00e9cuter la d\u00e9cision judiciaire. Nous avons pu continuer les fouilles et accueillir les visiteurs. Or, depuis le d\u00e9but de la pand\u00e9mie, l\u2019empi\u00e9tement ill\u00e9gal sur les terres du site arch\u00e9ologique s\u2019est acc\u00e9l\u00e9r\u00e9. Le gouvernement ne se pr\u00e9occupe plus de la protection des sites arch\u00e9ologique dont il a la charge\u00a0\u00bb, d\u00e9plore la directrice. Le P\u00e9rou est l\u2019un des pays qui comptabilise le plus haut taux de mortalit\u00e9 d\u00fb \u00e0 la Covid-19.<\/p>\n<h2><span class=\"ez-toc-section\" id=\"Pourquoi_Caral_est_unique\"><\/span>Pourquoi Caral est unique<span class=\"ez-toc-section-end\"><\/span><\/h2>\n<p><a href=\"https:\/\/www.jcvignoli.com\/blog\/wp-content\/uploads\/Caral-25-ans.jpg\"><img loading=\"lazy\" decoding=\"async\" class=\"alignleft size-medium wp-image-3352\" src=\"https:\/\/www.jcvignoli.com\/blog\/wp-content\/uploads\/Caral-25-ans-300x225.jpg\" alt=\"G\u00e9oglyphe en spirale pour les 25 ans de Caral\" width=\"300\" height=\"225\" srcset=\"https:\/\/www.jcvignoli.com\/blog\/wp-content\/uploads\/Caral-25-ans-300x225.jpg 300w, https:\/\/www.jcvignoli.com\/blog\/wp-content\/uploads\/Caral-25-ans-1024x768.jpg 1024w, https:\/\/www.jcvignoli.com\/blog\/wp-content\/uploads\/Caral-25-ans-768x576.jpg 768w, https:\/\/www.jcvignoli.com\/blog\/wp-content\/uploads\/Caral-25-ans-1536x1152.jpg 1536w, https:\/\/www.jcvignoli.com\/blog\/wp-content\/uploads\/Caral-25-ans-2048x1536.jpg 2048w, https:\/\/www.jcvignoli.com\/blog\/wp-content\/uploads\/Caral-25-ans-150x113.jpg 150w, https:\/\/www.jcvignoli.com\/blog\/wp-content\/uploads\/Caral-25-ans-167x125.jpg 167w\" sizes=\"auto, (max-width: 300px) 100vw, 300px\" \/><\/a>Caral est si ancienne qu&rsquo;elle serait la ville o\u00f9 la civilisation am\u00e9ricaine aurait germ\u00e9. Ruth Shady postule que cette civilisation serait le point de d\u00e9part des cultures andines. Le site conjugue des attributs de nombreuses civilisations p\u00e9ruviennes post\u00e9rieures et contient des \u00e9l\u00e9ments architectoniques et religieux qui seront utilis\u00e9s jusqu&rsquo;\u00e0 l\u2019\u00e9poque des Incas. \u00ab\u00a0La dualit\u00e9, le r\u00f4le de la femme \u00e9gal \u00e0 celui de l&rsquo;homme, les pyramides, les larges places de rassemblement, les offrandes faites aux forces de la nature&#8230; on trouve des r\u00e9f\u00e9rences qui sont syst\u00e9matiquement utilis\u00e9s par les cultures de la r\u00e9gion\u00a0\u00bb, justifie Ruth Shady. \u00ab\u00a0Nous avons retrouv\u00e9 des maquettes qui sugg\u00e8rent que nos anc\u00eatres construisaient leurs villes selon des plans ordonn\u00e9s\u00a0: ils ne laissaient rien au hasard\u00a0\u00bb, s\u2019enthousiasme la P\u00e9ruvienne.<\/p>\n<p>Caral est devenu rapidement le site auquel tout arch\u00e9ologue ou m\u00eame scientifique cherche \u00e0 \u00eatre associ\u00e9. La concurrence peut pousser des scientifiques \u00e0 franchir les barri\u00e8res \u00e9thiques, comme le retrace la docteure : \u00ab Un arch\u00e9ologue allemand, Peter Fuchs, travaillant \u00e0 Sechin Bajo (nda : autre site arch\u00e9ologique p\u00e9ruvien) a pr\u00e9tendu avoir obtenu des datations au carbone 14 plus anciennes que celles de Caral. Je me suis rendue sur place et je n&rsquo;ai pas \u00e9t\u00e9 convaincue par ses affirmations. Apr\u00e8s lui avoir confi\u00e9 mes doutes, il a craqu\u00e9 et reconnu qu&rsquo;il cherchait \u00e0 obtenir des financements co\u00fbte que co\u00fbte \u00bb, regrette la directrice.<\/p>\n<h2><span class=\"ez-toc-section\" id=\"Une_civilisation_de_paix_qui_a_inspire_et_inspire_encore\"><\/span>Une civilisation de paix qui a inspir\u00e9 et inspire encore<span class=\"ez-toc-section-end\"><\/span><\/h2>\n<p>L&rsquo;une des caract\u00e9ristique architecturale les plus \u00e9tonnantes de Caral tient \u00e0 son absence de murailles pouvant la prot\u00e9ger d\u2019\u00e9ventuels envahisseurs. Plus stup\u00e9fiant encore, aucune arme n&rsquo;a \u00e9t\u00e9 retrouv\u00e9e le site\u00a0: \u00ab\u00a0Caral donne l&rsquo;impression d&rsquo;avoir \u00e9t\u00e9 une soci\u00e9t\u00e9 th\u00e9ocratique et pacifique\u00a0\u00bb, indique la P\u00e9ruvienne, \u00ab\u00a0mais il nous reste bien des zones d&rsquo;ombre \u00e0 \u00e9claircir. Seuls 40 corps ont \u00e9t\u00e9 retrouv\u00e9s par exemple, et encore, ce n&rsquo;\u00e9tait que des fragments de squelettes\u00a0\u00bb. Sur les 1200 ann\u00e9es d&rsquo;occupation du site, on pourrait s&rsquo;attendre \u00e0 un chiffre nettement plus cons\u00e9quent. \u00ab\u00a0Je pense que les corps sont dans les montagnes, probablement abrit\u00e9s dans des n\u00e9cropoles\u00a0\u00bb, estime l&rsquo;arch\u00e9ologue.<\/p>\n<figure id=\"attachment_3349\" aria-describedby=\"caption-attachment-3349\" style=\"width: 300px\" class=\"wp-caption alignleft\"><a href=\"https:\/\/www.jcvignoli.com\/blog\/wp-content\/uploads\/Caral-pyramide-Aspero.jpg\"><img loading=\"lazy\" decoding=\"async\" class=\"size-medium wp-image-3349\" src=\"https:\/\/www.jcvignoli.com\/blog\/wp-content\/uploads\/Caral-pyramide-Aspero-300x225.jpg\" alt=\"Pyramide \u00e0 Aspero\" width=\"300\" height=\"225\" srcset=\"https:\/\/www.jcvignoli.com\/blog\/wp-content\/uploads\/Caral-pyramide-Aspero-300x225.jpg 300w, https:\/\/www.jcvignoli.com\/blog\/wp-content\/uploads\/Caral-pyramide-Aspero-1024x768.jpg 1024w, https:\/\/www.jcvignoli.com\/blog\/wp-content\/uploads\/Caral-pyramide-Aspero-768x576.jpg 768w, https:\/\/www.jcvignoli.com\/blog\/wp-content\/uploads\/Caral-pyramide-Aspero-1536x1152.jpg 1536w, https:\/\/www.jcvignoli.com\/blog\/wp-content\/uploads\/Caral-pyramide-Aspero-2048x1536.jpg 2048w, https:\/\/www.jcvignoli.com\/blog\/wp-content\/uploads\/Caral-pyramide-Aspero-150x113.jpg 150w, https:\/\/www.jcvignoli.com\/blog\/wp-content\/uploads\/Caral-pyramide-Aspero-167x125.jpg 167w\" sizes=\"auto, (max-width: 300px) 100vw, 300px\" \/><\/a><figcaption id=\"caption-attachment-3349\" class=\"wp-caption-text\">Pyramide \u00e0 \u00c1spero<\/figcaption><\/figure>\n<p>La civilisation de Caral recouvrait au moins 25 centres administratifs et religieux r\u00e9partis dans la vall\u00e9e de Supe et interconnect\u00e9s : \u00ab\u00a0Nous effectuons des recherches sur 11 sites au total, dont les centres urbains d&rsquo;\u00c1spero et de Vichama. Dans ce dernier, des fouilles r\u00e9centes ont mis \u00e0 jour des reliefs d\u00e9crivant un changement\u00a0: je pense qu\u2019il s\u2019agit d\u2019un changement climatique, qui a \u00e9t\u00e9 fatal \u00e0 la civilisation de Caral. Des donn\u00e9es climatologiques similaires recueillies en M\u00e9sopotamie sugg\u00e8rent qu\u2019un changement climatique mondial a eu lieu il y a 3\u2019500 \u00e0 4\u2019000 ans\u00a0\u00bb, avance l&rsquo;arch\u00e9ologue.<\/p>\n<p>Le site arch\u00e9ologique est source de curiosit\u00e9s pour toutes les disciplines. Ainsi, des ing\u00e9nieurs japonnais ont analys\u00e9 puis copi\u00e9 les techniques de construction anti-sismique des anciens pour des b\u00e2timent modernes. Un physicien \u00e9tasunien s\u2019est enthousiasm\u00e9 pour des r\u00e9ceptacles de brasiers coiffant des autels, dont l\u2019efficacit\u00e9 thermique sugg\u00e8re une compr\u00e9hension de la m\u00e9canique des fluides pourtant inconnue \u00e0 l\u2019\u00e9poque. La docteure Shady quant \u00e0 elle vise \u00e0 r\u00e9habiliter des semences de coton trouv\u00e9s dans des vases et dot\u00e9s de caract\u00e9ristiques les rendant particuli\u00e8rement adapt\u00e9s \u00e0 la s\u00e9cheresse des vall\u00e9es d\u00e9sertiques. \u00ab\u00a0J&rsquo;ai montr\u00e9 des sp\u00e9cimens du coton produit \u00e0 Supe \u00e0 des industriels du textile lors de la COP 20. Ils \u00e9taient subjugu\u00e9s, et voulaient savoir si le P\u00e9rou pourrait exporter en masse du coton. J&rsquo;ai douch\u00e9 leurs espoirs, leur expliquant que mon pays n&rsquo;en produisait presque plus, que je ne poss\u00e9dais qu\u2019un petit \u00e9chantillon\u00a0\u00bb. Toutefois, cette marque d\u2019int\u00e9r\u00eat a d\u00e9cid\u00e9 l\u2019arch\u00e9ologue \u00e0 fournir des graines antiques aux villageois de Supe pour qu\u2019ils cultivent des cotonniers. Elle argue que si les anciens ont pu en faire un troc durant 1200 ans, c&rsquo;est que la plante est en symbiose avec son environnement.<\/p>\n<p><a href=\"https:\/\/www.jcvignoli.com\/blog\/wp-content\/uploads\/Caral-huaca-pyramide.jpg\"><img loading=\"lazy\" decoding=\"async\" class=\"alignleft size-medium wp-image-3351\" src=\"https:\/\/www.jcvignoli.com\/blog\/wp-content\/uploads\/Caral-huaca-pyramide-300x225.jpg\" alt=\"Huaca face \u00e0 pyramide \u00e0 Caral\" width=\"300\" height=\"225\" srcset=\"https:\/\/www.jcvignoli.com\/blog\/wp-content\/uploads\/Caral-huaca-pyramide-300x225.jpg 300w, https:\/\/www.jcvignoli.com\/blog\/wp-content\/uploads\/Caral-huaca-pyramide-1024x768.jpg 1024w, https:\/\/www.jcvignoli.com\/blog\/wp-content\/uploads\/Caral-huaca-pyramide-768x576.jpg 768w, https:\/\/www.jcvignoli.com\/blog\/wp-content\/uploads\/Caral-huaca-pyramide-1536x1152.jpg 1536w, https:\/\/www.jcvignoli.com\/blog\/wp-content\/uploads\/Caral-huaca-pyramide-2048x1536.jpg 2048w, https:\/\/www.jcvignoli.com\/blog\/wp-content\/uploads\/Caral-huaca-pyramide-150x113.jpg 150w, https:\/\/www.jcvignoli.com\/blog\/wp-content\/uploads\/Caral-huaca-pyramide-167x125.jpg 167w\" sizes=\"auto, (max-width: 300px) 100vw, 300px\" \/><\/a>Ruth Shady estime que si enqu\u00eater sur notre pass\u00e9 est un devoir, il a pour corollaire l\u2019obligation de s&rsquo;ancrer dans le pr\u00e9sent : \u00ab L&rsquo;arch\u00e9ologie ne se cantonne pas \u00e0 cr\u00e9er des opportunit\u00e9s touristiques. On peut apprendre de nos anc\u00eatres, qui ont su s&rsquo;adapter durant des milliers d&rsquo;ann\u00e9es sans notre niveau technologique. L&rsquo;arch\u00e9ologie n\u2019a pas vocation \u00e0 se cantonner au champ acad\u00e9mique, elle doit se pencher sur nos crises actuelles : l&rsquo;exode rural ou le changement climatique. Mise en \u0153uvre avec des concepts andins, elle peut nous offrir des solutions. Mon approche est multidisciplinaire, et notre organisation collabore avec des biologistes, anthropologues, climatologues, pr\u00e9cis\u00e9ment dans ce but \u00bb, conclut-elle.<\/p>\n<h2><span class=\"ez-toc-section\" id=\"Un_passe_au_peril_au_present\"><\/span>Un pass\u00e9 au p\u00e9ril au pr\u00e9sent<span class=\"ez-toc-section-end\"><\/span><\/h2>\n<p><a href=\"https:\/\/www.jcvignoli.com\/blog\/wp-content\/uploads\/Caral-mission-organisation.jpg\"><img loading=\"lazy\" decoding=\"async\" class=\"alignleft size-medium wp-image-3372\" src=\"https:\/\/www.jcvignoli.com\/blog\/wp-content\/uploads\/Caral-mission-organisation-300x222.jpg\" alt=\"Mission de l'organisation de la Zone arch\u00e9ologique de Caral\" width=\"300\" height=\"222\" srcset=\"https:\/\/www.jcvignoli.com\/blog\/wp-content\/uploads\/Caral-mission-organisation-300x222.jpg 300w, https:\/\/www.jcvignoli.com\/blog\/wp-content\/uploads\/Caral-mission-organisation-1024x757.jpg 1024w, https:\/\/www.jcvignoli.com\/blog\/wp-content\/uploads\/Caral-mission-organisation-768x567.jpg 768w, https:\/\/www.jcvignoli.com\/blog\/wp-content\/uploads\/Caral-mission-organisation-1536x1135.jpg 1536w, https:\/\/www.jcvignoli.com\/blog\/wp-content\/uploads\/Caral-mission-organisation-2048x1513.jpg 2048w, https:\/\/www.jcvignoli.com\/blog\/wp-content\/uploads\/Caral-mission-organisation-150x111.jpg 150w, https:\/\/www.jcvignoli.com\/blog\/wp-content\/uploads\/Caral-mission-organisation-169x125.jpg 169w\" sizes=\"auto, (max-width: 300px) 100vw, 300px\" \/><\/a>Les usurpateurs de terres profitant de ces temps difficiles laisseront-ils l\u2019arch\u00e9ologue poursuivre son travail\u00a0?\u00ab\u00a0J\u2019ai re\u00e7u l\u2019Ordre du M\u00e9rite pour services rendus \u00e0 la nation en janvier 2021\u00a0\u00bb, pr\u00e9cise-t-elle, \u00ab\u00a0mais quand je communique avec les minist\u00e8res pour demander de l\u2019aide pour prot\u00e9ger le site arch\u00e9ologique des menaces, personne ne me r\u00e9pond. Le chef de la police de la r\u00e9gion nous a indiqu\u00e9 ne plus avoir les effectifs suffisants pour remplir son r\u00f4le, si bien que depuis le mois de mars, plus aucun officier n\u2019est sur place. Ils sont tous partis. Je ne sais pas ce que nous allons faire\u00a0\u00bb, se d\u00e9sesp\u00e8re la directrice, encore convalescente d\u2019un burn out provoqu\u00e9 par les d\u00e9g\u00e2ts caus\u00e9s \u00e0 Caral et \u00e0 son \u00e9quipe.<\/p>\n<p>En raison de la pand\u00e9mie qui s\u00e9vit toujours au P\u00e9rou et de l\u2019avidit\u00e9 de quelques uns, l\u2019humanit\u00e9 risque de perdre des richesses qui sont parvenues \u00e0 traverser cinq mill\u00e9naires.<\/p>\n<div class=\"pld-like-dislike-wrap pld-template-1\">\r\n    <div class=\"pld-like-wrap  pld-common-wrap\">\r\n    <a href=\"javascript:void(0)\" class=\"pld-like-trigger pld-like-dislike-trigger  \" title=\"Super article!\" data-post-id=\"5533\" data-trigger-type=\"like\" data-restriction=\"cookie\" data-already-liked=\"0\">\r\n                        <i class=\"fas fa-thumbs-up\"><\/i>\r\n                <\/a>\r\n    <span class=\"pld-like-count-wrap pld-count-wrap\">0    <\/span>\r\n<\/div><div class=\"pld-dislike-wrap  pld-common-wrap\">\r\n    <a href=\"javascript:void(0)\" class=\"pld-dislike-trigger pld-like-dislike-trigger  \" title=\"Pas terrible...\" data-post-id=\"5533\" data-trigger-type=\"dislike\" data-restriction=\"cookie\" data-already-liked=\"0\">\r\n                        <i class=\"fas fa-thumbs-down\"><\/i>\r\n                <\/a>\r\n    <span class=\"pld-dislike-count-wrap pld-count-wrap\">0<\/span>\r\n<\/div><\/div>","protected":false},"excerpt":{"rendered":"<p>(cet article a \u00e9t\u00e9 publi\u00e9 dans heidi.news le 14 juin 2021) La pand\u00e9mie de Covid-19 ne se limite pas \u00e0 nous retirer le pr\u00e9sent, elle cause \u00e9galement la ruine du pass\u00e9. La civilisation de Caral (3000-1800 av. J.-C.) du P\u00e9rou est la plus ancienne civilisation d\u00e9couverte aux Am\u00e9riques. Elle est contemporaine de l&rsquo;Egypte et la [&hellip;]<\/p>\n","protected":false},"author":1,"featured_media":3353,"comment_status":"open","ping_status":"open","sticky":false,"template":"","format":"standard","meta":{"ocean_post_layout":"","ocean_both_sidebars_style":"","ocean_both_sidebars_content_width":0,"ocean_both_sidebars_sidebars_width":0,"ocean_sidebar":"0","ocean_second_sidebar":"0","ocean_disable_margins":"enable","ocean_add_body_class":"","ocean_shortcode_before_top_bar":"","ocean_shortcode_after_top_bar":"","ocean_shortcode_before_header":"","ocean_shortcode_after_header":"","ocean_has_shortcode":"","ocean_shortcode_after_title":"","ocean_shortcode_before_footer_widgets":"","ocean_shortcode_after_footer_widgets":"","ocean_shortcode_before_footer_bottom":"","ocean_shortcode_after_footer_bottom":"","ocean_display_top_bar":"default","ocean_display_header":"default","ocean_header_style":"","ocean_center_header_left_menu":"0","ocean_custom_header_template":"0","ocean_custom_logo":0,"ocean_custom_retina_logo":0,"ocean_custom_logo_max_width":0,"ocean_custom_logo_tablet_max_width":0,"ocean_custom_logo_mobile_max_width":0,"ocean_custom_logo_max_height":0,"ocean_custom_logo_tablet_max_height":0,"ocean_custom_logo_mobile_max_height":0,"ocean_header_custom_menu":"0","ocean_menu_typo_font_family":"0","ocean_menu_typo_font_subset":"","ocean_menu_typo_font_size":0,"ocean_menu_typo_font_size_tablet":0,"ocean_menu_typo_font_size_mobile":0,"ocean_menu_typo_font_size_unit":"px","ocean_menu_typo_font_weight":"","ocean_menu_typo_font_weight_tablet":"","ocean_menu_typo_font_weight_mobile":"","ocean_menu_typo_transform":"","ocean_menu_typo_transform_tablet":"","ocean_menu_typo_transform_mobile":"","ocean_menu_typo_line_height":0,"ocean_menu_typo_line_height_tablet":0,"ocean_menu_typo_line_height_mobile":0,"ocean_menu_typo_line_height_unit":"","ocean_menu_typo_spacing":0,"ocean_menu_typo_spacing_tablet":0,"ocean_menu_typo_spacing_mobile":0,"ocean_menu_typo_spacing_unit":"","ocean_menu_link_color":"","ocean_menu_link_color_hover":"","ocean_menu_link_color_active":"","ocean_menu_link_background":"","ocean_menu_link_hover_background":"","ocean_menu_link_active_background":"","ocean_menu_social_links_bg":"","ocean_menu_social_hover_links_bg":"","ocean_menu_social_links_color":"","ocean_menu_social_hover_links_color":"","ocean_disable_title":"default","ocean_disable_heading":"default","ocean_post_title":"","ocean_post_subheading":"","ocean_post_title_style":"","ocean_post_title_background_color":"","ocean_post_title_background":0,"ocean_post_title_bg_image_position":"","ocean_post_title_bg_image_attachment":"","ocean_post_title_bg_image_repeat":"","ocean_post_title_bg_image_size":"","ocean_post_title_height":0,"ocean_post_title_bg_overlay":0.5,"ocean_post_title_bg_overlay_color":"","ocean_disable_breadcrumbs":"default","ocean_breadcrumbs_color":"","ocean_breadcrumbs_separator_color":"","ocean_breadcrumbs_links_color":"","ocean_breadcrumbs_links_hover_color":"","ocean_display_footer_widgets":"default","ocean_display_footer_bottom":"default","ocean_custom_footer_template":"0","ocean_post_oembed":"","ocean_post_self_hosted_media":"","ocean_post_video_embed":"","ocean_link_format":"","ocean_link_format_target":"self","ocean_quote_format":"","ocean_quote_format_link":"post","ocean_gallery_link_images":"off","ocean_gallery_id":[],"footnotes":""},"categories":[1659,15,1868,1860],"tags":[1745,1929,12729,1642,1874],"class_list":["post-5533","post","type-post","status-publish","format-standard","has-post-thumbnail","hentry","category-archeologie","category-articles","category-ecrits-publies","category-interview","tag-caral","tag-covid-19","tag-heidinews","tag-perou","tag-ruth-shady-soli","entry","has-media"],"aioseo_notices":[],"language":"fr","_links":{"self":[{"href":"https:\/\/www.jcvignoli.com\/blog\/wp-json\/wp\/v2\/posts\/5533","targetHints":{"allow":["GET"]}}],"collection":[{"href":"https:\/\/www.jcvignoli.com\/blog\/wp-json\/wp\/v2\/posts"}],"about":[{"href":"https:\/\/www.jcvignoli.com\/blog\/wp-json\/wp\/v2\/types\/post"}],"author":[{"embeddable":true,"href":"https:\/\/www.jcvignoli.com\/blog\/wp-json\/wp\/v2\/users\/1"}],"replies":[{"embeddable":true,"href":"https:\/\/www.jcvignoli.com\/blog\/wp-json\/wp\/v2\/comments?post=5533"}],"version-history":[{"count":3,"href":"https:\/\/www.jcvignoli.com\/blog\/wp-json\/wp\/v2\/posts\/5533\/revisions"}],"predecessor-version":[{"id":5543,"href":"https:\/\/www.jcvignoli.com\/blog\/wp-json\/wp\/v2\/posts\/5533\/revisions\/5543"}],"wp:featuredmedia":[{"embeddable":true,"href":"https:\/\/www.jcvignoli.com\/blog\/wp-json\/wp\/v2\/media\/3353"}],"wp:attachment":[{"href":"https:\/\/www.jcvignoli.com\/blog\/wp-json\/wp\/v2\/media?parent=5533"}],"wp:term":[{"taxonomy":"category","embeddable":true,"href":"https:\/\/www.jcvignoli.com\/blog\/wp-json\/wp\/v2\/categories?post=5533"},{"taxonomy":"post_tag","embeddable":true,"href":"https:\/\/www.jcvignoli.com\/blog\/wp-json\/wp\/v2\/tags?post=5533"}],"curies":[{"name":"wp","href":"https:\/\/api.w.org\/{rel}","templated":true}]}}