{"id":4809,"date":"2020-11-12T21:34:56","date_gmt":"2020-11-13T02:34:56","guid":{"rendered":"https:\/\/www.jcvignoli.com\/blog\/?p=4809"},"modified":"2020-11-12T22:04:01","modified_gmt":"2020-11-13T03:04:01","slug":"1000-manifestants-a-arequipa-reclament-le-depart-du-president-merino","status":"publish","type":"post","link":"https:\/\/www.jcvignoli.com\/blog\/2020\/1000-manifestants-a-arequipa-reclament-le-depart-du-president-merino","title":{"rendered":"1000 manifestants \u00e0 Arequipa r\u00e9clament le d\u00e9part du pr\u00e9sident Merino"},"content":{"rendered":"<p><a href=\"https:\/\/www.jcvignoli.com\/blog\/wp-content\/uploads\/Arequipa-manif-01-scaled.jpg\"><img loading=\"lazy\" decoding=\"async\" class=\"alignleft size-large wp-image-4812\" src=\"https:\/\/www.jcvignoli.com\/blog\/wp-content\/uploads\/Arequipa-manif-01-scaled-1024x768.jpg\" alt=\"\" width=\"1024\" height=\"768\" srcset=\"https:\/\/www.jcvignoli.com\/blog\/wp-content\/uploads\/Arequipa-manif-01-scaled-1024x768.jpg 1024w, https:\/\/www.jcvignoli.com\/blog\/wp-content\/uploads\/Arequipa-manif-01-scaled-600x450.jpg 600w, https:\/\/www.jcvignoli.com\/blog\/wp-content\/uploads\/Arequipa-manif-01-scaled-768x576.jpg 768w, https:\/\/www.jcvignoli.com\/blog\/wp-content\/uploads\/Arequipa-manif-01-scaled-1536x1152.jpg 1536w, https:\/\/www.jcvignoli.com\/blog\/wp-content\/uploads\/Arequipa-manif-01-scaled-2048x1536.jpg 2048w\" sizes=\"auto, (max-width: 1024px) 100vw, 1024px\" \/><\/a>Environ 1000 manifestants \u00e0 Arequipa sont descendus dans la rue pour r\u00e9clamer le retour du pr\u00e9sident d\u00e9chu Vizcarra, que le parlement a jug\u00e9 comme \u00e9tant en \u00ab\u00a0permanente incapacit\u00e9 moralement\u00a0\u00bb par 105 voix sur 130. Des accusations de corruption avaient d\u00e9j\u00e0 \u00e9t\u00e9 lanc\u00e9es \u00e0 son encontre en septembre 2020, mais la motion de censure avait \u00e9chou\u00e9e.<\/p>\n<p><a href=\"https:\/\/www.jcvignoli.com\/blog\/wp-content\/uploads\/Arequipa-manif-02-scaled.jpg\"><img loading=\"lazy\" decoding=\"async\" class=\"alignleft size-large wp-image-4813\" src=\"https:\/\/www.jcvignoli.com\/blog\/wp-content\/uploads\/Arequipa-manif-02-scaled-1024x768.jpg\" alt=\"Dispositif policier entoirant la manifestation\" width=\"1024\" height=\"768\" srcset=\"https:\/\/www.jcvignoli.com\/blog\/wp-content\/uploads\/Arequipa-manif-02-scaled-1024x768.jpg 1024w, https:\/\/www.jcvignoli.com\/blog\/wp-content\/uploads\/Arequipa-manif-02-scaled-600x450.jpg 600w, https:\/\/www.jcvignoli.com\/blog\/wp-content\/uploads\/Arequipa-manif-02-scaled-768x576.jpg 768w, https:\/\/www.jcvignoli.com\/blog\/wp-content\/uploads\/Arequipa-manif-02-scaled-1536x1152.jpg 1536w, https:\/\/www.jcvignoli.com\/blog\/wp-content\/uploads\/Arequipa-manif-02-scaled-2048x1536.jpg 2048w\" sizes=\"auto, (max-width: 1024px) 100vw, 1024px\" \/><\/a><\/p>\n<p>Entour\u00e9s pas un large dispositif policier, les manifestants affichaient dans les rues d&rsquo;Arequipa des pancartes comme \u00ab\u00a0ni Vizcarra, ni Merino, mais le P\u00e9rou\u00a0\u00bb. Arturo Merino est le nouveau pr\u00e9sident de la r\u00e9publique, qualifi\u00e9 par une partie de la population de \u00ab\u00a0golpista\u00a0\u00bb (auteur de coup d&rsquo;Etat), et moqu\u00e9 pour son faible niveau d&rsquo;\u00e9tudes.<\/p>\n<p><a href=\"https:\/\/www.jcvignoli.com\/blog\/wp-content\/uploads\/Arequipa-manif-03-scaled.jpg\"><img loading=\"lazy\" decoding=\"async\" class=\"size-thumbnail wp-image-4814 aligncenter\" src=\"https:\/\/www.jcvignoli.com\/blog\/wp-content\/uploads\/Arequipa-manif-03-scaled-200x200.jpg\" alt=\"Banderolles des manifestants\" width=\"200\" height=\"200\" \/><\/a><\/p>\n<p><del><a href=\"https:\/\/www.jcvignoli.com\/blog\/wp-content\/uploads\/Arequipa-manif-04-scaled.jpg\"><img loading=\"lazy\" decoding=\"async\" class=\"size-thumbnail wp-image-4815 aligncenter\" src=\"https:\/\/www.jcvignoli.com\/blog\/wp-content\/uploads\/Arequipa-manif-04-scaled-200x200.jpg\" alt=\"Tambours ouvrant la manifestation\" width=\"200\" height=\"200\" \/><\/a><\/del><\/p>\n<p><a href=\"https:\/\/www.jcvignoli.com\/blog\/wp-content\/uploads\/Arequipa-manif-05-scaled.jpg\"><img loading=\"lazy\" decoding=\"async\" class=\"size-thumbnail wp-image-4816 aligncenter\" src=\"https:\/\/www.jcvignoli.com\/blog\/wp-content\/uploads\/Arequipa-manif-05-scaled-200x200.jpg\" alt=\"Cassoleras, des casseroles sont utilis\u00e9es pour faire du bruit\" width=\"200\" height=\"200\" \/><\/a><\/p>\n<p>Des manifestations similaires ont eu lieu dans le pays, notamment \u00e0 Lima, o\u00f9 les manifestants ont \u00e9t\u00e9 dispers\u00e9es par la police au moyen des fumig\u00e8nes.<\/p>\n<p class=\"responsive-video-wrap clr\"><iframe loading=\"lazy\" title=\"Manifestation \u00e0 Arequipa le 12 novembre 2020 contre la destitution de Vizcarra\" width=\"1200\" height=\"675\" src=\"https:\/\/www.youtube.com\/embed\/XgdwVRgZZAI?feature=oembed\" frameborder=\"0\" allow=\"accelerometer; autoplay; clipboard-write; encrypted-media; gyroscope; picture-in-picture\" allowfullscreen><\/iframe><\/p>\n<div class=\"pld-like-dislike-wrap pld-template-1\">\r\n    <div class=\"pld-like-wrap  pld-common-wrap\">\r\n    <a href=\"javascript:void(0)\" class=\"pld-like-trigger pld-like-dislike-trigger  \" title=\"Super article!\" data-post-id=\"4809\" data-trigger-type=\"like\" data-restriction=\"cookie\" data-already-liked=\"0\">\r\n                        <i class=\"fas fa-thumbs-up\"><\/i>\r\n                <\/a>\r\n    <span class=\"pld-like-count-wrap pld-count-wrap\">0    <\/span>\r\n<\/div><div class=\"pld-dislike-wrap  pld-common-wrap\">\r\n    <a href=\"javascript:void(0)\" class=\"pld-dislike-trigger pld-like-dislike-trigger  \" title=\"Pas terrible...\" data-post-id=\"4809\" data-trigger-type=\"dislike\" data-restriction=\"cookie\" data-already-liked=\"0\">\r\n                        <i class=\"fas fa-thumbs-down\"><\/i>\r\n                <\/a>\r\n    <span class=\"pld-dislike-count-wrap pld-count-wrap\">0<\/span>\r\n<\/div><\/div>","protected":false},"excerpt":{"rendered":"<p>Environ 1000 manifestants \u00e0 Arequipa sont descendus dans la rue pour r\u00e9clamer le retour du pr\u00e9sident d\u00e9chu Vizcarra, que le parlement a jug\u00e9 comme \u00e9tant en \u00ab\u00a0permanente incapacit\u00e9 moralement\u00a0\u00bb par 105 voix sur 130. Des accusations de corruption avaient d\u00e9j\u00e0 \u00e9t\u00e9 lanc\u00e9es \u00e0 son encontre en septembre 2020, mais la motion de censure avait \u00e9chou\u00e9e. [&hellip;]<\/p>\n","protected":false},"author":1,"featured_media":4812,"comment_status":"open","ping_status":"open","sticky":false,"template":"","format":"standard","meta":{"ocean_post_layout":"","ocean_both_sidebars_style":"","ocean_both_sidebars_content_width":0,"ocean_both_sidebars_sidebars_width":0,"ocean_sidebar":"0","ocean_second_sidebar":"0","ocean_disable_margins":"enable","ocean_add_body_class":"","ocean_shortcode_before_top_bar":"","ocean_shortcode_after_top_bar":"","ocean_shortcode_before_header":"","ocean_shortcode_after_header":"","ocean_has_shortcode":"","ocean_shortcode_after_title":"","ocean_shortcode_before_footer_widgets":"","ocean_shortcode_after_footer_widgets":"","ocean_shortcode_before_footer_bottom":"","ocean_shortcode_after_footer_bottom":"","ocean_display_top_bar":"default","ocean_display_header":"default","ocean_header_style":"","ocean_center_header_left_menu":"0","ocean_custom_header_template":"0","ocean_custom_logo":0,"ocean_custom_retina_logo":0,"ocean_custom_logo_max_width":0,"ocean_custom_logo_tablet_max_width":0,"ocean_custom_logo_mobile_max_width":0,"ocean_custom_logo_max_height":0,"ocean_custom_logo_tablet_max_height":0,"ocean_custom_logo_mobile_max_height":0,"ocean_header_custom_menu":"0","ocean_menu_typo_font_family":"0","ocean_menu_typo_font_subset":"","ocean_menu_typo_font_size":0,"ocean_menu_typo_font_size_tablet":0,"ocean_menu_typo_font_size_mobile":0,"ocean_menu_typo_font_size_unit":"px","ocean_menu_typo_font_weight":"","ocean_menu_typo_font_weight_tablet":"","ocean_menu_typo_font_weight_mobile":"","ocean_menu_typo_transform":"","ocean_menu_typo_transform_tablet":"","ocean_menu_typo_transform_mobile":"","ocean_menu_typo_line_height":0,"ocean_menu_typo_line_height_tablet":0,"ocean_menu_typo_line_height_mobile":0,"ocean_menu_typo_line_height_unit":"","ocean_menu_typo_spacing":0,"ocean_menu_typo_spacing_tablet":0,"ocean_menu_typo_spacing_mobile":0,"ocean_menu_typo_spacing_unit":"","ocean_menu_link_color":"","ocean_menu_link_color_hover":"","ocean_menu_link_color_active":"","ocean_menu_link_background":"","ocean_menu_link_hover_background":"","ocean_menu_link_active_background":"","ocean_menu_social_links_bg":"","ocean_menu_social_hover_links_bg":"","ocean_menu_social_links_color":"","ocean_menu_social_hover_links_color":"","ocean_disable_title":"default","ocean_disable_heading":"default","ocean_post_title":"","ocean_post_subheading":"","ocean_post_title_style":"","ocean_post_title_background_color":"","ocean_post_title_background":0,"ocean_post_title_bg_image_position":"","ocean_post_title_bg_image_attachment":"","ocean_post_title_bg_image_repeat":"","ocean_post_title_bg_image_size":"","ocean_post_title_height":0,"ocean_post_title_bg_overlay":0.5,"ocean_post_title_bg_overlay_color":"","ocean_disable_breadcrumbs":"default","ocean_breadcrumbs_color":"","ocean_breadcrumbs_separator_color":"","ocean_breadcrumbs_links_color":"","ocean_breadcrumbs_links_hover_color":"","ocean_display_footer_widgets":"default","ocean_display_footer_bottom":"default","ocean_custom_footer_template":"0","ocean_post_oembed":"","ocean_post_self_hosted_media":"","ocean_post_video_embed":"","ocean_link_format":"","ocean_link_format_target":"self","ocean_quote_format":"","ocean_quote_format_link":"post","ocean_gallery_link_images":"off","ocean_gallery_id":[],"footnotes":""},"categories":[1863,15,2],"tags":[422,2364,1642,2363],"class_list":["post-4809","post","type-post","status-publish","format-standard","has-post-thumbnail","hentry","category-activisme","category-articles","category-politique","tag-manifestation","tag-merino","tag-perou","tag-vizcarra","entry","has-media"],"aioseo_notices":[],"language":"fr","_links":{"self":[{"href":"https:\/\/www.jcvignoli.com\/blog\/wp-json\/wp\/v2\/posts\/4809","targetHints":{"allow":["GET"]}}],"collection":[{"href":"https:\/\/www.jcvignoli.com\/blog\/wp-json\/wp\/v2\/posts"}],"about":[{"href":"https:\/\/www.jcvignoli.com\/blog\/wp-json\/wp\/v2\/types\/post"}],"author":[{"embeddable":true,"href":"https:\/\/www.jcvignoli.com\/blog\/wp-json\/wp\/v2\/users\/1"}],"replies":[{"embeddable":true,"href":"https:\/\/www.jcvignoli.com\/blog\/wp-json\/wp\/v2\/comments?post=4809"}],"version-history":[{"count":2,"href":"https:\/\/www.jcvignoli.com\/blog\/wp-json\/wp\/v2\/posts\/4809\/revisions"}],"predecessor-version":[{"id":4823,"href":"https:\/\/www.jcvignoli.com\/blog\/wp-json\/wp\/v2\/posts\/4809\/revisions\/4823"}],"wp:featuredmedia":[{"embeddable":true,"href":"https:\/\/www.jcvignoli.com\/blog\/wp-json\/wp\/v2\/media\/4812"}],"wp:attachment":[{"href":"https:\/\/www.jcvignoli.com\/blog\/wp-json\/wp\/v2\/media?parent=4809"}],"wp:term":[{"taxonomy":"category","embeddable":true,"href":"https:\/\/www.jcvignoli.com\/blog\/wp-json\/wp\/v2\/categories?post=4809"},{"taxonomy":"post_tag","embeddable":true,"href":"https:\/\/www.jcvignoli.com\/blog\/wp-json\/wp\/v2\/tags?post=4809"}],"curies":[{"name":"wp","href":"https:\/\/api.w.org\/{rel}","templated":true}]}}