{"id":4396,"date":"2020-06-15T12:06:39","date_gmt":"2020-06-15T17:06:39","guid":{"rendered":"https:\/\/www.jcvignoli.com\/blog\/?p=4396"},"modified":"2020-07-27T11:26:28","modified_gmt":"2020-07-27T16:26:28","slug":"les-resistances-des-occidentaux-blancs-a-lantiracisme-et-ses-nouveaux-symboles","status":"publish","type":"post","link":"https:\/\/www.jcvignoli.com\/blog\/2020\/les-resistances-des-occidentaux-blancs-a-lantiracisme-et-ses-nouveaux-symboles","title":{"rendered":"Les r\u00e9sistances des Occidentaux blancs \u00e0 l&rsquo;antiracisme et ses nouveaux symboles"},"content":{"rendered":"<div id=\"ez-toc-container\" class=\"ez-toc-v2_0_82_2 ez-toc-wrap-center counter-hierarchy ez-toc-counter ez-toc-grey ez-toc-container-direction\">\n<div class=\"ez-toc-title-container\">\n<p class=\"ez-toc-title\" style=\"cursor:inherit\">Contents<\/p>\n<span class=\"ez-toc-title-toggle\"><\/span><\/div>\n<nav><ul class='ez-toc-list ez-toc-list-level-1 ' ><li class='ez-toc-page-1 ez-toc-heading-level-2'><a class=\"ez-toc-link ez-toc-heading-1\" href=\"https:\/\/www.jcvignoli.com\/blog\/2020\/les-resistances-des-occidentaux-blancs-a-lantiracisme-et-ses-nouveaux-symboles\/#Symboles_et_recits_historiques_au_service_du_vivre_ensemble\" >Symboles et r\u00e9cits historiques au service du vivre ensemble<\/a><\/li><li class='ez-toc-page-1 ez-toc-heading-level-2'><a class=\"ez-toc-link ez-toc-heading-2\" href=\"https:\/\/www.jcvignoli.com\/blog\/2020\/les-resistances-des-occidentaux-blancs-a-lantiracisme-et-ses-nouveaux-symboles\/#Symboles_pour_les_domines_et_les_dominants\" >Symboles pour les domin\u00e9s et les dominants<\/a><\/li><li class='ez-toc-page-1 ez-toc-heading-level-2'><a class=\"ez-toc-link ez-toc-heading-3\" href=\"https:\/\/www.jcvignoli.com\/blog\/2020\/les-resistances-des-occidentaux-blancs-a-lantiracisme-et-ses-nouveaux-symboles\/#Le_feminisme_nouveau_recit_pour_expliquer_le_monde\" >Le f\u00e9minisme, nouveau r\u00e9cit pour expliquer le monde<\/a><\/li><li class='ez-toc-page-1 ez-toc-heading-level-2'><a class=\"ez-toc-link ez-toc-heading-4\" href=\"https:\/\/www.jcvignoli.com\/blog\/2020\/les-resistances-des-occidentaux-blancs-a-lantiracisme-et-ses-nouveaux-symboles\/#La_mensonge_des_symboles_une_necessite_narrative\" >La mensonge des symboles, une n\u00e9cessit\u00e9 narrative<\/a><\/li><li class='ez-toc-page-1 ez-toc-heading-level-2'><a class=\"ez-toc-link ez-toc-heading-5\" href=\"https:\/\/www.jcvignoli.com\/blog\/2020\/les-resistances-des-occidentaux-blancs-a-lantiracisme-et-ses-nouveaux-symboles\/#Resistance_au_changement_symbolique_du_monde\" >R\u00e9sistance au changement symbolique du monde<\/a><\/li><\/ul><\/nav><\/div>\n<p>Les statues s&rsquo;abattent, George Floyd est assassin\u00e9, et les Occidentaux blancs r\u00e9sistent \u00e0 l&rsquo;antiracisme. Notre monde est en \u00e9bullition. Les symboles du pass\u00e9 sont auscult\u00e9s sous un nouveau regard, avec antipathie ou sympathie. Deux camps, semblant irr\u00e9conciliables, s\u2019affrontent avec violence sur les maigres propositions politiques issues du mouvement antiraciste, et avec fureur sur le d\u00e9boulonnage des symboles historiques de la domination occidentale. Mon postulat est de pr\u00e9tendre que nous assistons, tout comme dans les ann\u00e9es soixante, \u00e0 une r\u00e9sistance de la classe dominante. La lutte autour des symboles cristallise une course entre les domin\u00e9s et dominants \u00e0 la construction d\u2019un nouveau r\u00e9cit symbolique, ou \u00e0 la pr\u00e9servation du r\u00e9cit symbolique dominant, selon de quel c\u00f4t\u00e9 l\u2019on se trouve de la barri\u00e8re.<\/p>\n<h2><span class=\"ez-toc-section\" id=\"Symboles_et_recits_historiques_au_service_du_vivre_ensemble\"><\/span>Symboles et r\u00e9cits historiques au service du vivre ensemble<span class=\"ez-toc-section-end\"><\/span><\/h2>\n<figure id=\"attachment_4399\" aria-describedby=\"caption-attachment-4399\" style=\"width: 200px\" class=\"wp-caption alignright\"><a href=\"https:\/\/www.jcvignoli.com\/blog\/wp-content\/uploads\/statue-jefferson-davis-d\u00e9boulonn\u00e9e.jpg\"><img loading=\"lazy\" decoding=\"async\" class=\"size-thumbnail wp-image-4399\" src=\"https:\/\/www.jcvignoli.com\/blog\/wp-content\/uploads\/statue-jefferson-davis-d\u00e9boulonn\u00e9e-200x200.jpg\" alt=\"La statue Jefferson Davis d\u00e9boulonn\u00e9e aux USA\" width=\"200\" height=\"200\" \/><\/a><figcaption id=\"caption-attachment-4399\" class=\"wp-caption-text\">Statue Jefferson Davis d\u00e9boulonn\u00e9e \/ AFP \/ Parker Michels-Boyce<\/figcaption><\/figure>\n<p>Les symboles, du grec \u00ab\u00a0sumbolon\u00a0\u00bb qui signifient \u00ab\u00a0mettre ensemble, rassembler\u00a0\u00bb sont destin\u00e9s \u00e0 r\u00e9unir des individus qui n&rsquo;ont a priori aucune destin\u00e9e commune, en groupe. Sans symboles, point de soci\u00e9t\u00e9. Sans Torah, pas de juifs ni d&rsquo;Isra\u00ebl. Sans r\u00e9cit national comme Guillaume Tell ou le serment du Gr\u00fctli, pas de Suisse possible. Les symboles sont la glue qui rendent acceptable l&rsquo;impossible, comme le d\u00e9crit si bien Yuval Hariri dans <em>Homo Sapiens<\/em>. Ils permettent aux humains de coop\u00e9rer en large groupes l\u00e0 o\u00f9 ils passeraient le plus clair de leur temps \u00e0 se m\u00e9fier l&rsquo;un de l&rsquo;autre.<\/p>\n<p>Quelle est l&rsquo;origine de notre crise antiraciste actuelle ? Des symboles racistes. L&rsquo;homme s&rsquo;est invent\u00e9 depuis toujours qu&rsquo;il existait des hi\u00e9rarchies d&rsquo;hommes. Depuis au moins les r\u00e9cits grecs sur les barbares, on d\u00e9shumanise l&rsquo;autre pour mieux s&rsquo;humaniser soi-m\u00eame. Des symboles pour solidifier le r\u00e9cit (statues, livres, films) sont venus renforcer cette volont\u00e9 de contr\u00f4ler des populations \u00e0 la technologie moins avanc\u00e9e et aux r\u00e9sistances biologiques plus faibles lors des colonisations occidentales (Jared Diamond, <em>Guns, germs and steel<\/em>). Il est \u00e9vident que sans la couche de symboles, l&rsquo;homme aurait \u00e9t\u00e9 incapable de soumettre avec violence en esclavage ses semblables du continent africain, ou de torturer par millions les civilisations avanc\u00e9es du continent am\u00e9ricain. Un r\u00e9cit explicatif doit \u00eatre offert \u00e0 l&rsquo;assassin, au marchand d&rsquo;esclave, au cur\u00e9 voulant convertir le pa\u00efen \u00e0 coup d&rsquo;\u00e9cart\u00e8lement, faute de quoi les soci\u00e9t\u00e9s s&rsquo;effondrent : si l&rsquo;on peut faire subir \u00e0 nos semblables pareilles atrocit\u00e9s, pourquoi ne pas le faire \u00e0 mon voisin ? D&rsquo;o\u00f9 l&rsquo;utilit\u00e9, la n\u00e9cessit\u00e9 m\u00e9canique de d\u00e9crire par toute une s\u00e9rie d&rsquo;artifices (langue, couleur de peau, coutumes diff\u00e9rentes) les populations subjugu\u00e9es comme <em>diff\u00e9rentes<\/em>. Si le symbole ne vient pas \u00e0 la rescousse, les civilisateurs se transforment en sauvages. Les symboles sont le moteur de la civilisation, c&rsquo;est pourquoi les arch\u00e9ologues prennet toute forme d&rsquo;art primitif pour un signe du d\u00e9but de celle-ci.<\/p>\n<h2><span class=\"ez-toc-section\" id=\"Symboles_pour_les_domines_et_les_dominants\"><\/span>Symboles pour les domin\u00e9s et les dominants<span class=\"ez-toc-section-end\"><\/span><\/h2>\n<p>Rapidement apr\u00e8s la mort de l&rsquo;Etasunien noir George Floyd, les \u00e9meutiers antiracistes ont r\u00e9clam\u00e9 la destruction des symboles racistes de la civilisation occidentale. Avec une lucidit\u00e9 puis\u00e9e dans leur connaissance de leur histoire de colonis\u00e9s, il leur est devenu insupportable de voir des Churchill et Christophe Colomb tr\u00f4ner comme rappel de la puissance dominatrice. La r\u00e9action des d\u00e9positaires de cette domination s&rsquo;est imm\u00e9diatement fait entendre : ces hommes (car il ne s&rsquo;agit que de m\u00e2les exclusivement, ce n&rsquo;est pas un hasard) repr\u00e9sentent un pass\u00e9 que l&rsquo;on ne peut gommer, il est inscrit dans la trame de l&rsquo;histoire. Les plus \u00e9rudits, les philosophes et les historiens principalement, s&rsquo;arc-boutent sur l&rsquo;id\u00e9al d&rsquo;une histoire que l&rsquo;on devrait sauvegarder pour \u00e9viter de la r\u00e9p\u00e9ter.<\/p>\n<p>Le probl\u00e8me que l&rsquo;on peut entrevoir \u00e0 ce conservatisme intellectuel, c&rsquo;est que l&rsquo;histoire \u00e9tait immanquablement \u00e9crite par les vainqueurs. Comme d\u00e9cris plus haut, il s&rsquo;agit d&rsquo;asseoir sa domination \u00e0 travers le r\u00e9cit, sans lequel toute domination devient impossible. Ce r\u00e9cit profond\u00e9ment raciste parle de races inf\u00e9rieures et sup\u00e9rieures et d&rsquo;\u00eatres d\u00e9nu\u00e9s d&rsquo;\u00e2mes, qu&rsquo;ils soient femmes, noirs, ou indiens. Le racisme syst\u00e9mique est une n\u00e9cessit\u00e9 \u00e9motionnelle dans un monde domin\u00e9 par les Occidentaux, sans quoi ils n&rsquo;accepteraient pas par exemple que leurs multinationales commettent \u00e0 l&rsquo;\u00e9tranger ce qui para\u00eetrait inacceptable chez eux. Ces m\u00eames activit\u00e9s destructrices des hommes et de la nature seraient fortement r\u00e9prouv\u00e9es sous les latitudes occidentales, on n&rsquo;accepterait que nos pairs, ceux qui partagent notre destin\u00e9e, soit trait\u00e9es de pareille mani\u00e8re. Car cela signifierait que nous-m\u00eames, descendants de Churchill et Colomb, pourrions vivre des m\u00e9saventures identiques.<\/p>\n<h2><span class=\"ez-toc-section\" id=\"Le_feminisme_nouveau_recit_pour_expliquer_le_monde\"><\/span>Le f\u00e9minisme, nouveau r\u00e9cit pour expliquer le monde<span class=\"ez-toc-section-end\"><\/span><\/h2>\n<p>Or, depuis les ann\u00e9es 1960, un r\u00e9cit concurrent tente de s&rsquo;imposer. Il s&rsquo;agit du f\u00e9minisme, bas\u00e9 sur une \u00e9galit\u00e9 universelle et une absence de hi\u00e9rarchie humaine. Certains de ses symboles sont l&rsquo;\u00e9galit\u00e9 des sexes, bien s\u00fbr, mais \u00e9galement l&rsquo;\u00e9galit\u00e9 des ethnies humaines, la protection de l&rsquo;enfance, le rejet de la discrimination bas\u00e9e sur l&rsquo;orientation sexuelle, et la n\u00e9cessit\u00e9 de l&rsquo;Etat pour r\u00e9guler les dysfonctionnements in\u00e9galitaires au sein d&rsquo;une soci\u00e9t\u00e9 ou des soci\u00e9t\u00e9s entre elles. Ce r\u00e9cit est le plus novateur et destructeur jamais invent\u00e9 par l&rsquo;humanit\u00e9, et est \u00e0 l&rsquo;origine du refus de la guerre comme moyen l\u00e9gitime de r\u00e9soudre les conflits. Il n&rsquo;est pas le seul r\u00e9cit existant, et bien qu&rsquo;il prenne de l&rsquo;ampleur chaque ann\u00e9e, il n&rsquo;est pas forc\u00e9ment majoritaire partout. Jusqu&rsquo;aux \u00e9meutes de Minneapolis cons\u00e9cutives \u00e0 l&rsquo;assassinat de George Floyd, il ne faisait que s&rsquo;insinuer lentement mais s\u00fbrement depuis cinquante ans dans les interstices de nos soci\u00e9t\u00e9s. Avec succ\u00e8s et d\u00e9convenues, ce r\u00e9cit p\u00e9tri de symboles nouveaux d\u00e9construisait des milliers d&rsquo;ann\u00e9es de patriarchie violente.<\/p>\n<p>Les symboles ne sont pas neutres. C&rsquo;est impossible, ils sont destin\u00e9s \u00e0 grouper des individus qui, sans cela, ne coop\u00e9raient pas. Ils doivent conter une histoire politique digne de mouvoir et \u00e9mouvoir de parfaits inconnus dans la m\u00eame direction. Ce mouvement ne peut \u00eatre imprim\u00e9 que s&rsquo;il renvoie une image de grandeur face \u00e0 l&rsquo;adversit\u00e9. Cette adversit\u00e9, avant le f\u00e9minisme, c&rsquo;\u00e9tait l&rsquo;ext\u00e9rieur. Avec le f\u00e9minisme, il s&rsquo;agit bien plus de l&rsquo;int\u00e9rieur, donc de soi-m\u00eame.<\/p>\n<p>Chez Churchill, l&rsquo;adversit\u00e9 trouve sch\u00e9matiquement la source de son combat aupr\u00e8s des colonies et des nazis. Pour les descendants des colonisateurs, on pr\u00e9f\u00e8re mettre en avant sa participation \u00e0 la guerre contre le nazisme, argumentant que personne n&rsquo;est parfait et que les temps pass\u00e9s r\u00e9pondaient \u00e0 d&rsquo;autres valeurs. La colonisation est un mal d&rsquo;autrefois, et on ne saurait effacer nos p\u00e9ch\u00e9s en mettant \u00e0 bas les symboles des hommes d&rsquo;une autre \u00e9poque. Platon et Aristote \u00e9taient \u00e9galement adeptes de l&rsquo;esclavagisme, va-t-on s&rsquo;excuser des m\u0153urs qui changent ? On ne peut changer le pass\u00e9, donc autant prendre ce qui est bon chez chaque homme, et instrumentaliser ce qui correspond aux valeurs de notre \u00e9poque.<\/p>\n<h2><span class=\"ez-toc-section\" id=\"La_mensonge_des_symboles_une_necessite_narrative\"><\/span>La mensonge des symboles, une n\u00e9cessit\u00e9 narrative<span class=\"ez-toc-section-end\"><\/span><\/h2>\n<p>Il y a de l&rsquo;hypocrisie dans cette d\u00e9marche, mais pas plus que chez ceux qui refusent de voir le racisme de Gandhi ou la violence des d\u00e9buts de Mandela. Tout homme est complexe, contradictoire, erre perdu dans les r\u00e9cits qui lui sont offerts avant d&rsquo;\u00eatre peut-\u00eatre lui-m\u00eame transmut\u00e9 en symbole \u00e0 son tour. Notre n\u00e9cessit\u00e9 de nous appuyer sur des symboles humains nous porte \u00e0 \u00eatre partial dans l&rsquo;appropriation de celui-ci. Nous nous mentons \u00e0 nous-m\u00eame pour pouvoir vivre ensemble.<\/p>\n<p>La port\u00e9e de ce mensonge est r\u00e9\u00e9valu\u00e9e \u00e0 l&rsquo;aune de l&rsquo;id\u00e9ologie de chaque \u00e9poque. Nous sommes dans cette \u00e8re si in\u00e9dite historiquement du f\u00e9minisme. Elle pr\u00e9tend, pour la premi\u00e8re fois depuis H\u00e9rodote et Thucydide, que l&rsquo;histoire, ou plut\u00f4t \u00ab\u00a0l&rsquo;enqu\u00eate historique\u00a0\u00bb doit prendre en compte aussi bien les vainqueurs que les vaincus. Les Occidentaux en sont d\u00e9sar\u00e7onn\u00e9s, et les anciens colonis\u00e9s jubilent. Les p\u00e9ch\u00e9s de Churchill le colon ne sauraient \u00eatre rachet\u00e9s par son opposition au nazisme. Dans la balance du jugement, l&rsquo;homme d&rsquo;Etat anglais a particip\u00e9 \u00e0 la construction du syst\u00e8me qui opprime les non-occidentaux, et \u00e0 ce titre il ne saurait \u00eatre absout quand bien m\u00eame ses victoires contre l&rsquo;Axe. Il n&rsquo;\u00e9tait qu&rsquo;un autre Hitler en puissance, certes sans aller jusqu&rsquo;\u00e0 les appliquer de mani\u00e8re scientifique comme dans la shoah, mais il a contribu\u00e9 \u00e0 instaurer un monde bas\u00e9 sur la domination occidentale blanche.<\/p>\n<p>Les symboles sont polys\u00e9miques, ils ont des sens multiples. Ils ne sont pas neutres, ils ne sauraient intrins\u00e8quement l&rsquo;\u00eatre, puisqu&rsquo;ils sont au coeur de la construction de nos soci\u00e9t\u00e9s. Et aujourd&rsquo;hui, ils sont en cours de r\u00e9interpr\u00e9tation avec l&rsquo;\u00e9nergie du r\u00e9cit f\u00e9ministe. Les symboles sont le c\u0153ur de l&rsquo;histoire, les jalons autour desquels les historiens brodent leurs propres r\u00e9cits. Hier, les historiens analysaient les hommes comme Churchill pour en d\u00e9celer sa strat\u00e9gie de vainqueur et d&rsquo;homme puissant. Aujourd&rsquo;hui, les historiens sont sculpt\u00e9s \u00e0 leur insu par le f\u00e9minisme (des ann\u00e9es soixante ou m\u00eame des d\u00e9cennies pr\u00e9c\u00e9dentes), et s&rsquo;int\u00e9ressent aux vaincus. On \u00e9tudie aussi bien le journal d&rsquo;Anne Frank, une juive issue d&rsquo;une civilisation de perdants, qu&rsquo;aux Azt\u00e8ques et aux Incas balay\u00e9s par les Conquistadors espagnols. On ne se passionne plus pour les perdants dans le but de glorifier le vainqueur &#8211; ce qui pouvait acceptable dans un monde pr\u00e9-f\u00e9minste-, mais, fait nouveau, dans le but de comprendre nos pertes en termes de diversit\u00e9 humaine en \u00e9radiquant les perdants.<\/p>\n<p>Au cours de cette nouvelle historiographie, les h\u00e9ros d&rsquo;hier chuteront. Certains seront m\u00eame oubli\u00e9s. C&rsquo;est l\u00e0 un processus naturel dans la mani\u00e8re d&rsquo;\u00e9crire l&rsquo;histoire, de tout temps, au fil des victoires des seigneurs de la guerre, l&rsquo;histoire a constamment \u00e9t\u00e9 r\u00e9\u00e9crite. Les Romains ont \u00e9crits sur les Grecs et les Carthaginois bien diff\u00e9remment apr\u00e8s les avoir conquis. Les Chr\u00e9tiens, tel Saint Augustin, n&rsquo;ont eu de cesse de s&rsquo;\u00e9tendre sur les p\u00e9ch\u00e9s romains pour justifier la d\u00e9ch\u00e9ance de Rome. Des p\u00e9ch\u00e9s inconnus pourr des Romains polyth\u00e9istes, mais dont on a anachroniquement chang\u00e9 le r\u00e9cit et les symboles pour mieux asseoir l&rsquo;autorit\u00e9 papale. L&rsquo;histoire est au service du pouvoir, on en a toujours extrait le suc symbolique pour justifier le pouvoir en place.<\/p>\n<h2><span class=\"ez-toc-section\" id=\"Resistance_au_changement_symbolique_du_monde\"><\/span>R\u00e9sistance au changement symbolique du monde<span class=\"ez-toc-section-end\"><\/span><\/h2>\n<p>Les changements historiographiques sont donc naturels. La nouveaut\u00e9 du f\u00e9minisme historiographique r\u00e9side dans la volont\u00e9 de donner une voie \u00e9gale aux vaincus. En ceci r\u00e9side sa capacit\u00e9 destructice. Les Occidentaux blancs vainqueurs d&rsquo;hier ne sont plus le centre de l&rsquo;attention. Le monde non-blanc veut \u00e9crire aujourd&rsquo;hui sur les raisons de la domination occidentale m\u00e2le blanche en incluant le r\u00e9cit des communaut\u00e9s domin\u00e9es d&rsquo;hier et d&rsquo;aujourd&rsquo;hui. Les r\u00e9sistances des Occidentaux blancs sont donc justifi\u00e9es, en ce sens que leur r\u00e9cit est en cours de perte de pouvoir. Churchill et Colomb vont passer aux poubelles de l&rsquo;histoire, aux c\u00f4t\u00e9s d&rsquo;Hitler le g\u00e9nocidaire qui, perdant sa guerre inf\u00e2me, n&rsquo;a jamais eu droit \u00e0 ses statues et symboles de pouvoir. Churchill et Colomb ne pourront plus exister comme symboles dans un monde qui passe de l&rsquo;occidentalisme \u00e0 l&rsquo;universalisme, dont le r\u00e9cit de la coop\u00e9ration de tous les homos sapiens n\u00e9cessite de nouvelles statues.<\/p>\n<p>Mais que l&rsquo;on ne s&rsquo;y trompe pas : ces r\u00e9sistances dans le monde occidental blanc, qu&rsquo;elles soient \u00e9motionnelles lors du changement de nom d&rsquo;une p\u00e2tisserie issue de la p\u00e9riode de domination o\u00f9 l&rsquo;on se permettait tout (\u00ab\u00a0t\u00eate de n\u00e8gre\u00a0\u00bb en Suisse) ou d&rsquo;une approche intellectuelle souvent sinc\u00e8re (perte de l&rsquo;histoire et de l&rsquo;art des dominants), ces deux approches sont racistes. Car le racisme est un narratif puissant, qui nous pousse \u00e0 nous mouvoir sans m\u00eame que nous en ayons conscience. Il est de plus entrem\u00eal\u00e9 avec le narratif f\u00e9ministe, de telle mani\u00e8re que nous ne parvenons pas \u00e0 d\u00e9nouer l&rsquo;un de l&rsquo;autre. Certains intellectuels vont int\u00e9grer avec joie une partie du r\u00e9cit f\u00e9ministe et sa domination &#8211; l&rsquo;\u00e9galit\u00e9 homme et femme, par exemple &#8211; mais vont trouver que l&rsquo;on va trop loin en voulant remettre en cause les symboles de domination occidentale. Ils semblent plus prompts \u00e0 accepter l&rsquo;in\u00e9galit\u00e9 raciale que patriarcale.<\/p>\n<p>Mais aujourd&rsquo;hui, m\u00eame la narration raciste est en perte de vitesse, mise au d\u00e9fi de se r\u00e9inventer \u00e0 travers la violence des antiracistes f\u00e9ministes dans le monde entier &#8211; dans une universalit\u00e9 mondiale. Le r\u00e9cit occidental, dans sa version \u00ab\u00a0pure\u00a0\u00bb ou dans sa version l\u00e9g\u00e8rement compromise par le f\u00e9minisme, ne pourra toutefois pas r\u00e9pondre \u00e0 cette demande de r\u00e9invention, car justement son histoire et ses symboles sont en cours de destruction. Ceux-ci doivent \u00eatre effac\u00e9s pour construire non plus une histoire locale, mais universelle, une histoire qui correspond \u00e0 une narration f\u00e9ministe du monde.<\/p>\n<p>Et je me dois de pr\u00e9ciser que <a href=\"\/blog\/2019\/se-decouvrir-raciste-apres-avoir-ete-au-service-des-droits-humains\">moi-m\u00eame je suis raciste<\/a>, ayant grandi dans un monde raciste, appr\u00e9hend\u00e9 le monde avec des outils scientifiques racistes. Pas de faux-fuyants, pas d&rsquo;excuses bon march\u00e9, j&rsquo;ai particip\u00e9 \u00e0 cet \u00e9tat de fait. C&rsquo;est pourquoi je dois moi-m\u00eame me faire violence pour ne pas sombrer dans le conservatisme de l&rsquo;homme blanc occidental qui s&rsquo;offusque de la perte des symboles qu&rsquo;il a connu durant toute sa vie. J&rsquo;ai moi aussi internalis\u00e9 les symboles de l&rsquo;oppression occidentale, et l&rsquo;effort pour m&rsquo;en extraire n&rsquo;est pas anodin.<\/p>\n<p>Mais soyons honn\u00eates : voulons-nous pour une fois \u00e9couter ceux qui se sentent heurt\u00e9s par les symboles du r\u00e9cit de domination occidentales ? Ou cherchons-nous \u00e0 justifier \u00e0 tout prix le monde dans lequel nous avons grandi, o\u00f9 les blancs n&rsquo;ont pas eu \u00e0 faire face au racisme, et ne peuvent m\u00eame comprendre ce que racisme signifie ? Faisons peut-\u00eatre n\u00f4tres les conclusions f\u00e9ministes, et cherchons notre adversaire int\u00e9rieur. Car si le racisme est universel, le racisme scientifique est bien l&rsquo;enfant des vainqueurs occidentaux blancs.<\/p>\n<div class=\"pld-like-dislike-wrap pld-template-1\">\r\n    <div class=\"pld-like-wrap  pld-common-wrap\">\r\n    <a href=\"javascript:void(0)\" class=\"pld-like-trigger pld-like-dislike-trigger  \" title=\"Super article!\" data-post-id=\"4396\" data-trigger-type=\"like\" data-restriction=\"cookie\" data-already-liked=\"0\">\r\n                        <i class=\"fas fa-thumbs-up\"><\/i>\r\n                <\/a>\r\n    <span class=\"pld-like-count-wrap pld-count-wrap\">0    <\/span>\r\n<\/div><div class=\"pld-dislike-wrap  pld-common-wrap\">\r\n    <a href=\"javascript:void(0)\" class=\"pld-dislike-trigger pld-like-dislike-trigger  \" title=\"Pas terrible...\" data-post-id=\"4396\" data-trigger-type=\"dislike\" data-restriction=\"cookie\" data-already-liked=\"0\">\r\n                        <i class=\"fas fa-thumbs-down\"><\/i>\r\n                <\/a>\r\n    <span class=\"pld-dislike-count-wrap pld-count-wrap\">0<\/span>\r\n<\/div><\/div>","protected":false},"excerpt":{"rendered":"<p>Les statues s&rsquo;abattent, George Floyd est assassin\u00e9, et les Occidentaux blancs r\u00e9sistent \u00e0 l&rsquo;antiracisme. Notre monde est en \u00e9bullition. Les symboles du pass\u00e9 sont auscult\u00e9s sous un nouveau regard, avec antipathie ou sympathie. Deux camps, semblant irr\u00e9conciliables, s\u2019affrontent avec violence sur les maigres propositions politiques issues du mouvement antiraciste, et avec fureur sur le d\u00e9boulonnage [&hellip;]<\/p>\n","protected":false},"author":1,"featured_media":4399,"comment_status":"open","ping_status":"open","sticky":false,"template":"","format":"standard","meta":{"ocean_post_layout":"","ocean_both_sidebars_style":"","ocean_both_sidebars_content_width":0,"ocean_both_sidebars_sidebars_width":0,"ocean_sidebar":"0","ocean_second_sidebar":"0","ocean_disable_margins":"enable","ocean_add_body_class":"","ocean_shortcode_before_top_bar":"","ocean_shortcode_after_top_bar":"","ocean_shortcode_before_header":"","ocean_shortcode_after_header":"","ocean_has_shortcode":"","ocean_shortcode_after_title":"","ocean_shortcode_before_footer_widgets":"","ocean_shortcode_after_footer_widgets":"","ocean_shortcode_before_footer_bottom":"","ocean_shortcode_after_footer_bottom":"","ocean_display_top_bar":"default","ocean_display_header":"default","ocean_header_style":"","ocean_center_header_left_menu":"0","ocean_custom_header_template":"0","ocean_custom_logo":0,"ocean_custom_retina_logo":0,"ocean_custom_logo_max_width":0,"ocean_custom_logo_tablet_max_width":0,"ocean_custom_logo_mobile_max_width":0,"ocean_custom_logo_max_height":0,"ocean_custom_logo_tablet_max_height":0,"ocean_custom_logo_mobile_max_height":0,"ocean_header_custom_menu":"0","ocean_menu_typo_font_family":"0","ocean_menu_typo_font_subset":"","ocean_menu_typo_font_size":0,"ocean_menu_typo_font_size_tablet":0,"ocean_menu_typo_font_size_mobile":0,"ocean_menu_typo_font_size_unit":"px","ocean_menu_typo_font_weight":"","ocean_menu_typo_font_weight_tablet":"","ocean_menu_typo_font_weight_mobile":"","ocean_menu_typo_transform":"","ocean_menu_typo_transform_tablet":"","ocean_menu_typo_transform_mobile":"","ocean_menu_typo_line_height":0,"ocean_menu_typo_line_height_tablet":0,"ocean_menu_typo_line_height_mobile":0,"ocean_menu_typo_line_height_unit":"","ocean_menu_typo_spacing":0,"ocean_menu_typo_spacing_tablet":0,"ocean_menu_typo_spacing_mobile":0,"ocean_menu_typo_spacing_unit":"","ocean_menu_link_color":"","ocean_menu_link_color_hover":"","ocean_menu_link_color_active":"","ocean_menu_link_background":"","ocean_menu_link_hover_background":"","ocean_menu_link_active_background":"","ocean_menu_social_links_bg":"","ocean_menu_social_hover_links_bg":"","ocean_menu_social_links_color":"","ocean_menu_social_hover_links_color":"","ocean_disable_title":"default","ocean_disable_heading":"default","ocean_post_title":"","ocean_post_subheading":"","ocean_post_title_style":"","ocean_post_title_background_color":"","ocean_post_title_background":0,"ocean_post_title_bg_image_position":"","ocean_post_title_bg_image_attachment":"","ocean_post_title_bg_image_repeat":"","ocean_post_title_bg_image_size":"","ocean_post_title_height":0,"ocean_post_title_bg_overlay":0.5,"ocean_post_title_bg_overlay_color":"","ocean_disable_breadcrumbs":"default","ocean_breadcrumbs_color":"","ocean_breadcrumbs_separator_color":"","ocean_breadcrumbs_links_color":"","ocean_breadcrumbs_links_hover_color":"","ocean_display_footer_widgets":"default","ocean_display_footer_bottom":"default","ocean_custom_footer_template":"0","ocean_post_oembed":"","ocean_post_self_hosted_media":"","ocean_post_video_embed":"","ocean_link_format":"","ocean_link_format_target":"self","ocean_quote_format":"","ocean_quote_format_link":"post","ocean_gallery_link_images":"off","ocean_gallery_id":[],"footnotes":""},"categories":[1863,506,25,2],"tags":[1946,1945,73,1944,1941,1942,236,1943],"class_list":["post-4396","post","type-post","status-publish","format-standard","has-post-thumbnail","hentry","category-activisme","category-droits-humains","category-philosophie","category-politique","tag-christophe-colomb","tag-churchill","tag-feminisme","tag-george-floyd","tag-histoire","tag-historiographie","tag-racisme","tag-symboles","entry","has-media"],"aioseo_notices":[],"language":"fr","_links":{"self":[{"href":"https:\/\/www.jcvignoli.com\/blog\/wp-json\/wp\/v2\/posts\/4396","targetHints":{"allow":["GET"]}}],"collection":[{"href":"https:\/\/www.jcvignoli.com\/blog\/wp-json\/wp\/v2\/posts"}],"about":[{"href":"https:\/\/www.jcvignoli.com\/blog\/wp-json\/wp\/v2\/types\/post"}],"author":[{"embeddable":true,"href":"https:\/\/www.jcvignoli.com\/blog\/wp-json\/wp\/v2\/users\/1"}],"replies":[{"embeddable":true,"href":"https:\/\/www.jcvignoli.com\/blog\/wp-json\/wp\/v2\/comments?post=4396"}],"version-history":[{"count":0,"href":"https:\/\/www.jcvignoli.com\/blog\/wp-json\/wp\/v2\/posts\/4396\/revisions"}],"wp:featuredmedia":[{"embeddable":true,"href":"https:\/\/www.jcvignoli.com\/blog\/wp-json\/wp\/v2\/media\/4399"}],"wp:attachment":[{"href":"https:\/\/www.jcvignoli.com\/blog\/wp-json\/wp\/v2\/media?parent=4396"}],"wp:term":[{"taxonomy":"category","embeddable":true,"href":"https:\/\/www.jcvignoli.com\/blog\/wp-json\/wp\/v2\/categories?post=4396"},{"taxonomy":"post_tag","embeddable":true,"href":"https:\/\/www.jcvignoli.com\/blog\/wp-json\/wp\/v2\/tags?post=4396"}],"curies":[{"name":"wp","href":"https:\/\/api.w.org\/{rel}","templated":true}]}}