{"id":4345,"date":"2020-04-09T08:42:52","date_gmt":"2020-04-09T13:42:52","guid":{"rendered":"https:\/\/www.jcvignoli.com\/blog\/?p=4345"},"modified":"2020-04-09T08:45:15","modified_gmt":"2020-04-09T13:45:15","slug":"coronavirus-au-perou-je-me-vois-contrainte-de-dire-non-a-des-peruviens-qui-me-demandent-a-manger-une-dure-realite-de-la-solidarite","status":"publish","type":"post","link":"https:\/\/www.jcvignoli.com\/blog\/2020\/coronavirus-au-perou-je-me-vois-contrainte-de-dire-non-a-des-peruviens-qui-me-demandent-a-manger-une-dure-realite-de-la-solidarite","title":{"rendered":"Coronavirus au P\u00e9rou : \u00ab Je me vois contrainte de dire non \u00e0 des P\u00e9ruviens qui me demandent \u00e0 manger\u00bb, une dure r\u00e9alit\u00e9 de la solidarit\u00e9"},"content":{"rendered":"\r\n<p>\u00ab C\u2019est un choix terrible que de d\u00e9cider \u00e0 quelle famille donner \u00e0 manger \u00bb, confie Audrey Lencou, une Fran\u00e7aise expatri\u00e9e \u00e0 Huanchaco, un village c\u00f4tier du P\u00e9rou. \u00ab Je vois des familles qui ont faim, et je ne peux pas toutes les nourrir. Je me vois contrainte de dire non \u00e0 des P\u00e9ruviens qui me demandent \u00e0 manger. C\u2019est difficile pour le moral, mais je ne baisse pas les bras \u00bb, commente une Fran\u00e7aise qui a d\u00e9cid\u00e9 de retrousser les manches pour venir en aide aux d\u00e9munis de sa r\u00e9gion.<\/p>\r\n<p>Le P\u00e9rou vit dans l\u2019\u00e9tat d\u2019urgence depuis le 17 mars 2020 \u00e0 la suite de la crise sanitaire du coronavirus (Covid-19). Les mesures y sont plus drastiques qu\u2019en Europe, puisqu\u2019aucun d\u00e9placement interurbain n\u2019est permis dans le pays sauf autorisation particuli\u00e8re. On ne peut sortir que pour faire ses courses, aller \u00e0 la pharmacie, \u00e0 la banque ou consulter un m\u00e9decin. De plus, un couvre-feu a \u00e9t\u00e9 d\u00e9cr\u00e9t\u00e9 le 18 mars qui s\u2019\u00e9tendait de 20h \u00e0 5h du matin les premiers jours, puis depuis le 31 mars de 18h \u00e0 5h. Depuis le 3 avril, les sorties de la population pour faire les courses et les quelques rares actes jug\u00e9s essentiels sont altern\u00e9es entre femmes et hommes, chacun \u00e9tant autoris\u00e9 \u00e0 sortir trois jour par semaine. L\u2019\u00e9tat d\u2019urgence a \u00e9t\u00e9 d\u00e9cr\u00e9t\u00e9 par Mart\u00edn Vizcarra, le pr\u00e9sident p\u00e9ruvien, jusqu\u2019au 12 avril. <br \/>Cette restriction de mouvements et de r\u00e9unions a pour cons\u00e9quence de plonger une partie de la population dans une situation de famine. Dans un pays o\u00f9 l\u2019\u00e9conomie informelle est tr\u00e8s r\u00e9pandue (entre 40 et 60% du PIB selon la Banque Mondiale), de nombreux P\u00e9ruviens vivent des petits boulots qu\u2019ils trouvent. Le P\u00e9rou compte 21 % de sa population vivant dans la pauvret\u00e9, et 3 % dans la pauvret\u00e9 extr\u00eame. On y survit au jour le jour en vendant des ceintures, en nettoyant des chaussures et tout ce que l\u2019esprit de d\u00e9brouillardise permet d\u2019inventer. Mais aujourd\u2019hui, m\u00eame cette ing\u00e9niosit\u00e9 est insuffisante est prise en d\u00e9faut face aux cons\u00e9quences \u00e9conomiques de l\u2019\u00e9tat d\u2019urgence. Pour toutes les familles qui peinaient \u00e0 joindre les deux bouts avant la crise, l\u2019interdiction de pouvoir gagner de l\u2019argent sonne comme une condamnation \u00e0 mort. M\u00eame la solidarit\u00e9 familiale ou communautaire se trouve prise en d\u00e9faut, la circulation \u00e9tant limit\u00e9e.<\/p>\r\n<p><a href=\"https:\/\/www.jcvignoli.com\/blog\/wp-content\/uploads\/por-favor-tenemos-ambre-trujillo.jpg\"><img loading=\"lazy\" decoding=\"async\" class=\"wp-image-4348 size-medium alignright\" src=\"https:\/\/www.jcvignoli.com\/blog\/wp-content\/uploads\/por-favor-tenemos-ambre-trujillo-300x150.jpg\" alt=\"\" width=\"300\" height=\"150\" srcset=\"https:\/\/www.jcvignoli.com\/blog\/wp-content\/uploads\/por-favor-tenemos-ambre-trujillo-300x150.jpg 300w, https:\/\/www.jcvignoli.com\/blog\/wp-content\/uploads\/por-favor-tenemos-ambre-trujillo-768x384.jpg 768w, https:\/\/www.jcvignoli.com\/blog\/wp-content\/uploads\/por-favor-tenemos-ambre-trujillo.jpg 1000w\" sizes=\"auto, (max-width: 300px) 100vw, 300px\" \/><\/a>Pourtant, lorsqu\u2019Audrey Lencou voit par hasard une photo d\u2019appel \u00e0 l\u2019aide dans un <a href=\"http:\/\/laindustria.pe\/nota\/14649-alto-trujillo-por-favor-aydennos-no-tenemos-qu-comer\">journal p\u00e9ruvien<\/a>, elle laisse parler son coeur. Sur l\u2019image, un graffiti refl\u00e9tant le d\u00e9sespoir de tout un quartier de Trujillo, la troisi\u00e8me plus grande ville du P\u00e9rou : \u00ab S\u2019il vous plait, aidez-nous, nous n\u2019avons plus \u00e0 manger ! \u00bb. Le sang de la jeune fran\u00e7aise, qui vit \u00e0 Huanchaco, un village jouxtant le quartier criant famine, ne fait qu\u2019un tour : \u00ab Je ne pouvais rester sourde \u00e0 ces cris de d\u00e9sespoir \u00bb. Audrey n\u2019a elle-m\u00eame plus de revenus, puisqu\u2019elle d\u00fb fermer son auberge de jeunesse faute de clients ; qu\u2019\u00e0 cela ne tienne, elle va se vouer corps et \u00e2me \u00e0 aider son prochain sans penser \u00e0 elle-m\u00eame.<\/p>\r\n<p><a href=\"https:\/\/www.jcvignoli.com\/blog\/wp-content\/uploads\/don-Audrey-Joan-sacs-plastiques.jpg\"><img loading=\"lazy\" decoding=\"async\" class=\"alignleft size-thumbnail wp-image-4351\" src=\"https:\/\/www.jcvignoli.com\/blog\/wp-content\/uploads\/don-Audrey-Joan-sacs-plastiques-200x200.jpg\" alt=\"\" width=\"200\" height=\"200\" \/><\/a><a href=\"https:\/\/www.jcvignoli.com\/blog\/wp-content\/uploads\/don-Audrey-Joan-avec-dame-de-dos.jpg\"><img loading=\"lazy\" decoding=\"async\" class=\"size-thumbnail wp-image-4350 alignright\" src=\"https:\/\/www.jcvignoli.com\/blog\/wp-content\/uploads\/don-Audrey-Joan-avec-dame-de-dos-200x200.jpg\" alt=\"\" width=\"200\" height=\"200\" \/><\/a>Elle contacte ses amis expatri\u00e9s de son village et parvient \u00e0 r\u00e9unir une petite somme qui lui permet d\u2019acheter suffisamment de nourriture pour remplir une trentaine de sacs. \u00ab Un sac permet \u00e0 une famille de survivre durant environ une semaine \u00bb, explique la Fran\u00e7aise. \u00ab Mais lorsque nous avons distribu\u00e9 les sacs, nous avons d\u00fb refuser d\u2019aider des P\u00e9ruviens qui nous demandaient aussi \u00e0 manger, nous n\u2019avions pas assez de sacs pour tout le monde. J\u2019ai alors lanc\u00e9 un appel \u00e0 la solidarit\u00e9 sur les r\u00e9seaux sociaux <sup><a href=\"#footnote_0_4345\" id=\"identifier_0_4345\" class=\"footnote-link footnote-identifier-link\" title=\"L&rsquo;appel est toujours ouvert et accessible &agrave; l&rsquo;adresse suivante : https:\/\/www.leetchi.com\/c\/aide-alimentaire-pour-les-familles-peruviennes\">[1]<\/a><\/sup> \u00bb. Son alarme est rapidement entendue, puisqu\u2019Audrey collecte en quelques jours la somme de 1200 Euro, soit l\u2019\u00e9quivalent de 150 sacs qu\u2019elle va prochainement distribuer dans le m\u00eame quartier ainsi que dans un autre village nomm\u00e9 la Esperanza. La g\u00e9n\u00e9rosit\u00e9 des internautes va permettre \u00e0 Audrey et son compagnon Joan, un professeur de surf p\u00e9ruvien avec qui elle a ouvert son auberge de jeunesse, d\u2019\u00e9tendre leur rayon d\u2019action au premier village o\u00f9 la Fran\u00e7aise a v\u00e9cu lors des d\u00e9buts de son expatriation : \u00ab C\u2019est une continuation de la raison qui m\u2019a pouss\u00e9 \u00e0 venir au P\u00e9rou. Une fois ma formation universitaire termin\u00e9e dans le domaine social, j\u2019ai voulu aider des enfants d\u00e9scolaris\u00e9s. J\u2019ai trouv\u00e9 un poste de volontaire \u00e0 l\u2019Esperanza o\u00f9 j\u2019ai pu leur offrir des cours. Aujourd\u2019hui, je leur offre \u00e0 manger. \u00bb Plusieurs initiatives identiques, \u00e9manant de citoyens p\u00e9ruviens, d\u2019ONG et d\u2019expatri\u00e9s, cherchent \u00e0 r\u00e9pondre dans l\u2019urgence aux besoins de premi\u00e8re n\u00e9cessit\u00e9 des plus d\u00e9munis.<\/p>\r\n<p>Du c\u00f4t\u00e9 du gouvernement de Vizcarra, on a promis au d\u00e9but de la crise un soutien financier d\u2019un montant de 250 millions de Soles (67 millions d\u2019Euro). Il doit permettre de r\u00e9pondre aux n\u00e9cessit\u00e9s du 24 % de la population en \u00e9tat de pauvret\u00e9. Cet appui avait \u00e9t\u00e9 fix\u00e9 d\u00e8s le d\u00e9but de l\u2019\u00e9tat d\u2019urgence \u00e0 380 Soles (un peu plus de 100 Euro) par famille, et visait \u00e0 couvrir les d\u00e9penses estim\u00e9es d\u2019une famille pour deux semaines. Le gouvernement s\u2019est m\u00eame engag\u00e9 \u00e0 renouveler le bon, puisque l\u2019\u00e9tat d\u2019urgence a \u00e9t\u00e9 Mais dans ce cas, pourquoi cet argent ne parvient-il pas aux d\u00e9sh\u00e9rit\u00e9s de Trujillo et comment se fait-il que l\u2019action d\u2019Audrey Lencou et d\u2019autres soit-elle si importante ?<br \/>Santiago G\u00f3mez Pariente, journaliste \u00e0 Latina Televisi\u00f3n, explique que \u00ab seules 1.4 millions de familles sur les 3 millions de pr\u00e9vues ont re\u00e7u l\u2019aide gouvernementale \u00e0 ce jour. La r\u00e9partition devait prendre la forme d\u2019un virement bancaires pour les destinataires des bons, mais la majorit\u00e9 des personnes dans le d\u00e9nuement n\u2019ont pas de comptes \u00bb. Une parade a bien \u00e9t\u00e9 cherch\u00e9e, avec la mise en place d\u2019un site internet indiquant quand, comment et qui peut aller chercher son bon aupr\u00e8s des services gouvernementaux. Une id\u00e9e dict\u00e9e par la n\u00e9cessit\u00e9 d\u2019\u00e9viter le rassemblement de la population et la propagation du virus, mais c\u2019est encore un \u00e9chec : encore faut-il que les indigents puissent avoir acc\u00e8s \u00e0 internet et entendent parler du site. \u00ab Le gouvernement va dor\u00e9navant avoir recours aux travailleurs sociaux pour distribuer de la nourriture. Mais je ne pense pas que ce sera suffisant pour r\u00e9pondre \u00e0 la demande \u00bb, regrette le journaliste.<\/p>\r\n<p>Quant \u00e0 l\u2019\u00e9volution de la pand\u00e9mie, les chiffres extr\u00eamement bas du nombre d\u2019infect\u00e9s dans le pays (un peu plus de 2&rsquo;500 cas confirm\u00e9s) sont \u00e0 prendre avec pr\u00e9caution puisque les tests de d\u00e9pistage commencent \u00e0 peine \u00e0 arriver dans le pays. G\u00f3mez Pariente parie sur \u00ab une chiffre 3 \u00e0 4 fois sup\u00e9rieur \u00bb. Une chose est s\u00fbre : la pand\u00e9mie aura aussi donn\u00e9 lieu \u00e0 de magnifiques \u00e9lans de solidarit\u00e9, \u00e0 l\u2019image de celui d\u2019Audrey Lencou.<\/p>\r\n<div class=\"footnotes-made-easy-header\"><div class=\"footnote_container_prepare\">\n<p>R\u00e9f\u00e9rences<\/p>\n<\/div>\n<\/div><ol class=\"footnotes\"><li id=\"footnote_0_4345\" class=\"footnote\">L\u2019appel est toujours ouvert et accessible \u00e0 l\u2019adresse suivante : <a href=\"https:\/\/www.leetchi.com\/c\/aide-alimentaire-pour-les-familles-peruviennes\">https:\/\/www.leetchi.com\/c\/aide-alimentaire-pour-les-familles-peruviennes<\/a><span class=\"footnote-back-link-wrapper\"><span class=\"fme-pre-backlink\">[<\/span><a href=\"https:\/\/www.jcvignoli.com\/blog\/2020\/coronavirus-au-perou-je-me-vois-contrainte-de-dire-non-a-des-peruviens-qui-me-demandent-a-manger-une-dure-realite-de-la-solidarite#identifier_0_4345\" class=\"footnote-link footnote-back-link\" title=\"Jump back to text\" aria-label=\"Jump back to text\">\u21a9<\/a><span class=\"fme-pre-backlink\">]<\/span><\/span><\/li><\/ol><div class=\"pld-like-dislike-wrap pld-template-1\">\r\n    <div class=\"pld-like-wrap  pld-common-wrap\">\r\n    <a href=\"javascript:void(0)\" class=\"pld-like-trigger pld-like-dislike-trigger  \" title=\"Super article!\" data-post-id=\"4345\" data-trigger-type=\"like\" data-restriction=\"cookie\" data-already-liked=\"0\">\r\n                        <i class=\"fas fa-thumbs-up\"><\/i>\r\n                <\/a>\r\n    <span class=\"pld-like-count-wrap pld-count-wrap\">0    <\/span>\r\n<\/div><div class=\"pld-dislike-wrap  pld-common-wrap\">\r\n    <a href=\"javascript:void(0)\" class=\"pld-dislike-trigger pld-like-dislike-trigger  \" title=\"Pas terrible...\" data-post-id=\"4345\" data-trigger-type=\"dislike\" data-restriction=\"cookie\" data-already-liked=\"0\">\r\n                        <i class=\"fas fa-thumbs-down\"><\/i>\r\n                <\/a>\r\n    <span class=\"pld-dislike-count-wrap pld-count-wrap\">0<\/span>\r\n<\/div><\/div>","protected":false},"excerpt":{"rendered":"<p>\u00ab C\u2019est un choix terrible que de d\u00e9cider \u00e0 quelle famille donner \u00e0 manger \u00bb, confie Audrey Lencou, une Fran\u00e7aise expatri\u00e9e \u00e0 Huanchaco, un village c\u00f4tier du P\u00e9rou. \u00ab Je vois des familles qui ont faim, et je ne peux pas toutes les nourrir. Je me vois contrainte de dire non \u00e0 des P\u00e9ruviens qui [&hellip;]<\/p>\n","protected":false},"author":1,"featured_media":4350,"comment_status":"open","ping_status":"open","sticky":false,"template":"","format":"standard","meta":{"ocean_post_layout":"","ocean_both_sidebars_style":"","ocean_both_sidebars_content_width":0,"ocean_both_sidebars_sidebars_width":0,"ocean_sidebar":"0","ocean_second_sidebar":"0","ocean_disable_margins":"enable","ocean_add_body_class":"","ocean_shortcode_before_top_bar":"","ocean_shortcode_after_top_bar":"","ocean_shortcode_before_header":"","ocean_shortcode_after_header":"","ocean_has_shortcode":"","ocean_shortcode_after_title":"","ocean_shortcode_before_footer_widgets":"","ocean_shortcode_after_footer_widgets":"","ocean_shortcode_before_footer_bottom":"","ocean_shortcode_after_footer_bottom":"","ocean_display_top_bar":"default","ocean_display_header":"default","ocean_header_style":"","ocean_center_header_left_menu":"0","ocean_custom_header_template":"0","ocean_custom_logo":0,"ocean_custom_retina_logo":0,"ocean_custom_logo_max_width":0,"ocean_custom_logo_tablet_max_width":0,"ocean_custom_logo_mobile_max_width":0,"ocean_custom_logo_max_height":0,"ocean_custom_logo_tablet_max_height":0,"ocean_custom_logo_mobile_max_height":0,"ocean_header_custom_menu":"0","ocean_menu_typo_font_family":"0","ocean_menu_typo_font_subset":"","ocean_menu_typo_font_size":0,"ocean_menu_typo_font_size_tablet":0,"ocean_menu_typo_font_size_mobile":0,"ocean_menu_typo_font_size_unit":"px","ocean_menu_typo_font_weight":"","ocean_menu_typo_font_weight_tablet":"","ocean_menu_typo_font_weight_mobile":"","ocean_menu_typo_transform":"","ocean_menu_typo_transform_tablet":"","ocean_menu_typo_transform_mobile":"","ocean_menu_typo_line_height":0,"ocean_menu_typo_line_height_tablet":0,"ocean_menu_typo_line_height_mobile":0,"ocean_menu_typo_line_height_unit":"","ocean_menu_typo_spacing":0,"ocean_menu_typo_spacing_tablet":0,"ocean_menu_typo_spacing_mobile":0,"ocean_menu_typo_spacing_unit":"","ocean_menu_link_color":"","ocean_menu_link_color_hover":"","ocean_menu_link_color_active":"","ocean_menu_link_background":"","ocean_menu_link_hover_background":"","ocean_menu_link_active_background":"","ocean_menu_social_links_bg":"","ocean_menu_social_hover_links_bg":"","ocean_menu_social_links_color":"","ocean_menu_social_hover_links_color":"","ocean_disable_title":"default","ocean_disable_heading":"default","ocean_post_title":"","ocean_post_subheading":"","ocean_post_title_style":"","ocean_post_title_background_color":"","ocean_post_title_background":0,"ocean_post_title_bg_image_position":"","ocean_post_title_bg_image_attachment":"","ocean_post_title_bg_image_repeat":"","ocean_post_title_bg_image_size":"","ocean_post_title_height":0,"ocean_post_title_bg_overlay":0.5,"ocean_post_title_bg_overlay_color":"","ocean_disable_breadcrumbs":"default","ocean_breadcrumbs_color":"","ocean_breadcrumbs_separator_color":"","ocean_breadcrumbs_links_color":"","ocean_breadcrumbs_links_hover_color":"","ocean_display_footer_widgets":"default","ocean_display_footer_bottom":"default","ocean_custom_footer_template":"0","ocean_post_oembed":"","ocean_post_self_hosted_media":"","ocean_post_video_embed":"","ocean_link_format":"","ocean_link_format_target":"self","ocean_quote_format":"","ocean_quote_format_link":"post","ocean_gallery_link_images":"off","ocean_gallery_id":[],"footnotes":""},"categories":[1863,1860],"tags":[1928,1939,1642,1940],"class_list":["post-4345","post","type-post","status-publish","format-standard","has-post-thumbnail","hentry","category-activisme","category-interview","tag-coronavirus","tag-pauvrete","tag-perou","tag-trujillo","entry","has-media"],"aioseo_notices":[],"language":"fr","_links":{"self":[{"href":"https:\/\/www.jcvignoli.com\/blog\/wp-json\/wp\/v2\/posts\/4345","targetHints":{"allow":["GET"]}}],"collection":[{"href":"https:\/\/www.jcvignoli.com\/blog\/wp-json\/wp\/v2\/posts"}],"about":[{"href":"https:\/\/www.jcvignoli.com\/blog\/wp-json\/wp\/v2\/types\/post"}],"author":[{"embeddable":true,"href":"https:\/\/www.jcvignoli.com\/blog\/wp-json\/wp\/v2\/users\/1"}],"replies":[{"embeddable":true,"href":"https:\/\/www.jcvignoli.com\/blog\/wp-json\/wp\/v2\/comments?post=4345"}],"version-history":[{"count":0,"href":"https:\/\/www.jcvignoli.com\/blog\/wp-json\/wp\/v2\/posts\/4345\/revisions"}],"wp:featuredmedia":[{"embeddable":true,"href":"https:\/\/www.jcvignoli.com\/blog\/wp-json\/wp\/v2\/media\/4350"}],"wp:attachment":[{"href":"https:\/\/www.jcvignoli.com\/blog\/wp-json\/wp\/v2\/media?parent=4345"}],"wp:term":[{"taxonomy":"category","embeddable":true,"href":"https:\/\/www.jcvignoli.com\/blog\/wp-json\/wp\/v2\/categories?post=4345"},{"taxonomy":"post_tag","embeddable":true,"href":"https:\/\/www.jcvignoli.com\/blog\/wp-json\/wp\/v2\/tags?post=4345"}],"curies":[{"name":"wp","href":"https:\/\/api.w.org\/{rel}","templated":true}]}}