{"id":4080,"date":"2020-03-22T19:29:59","date_gmt":"2020-03-23T00:29:59","guid":{"rendered":"https:\/\/www.jcvignoli.com\/blog\/?p=4080"},"modified":"2024-07-20T11:45:05","modified_gmt":"2024-07-20T16:45:05","slug":"les-qeros-un-peuple-descendant-des-incas-mais-plus-pour-longtemps","status":"publish","type":"post","link":"https:\/\/www.jcvignoli.com\/blog\/2020\/les-qeros-un-peuple-descendant-des-incas-mais-plus-pour-longtemps","title":{"rendered":"Les Qeros, un peuple descendant des Incas mais plus pour longtemps"},"content":{"rendered":"<div class=\"wp-block-image\">\n<figure class=\"alignleft\"><a href=\"https:\/\/www.jcvignoli.com\/blog\/wp-content\/uploads\/Cusco-region-montagnes.jpg\"><img loading=\"lazy\" decoding=\"async\" width=\"200\" height=\"200\" src=\"https:\/\/www.jcvignoli.com\/blog\/wp-content\/uploads\/Cusco-region-montagnes-200x200.jpg\" alt=\"Montagnes et chevaux dans la r\u00e9gion de Cuzco\" class=\"wp-image-4086\"\/><\/a><\/figure>\n<\/div>\n\n\n<p>Trouver une communaut\u00e9 autochtone rel\u00e8ve de la gageur dans deux des trois r\u00e9gions p\u00e9ruviennes. L&rsquo;Amazonie p\u00e9ruvienne, la <em>selva<\/em> comme disent les P\u00e9ruviens, abrite plusieurs communaut\u00e9s, tels les fameux Shipibos. La <em>costa<\/em> quant \u00e0 elle, la c\u00f4te ensabl\u00e9e et d\u00e9sertique, rec\u00e8le bien des tr\u00e9sors arch\u00e9ologiques mais ne comporte aucun groupe d&rsquo;indig\u00e8nes. Et enfin, la troisi\u00e8me r\u00e9gion, qui coupe en deux le P\u00e9rou avec un couteau haut de six mille m\u00e8tres : la <em>Sierra<\/em> des l\u00e9gendes oubli\u00e9es, des hauts plateaux qui se disputent avec des pics sans fins, lieu o\u00f9 le Machu Picchu fut d\u00e9couvert il y a plus d&rsquo;un si\u00e8cle. Ce fut la patrie du centre oraculaire de <a href=\"\/blog\/2020\/chavin-de-huantar-lun-des-plus-anciens-temples-oraculaires-du-monde\">Chav\u00edn de Hu\u00e1ntar<\/a>, complexe arch\u00e9ologique \u00e9minemment important pour comprendre le P\u00e9rou antique, mais aussi des <a href=\"\/blog\/2019\/visiter-les-beautes-de-chachapoyas-amazonas-perou\">Chachapoyas <\/a>au nord, ou encore les <a href=\"\/blog\/2020\/les-legendes-des-origines-des-incas\">Incas<\/a> au sud, dont la capitale Cuzco signifie le nombril du monde.<\/p>\n\n\n<div class=\"wp-block-image\">\n<figure class=\"alignright\"><a href=\"https:\/\/www.jcvignoli.com\/blog\/wp-content\/uploads\/Montagnes-Cusco-Homme-cheval.jpg\"><img loading=\"lazy\" decoding=\"async\" width=\"300\" height=\"225\" src=\"https:\/\/www.jcvignoli.com\/blog\/wp-content\/uploads\/Montagnes-Cusco-Homme-cheval-300x225.jpg\" alt=\"Homme \u00e0 cheval et en sandales \u00e0 5000 m\u00e8tres dans les montagnes de la r\u00e9gion de Cusco\" class=\"wp-image-4087\" srcset=\"https:\/\/www.jcvignoli.com\/blog\/wp-content\/uploads\/Montagnes-Cusco-Homme-cheval-300x225.jpg 300w, https:\/\/www.jcvignoli.com\/blog\/wp-content\/uploads\/Montagnes-Cusco-Homme-cheval-1024x768.jpg 1024w, https:\/\/www.jcvignoli.com\/blog\/wp-content\/uploads\/Montagnes-Cusco-Homme-cheval-768x576.jpg 768w, https:\/\/www.jcvignoli.com\/blog\/wp-content\/uploads\/Montagnes-Cusco-Homme-cheval-1536x1152.jpg 1536w, https:\/\/www.jcvignoli.com\/blog\/wp-content\/uploads\/Montagnes-Cusco-Homme-cheval-2048x1536.jpg 2048w\" sizes=\"auto, (max-width: 300px) 100vw, 300px\" \/><\/a><figcaption class=\"wp-element-caption\">Cet homme est en sandales \u00e0 5000 m\u00e8tres !<\/figcaption><\/figure>\n<\/div>\n\n\n<p>Les Incas ont progressivement disparu avec l&rsquo;arriv\u00e9e des Conquistadors hispaniques. Profitant des luttes internes, l&rsquo;Espagnol Pizarro a mis \u00e0 genoux avec une poign\u00e9e d&rsquo;hommes l&rsquo;un des deux plus grands empires que l&rsquo;Am\u00e9rique Latine pr\u00e9hispanique a jamais connu. Tout ce qui nous reste \u00e0 voir des Incas, une civilisation sans \u00e9criture, r\u00e9side dans les prouesses technologiques et architecturales qu&rsquo;ils r\u00e9alis\u00e8rent. Nos informations sur leur culture reste lapidaire et surtout tr\u00e8s ethnocentr\u00e9es, puisqu&rsquo;\u00e0 quelques exceptions pr\u00e8s seuls les chroniqueurs europ\u00e9ens qui ont consign\u00e9 leurs r\u00e9cits. J&rsquo;\u00e9cris \u00e0 quelques exceptions pr\u00e8s, car Inca Garcilaso de la Vega, un m\u00e9tisse descendant d&rsquo;un Capitaine espagnol et d&rsquo;un princesse inca, fut le premier Inca \u00e0 coucher par \u00e9crit les l\u00e9gendes et histoires inca\u00efques dans son fameux ouvrage \u00ab\u00a0<em>Comentarios Reales de los Incas<\/em>\u00a0\u00bb <sup><a href=\"#footnote_0_4080\" id=\"identifier_0_4080\" class=\"footnote-link footnote-identifier-link\" title=\"Une version espagnole des Los Comentarios Reales au format pdf peut &ecirc;tre t&eacute;l&eacute;charg&eacute;e librement.\">[1]<\/a><\/sup>. Il s&rsquo;agissait de la premi\u00e8re fois qu&rsquo;un Inca partageait sa vision de son monde, m\u00eame si de la Vega a re\u00e7u une \u00e9ducation mixte.<\/p>\n\n\n\n<p>Les Incas, un peuple indig\u00e8ne de la Sierra, auraient-ils pour autant d\u00e9finitivement disparu, comme la majorit\u00e9 des peuples d&rsquo;Am\u00e9rique du Sud ? Une communaut\u00e9 d\u00e9clare que non. Il s&rsquo;agit des Qeros, un groupe de 5 communaut\u00e9s vivant \u00e0 quelques heures de route depuis Cuzco. Lorsque j&rsquo;ai d\u00e9couvert leur existence, et surtout leur pr\u00e9tention \u00e0 un h\u00e9ritage aussi prestigieux, j&rsquo;ai eu envie d&rsquo;apprendre \u00e0 les conna\u00eetre, et pouvoir partager avec eux des histoires d&rsquo;autres peuples autochtones, comme celles des <a href=\"\/blog\/2019\/la-cosmovision-des-bribris-du-costa-rica\">Bribris<\/a> ou des <a href=\"\/blog\/2019\/les-kogis-ou-comment-survive-face-a-la-modernite-lorsquon-valorise-la-tradition\">Kogis<\/a>. Le probl\u00e8me que je rencontre syst\u00e9matiquement dans la recherche de communaut\u00e9s indig\u00e8nes, c&rsquo;est que tout le monde clame les conna\u00eetre, mais personne ne sait vous dire o\u00f9 est-ce qu&rsquo;ils vivent. Je me suis donc rendu \u00e0 Ocongate, un village dans les montagnes cusqu\u00e9niennes, ayant recueilli le nom de cette ville lors de mes enqu\u00eates, pour pouvoir m&rsquo;approcher des derniers descendants des Incas.<\/p>\n\n\n\n<h2 class=\"wp-block-heading\">La rencontre avec les Qeros<\/h2>\n\n\n\n<p>Une fois parvenu au minuscule village, mes investigations se compliquent par la m\u00e9connaissance des locaux, mais j&rsquo;ai la chance de faire la rencontre d&rsquo;un Qero qui vient l\u00e0 faire ses courses. Il a une soixantaine d&rsquo;ann\u00e9e, se pr\u00e9nomme Sebastian et parle principalement quechua. Son fils Henry nous rejoint, et la conversation se fait plus fluide car lui parle espagnol. Je leur demande de passer la nuit chez eux, ils ne r\u00e9pondent pas directement mais m&rsquo;invitent \u00e0 me rendre \u00e0 leur habitation. Je les accompagne, et nous nous retrouvons dans la cour d&rsquo;une s\u00e9rie de b\u00e2tisses modernes \u00e0 m\u00e2cher de la coca et bavarder. Je ne le comprendrai que plus tard, mais il s&rsquo;agissait d&rsquo;une discussion pr\u00e9alable pour d\u00e9cider de mon sort : visiblement ma conversation leur pl\u00fbt, puisque je passerai 24 heures avec eux. Ce fut un \u00e9change relativement bref que je v\u00e9cu aupr\u00e8s d&rsquo;eux, pour des raisons de COVID 19.<\/p>\n\n\n<div class=\"wp-block-image\">\n<figure class=\"alignleft\"><a href=\"https:\/\/www.jcvignoli.com\/blog\/wp-content\/uploads\/qero-portrait.jpg\"><img loading=\"lazy\" decoding=\"async\" width=\"181\" height=\"225\" src=\"https:\/\/www.jcvignoli.com\/blog\/wp-content\/uploads\/qero-portrait-181x225.jpg\" alt=\"Portrait de Qero\" class=\"wp-image-4083\" srcset=\"https:\/\/www.jcvignoli.com\/blog\/wp-content\/uploads\/qero-portrait-181x225.jpg 181w, https:\/\/www.jcvignoli.com\/blog\/wp-content\/uploads\/qero-portrait-617x768.jpg 617w, https:\/\/www.jcvignoli.com\/blog\/wp-content\/uploads\/qero-portrait-768x956.jpg 768w, https:\/\/www.jcvignoli.com\/blog\/wp-content\/uploads\/qero-portrait.jpg 1080w\" sizes=\"auto, (max-width: 181px) 100vw, 181px\" \/><\/a><figcaption class=\"wp-element-caption\">Photo de Leif Steiner (instagram.com), s\u00e9rie Portraits of humanity<\/figcaption><\/figure>\n<\/div>\n\n\n<p>Sebastian est chaman, ou <em>paco<\/em> comme disent les Qeros. Il organise des c\u00e9r\u00e9monies traditionnelles pour des Occidentaux malades \u00e0 la recherche de rem\u00e8des traditionnels. Pr\u00e8s de la ville de P\u00edsac, un ancien site inca, il s&rsquo;adonne \u00e0 des rituels lors des \u00ab\u00a0hautes saisons\u00a0\u00bb touristiques, et cherche \u00e0 gu\u00e9rir les p\u00e8lerins blancs venant chercher l&rsquo;aide du chaman. Je sollicitai l&rsquo;opinion de Sebastian quant \u00e0 ces blancs qui venaient le consulter : Sebastian, comme la plupart des autochtones que j&rsquo;ai pu croiser dans ma vie, me f\u00eet une r\u00e9ponse d\u00e9nu\u00e9e de tout jugement, ne s&rsquo;attardant pas \u00e0 commenter des individus absents : \u00ab\u00a0je n&rsquo;en pense rien\u00a0\u00bb, me r\u00e9pondit-il n&rsquo;accordant que peut d&rsquo;importance \u00e0 ma question. Sebastian, en qualit\u00e9 de chaman, proc\u00e8de \u00e9galement \u00e0 des <em>pagos<\/em> \u00e0 la <em>Pachamama<\/em> avec d&rsquo;autre confr\u00e8res <em>pacos<\/em>, une c\u00e9r\u00e9monie qui consiste en une offrande \u00e0 la Terre-m\u00e8re destin\u00e9e \u00e0 la remercier et lui demander un soutien pour les malheurs affectant nos vies.<\/p>\n\n\n\n<p>Je souhaitais pr\u00e9cis\u00e9ment assister \u00e0 un <em>pago<\/em> de Qeros, tout autant que d\u00e9couvrir la culture des derniers descendants de l&#8217;empire sud-am\u00e9ricain. Les sites sacr\u00e9s en Am\u00e9rique Latine sont parsem\u00e9es de petites bourses contenant divers objets offerts \u00e0 un rocher ou une montagne, et je n&rsquo;avais jamais particip\u00e9 \u00e0 la r\u00e9alisation de ce type d&rsquo;offrande. Ces rituels me semblent \u00eatre au coeur de la vision du monde osmotique naturel de l&rsquo;homme andin, ou plut\u00f4t de l&rsquo;homme latino-am\u00e9ricain. Ils prennent la forme de r\u00e9tributions et remerciements que l&rsquo;homme fait \u00e0 la nature, car la nature n&rsquo;est jamais s\u00e9par\u00e9e de lui. Elle est pr\u00e9sente, elle lui parle, le nourrit ; en \u00e9change, les chamans la remercient.<\/p>\n\n\n\n<h2 class=\"wp-block-heading\">Le <em>pago <\/em>\u00e0 la <em>Pachamama<\/em> avec les Qeros<\/h2>\n\n\n\n<p>J&rsquo;ai particip\u00e9 \u00e0 une c\u00e9r\u00e9monie nocture de <em>pago<\/em> \u00e0 la <em>Pachamama<\/em> avec la famille de Sebastian. Son fils et la femme de celui-ci se sont joints \u00e0 nous, alors que la propre femme de Sebastian a souhait\u00e9 rester seule. Nous avions plus t\u00f4t dans la journ\u00e9e r\u00e9alis\u00e9 des achats de divers ingr\u00e9dients, comme des feuilles de coca, du vin, des \u00e9pices et de nombreuses choses que je ne su identifier. Le rituel d\u00e9bute avec la s\u00e9lection de feuilles de coca. Sebastian ne m&rsquo;explique rien, vraisemblablement qu&rsquo;il ne s&rsquo;attend pas \u00e0 devoir m&rsquo;instruire sur un pr\u00e9ambule aussi basique. Je me retrouve \u00e0 le mimer sans comprendre exactement de quoi il en retourne. Je d\u00e9cide souverainement qu&rsquo;il s&rsquo;agit de choisir les feuilles les plus belles, \u00e0 moins que ce ne soit que comme une s\u00e9ance de tarot o\u00f9 l&rsquo;on prend les cartes qui rec\u00e8lent le futur de notre existence. Une fois termin\u00e9e la conception de la collection de feuilles, nous pr\u00e9levons par groupe de trois feuilles de coca sur lesquelles nous soufflons, et d\u00e9posons au centre d&rsquo;un tissu typique qero les v\u00e9g\u00e9taux consacr\u00e9s en pens\u00e9es. Par moments, nous nous les offrons, symbolisant le partage des bienfaits de la nature au sein des convives. Nous ajoutons par la suite les divers ingr\u00e9dients, cr\u00e9ant ainsi un floril\u00e8ge qui constitue le <em>pago<\/em>. Nous faisons quelques incantations aux Apus, les montagnes sacr\u00e9es, pour lesquels nous s\u00e9lectionnons deux feuilles de coca seulement. La montagne qui revient le plus r\u00e9guli\u00e8rement est l&rsquo;Apu Ausangate, la montagne la plus proche qui s&rsquo;\u00e9l\u00e8ve \u00e0 presque 6400 m\u00e8tres. Le pic est le 10\u00e8me le plus \u00e9lev\u00e9 du P\u00e9rou, et sacr\u00e9 pour tous les Qeros.<\/p>\n\n\n<p class=\"responsive-video-wrap clr\"><iframe loading=\"lazy\" title=\"D\u00e9but du pago avec Qeros\" width=\"400\" height=\"225\" src=\"https:\/\/www.youtube.com\/embed\/aPvcqsHqCUY?feature=oembed\" frameborder=\"0\" allow=\"accelerometer; autoplay; clipboard-write; encrypted-media; gyroscope; picture-in-picture; web-share\" referrerpolicy=\"strict-origin-when-cross-origin\" allowfullscreen><\/iframe><\/p>\n\n\n\n<p>La c\u00e9r\u00e9monie est effectu\u00e9e sans th\u00e9\u00e2tralit\u00e9 aucune, conversant, riant, et \u00e9changeant tout en poursuivant notre oeuvre. Il est naturel de remercier la terre pour ses bienfaits, mais ce type de c\u00e9r\u00e9monie ne se r\u00e9aliserait au sein de la famille que tous les deux mois environ, le prix \u00e9lev\u00e9 des ingr\u00e9dients pr\u00e9venant les Qeros de s&rsquo;y adonner de mani\u00e8re plus r\u00e9guli\u00e8re. Sebastian, qui est en contact avec les blancs et le paient (souvent grassement) pour son expertise, r\u00e9alise les <em>pagos<\/em> bien plus souvent.<\/p>\n\n\n\n<p>Puis tout le monde s&rsquo;approche avec le floril\u00e8ge pr\u00e8s du feu, et les incantations recommencent. S\u00e9bastian frotte le paquet sur le corps de tous les participants, puis le lance dans le foyer. Il prend la petite bouteille de vin que nous avions achet\u00e9e en matin\u00e9e, puis la c\u00e9r\u00e9monie se termine sans autre forme de proc\u00e8s.<\/p>\n\n\n<p class=\"responsive-video-wrap clr\"><iframe loading=\"lazy\" title=\"Pago con los Qeros en Per\u00fa\" width=\"400\" height=\"225\" src=\"https:\/\/www.youtube.com\/embed\/tbrFSTeRhVo?feature=oembed\" frameborder=\"0\" allow=\"accelerometer; autoplay; clipboard-write; encrypted-media; gyroscope; picture-in-picture; web-share\" referrerpolicy=\"strict-origin-when-cross-origin\" allowfullscreen><\/iframe><\/p>\n\n\n\n<p>Il s&rsquo;agit d&rsquo;un animisme plut\u00f4t bon enfant, sans danse ni chant, mais je pense que mon mode de visite impromptu y est pour quelque chose. Sebastian m&rsquo;explique en effet qu&rsquo;il est courant de danser lors des c\u00e9r\u00e9monies, je regrette de ne pas avoir pu y assister.<\/p>\n\n\n\n<h2 class=\"wp-block-heading\">La culture qero ne tient plus qu&rsquo;\u00e0 un fil<\/h2>\n\n\n\n<p>Tout cela peut sembler tr\u00e8s traditionnel. Pourtant, la famille de Sebastian s\u2019est \u00e9loign\u00e9e de sa communaut\u00e9 d&rsquo;origine, et semble \u00eatre assez repr\u00e9sentative de ce que sont devenus les Qeros aujourd\u2019hui. Ils vivent sans \u00e9lectricit\u00e9, certes, mais avec \u00e9norm\u00e9ment d\u2019outils du monde moderne. Henri travaille tr\u00e8s peu \u00e0 la ferme, car il gagne bien plus comme ma\u00e7on. Il a termin\u00e9 une \u00e9ducation primaire, ce qui en g\u00e9n\u00e9ral est signe que l&rsquo;homme pourrait avoir pass\u00e9 beaucoup de temps avec sa communaut\u00e9 : mais en r\u00e9alit\u00e9, il ne connais presque pas sa culture. Je le questionne \u00e0 de nombreuses reprises, mais les histoires sur les Incas ne pas beaucoup l&rsquo;int\u00e9resser. Il a 42 ans m&rsquo;indique-t-il, mais il ne commence qu&rsquo;aujourd&rsquo;hui \u00e0 s&rsquo;int\u00e9resser aux traditions qeros. Son p\u00e8re se lamente que plus personne ne veut s&rsquo;instruire des antiques coutumes. Quand je le questionne sur le lien entre les Incas et les Qeros, il se borne \u00e0 me r\u00e9pondre que le sang inca coule dans ses veines, mais que seul son grand-p\u00e8re aurait pu me r\u00e9pondre, s&rsquo;il \u00e9tait encore en vie. La famille de Sebastian continue \u00e0 tisser des habits comme leurs anc\u00eatres d&rsquo;autrefois, mais ne connaissent pas la signification des symboles qu&rsquo;ils tissent. Le tissage indig\u00e8ne est pourtant fondamental dans toutes les cultures qui s&rsquo;y livrent, car il repr\u00e9sente les fils qui relient le monde physique au spirituel ; oublier la symbolique des motifs tiss\u00e9s revient \u00e0 conclure que les Qeros ont perdu les liens qui les unissaient avec leur culture antique.<\/p>\n\n\n\n<p>Les Qeros sont en effet un peuple accultur\u00e9. Ils succombent progressivement \u00e0 la modernit\u00e9, n&rsquo;ayant pas d\u00e9velopp\u00e9 les anticorps et le militantisme traditionnel que d&rsquo;autres cultures ont r\u00e9ussi avec plus ou moins de succ\u00e8s \u00e0 faire cro\u00eetre. Malgr\u00e9 le rituel auquel j&rsquo;ai assist\u00e9, je ressens que j&rsquo;ai en face de mois des hommes modernes et non indig\u00e8nes. Des indig\u00e8nes ont des terres \u00e0 eux, connaissent leurs coutumes et surtout <em>ont un r\u00f4le \u00e0 jouer dans le monde<\/em>. L&rsquo;homme moderne n&rsquo;a pas de r\u00f4le, il ne se pose pas les questions de cette mani\u00e8re. Il \u00e9tudie la nature et la consomme, il ne pense pas qu&rsquo;une fonction lui est assign\u00e9e par la M\u00e8re nature. Les Qeros pensent aujourd&rsquo;hui comme l&rsquo;homme moderne, et les traditions se sont mu\u00e9es en folklore. Ils ne savent pas pourquoi ils suivent les enseignements de leurs pr\u00e9d\u00e9cesseurs. Le peuple qeros est en cours d&rsquo;\u00eatre assassin\u00e9 par la modernit\u00e9, comme tant d&rsquo;autres peuples autochtones avant eux.<\/p>\n\n\n\n<p>Les peuples autochtones sont une pr\u00e9cieuse diversit\u00e9 humaine. Il est d\u00e9chirant de voir les rouages de la mondialisation \u00e9craser les diff\u00e9rentes cultures humaines. Comme me dira un autochtone bribri lorsque je lui contai l&rsquo;histoire des Qeros : \u00ab\u00a0Le capitalisme nous tue. On tue les indig\u00e8nes en Am\u00e9rique Latine. Je ne sais pas comment nous-m\u00eames pourrons survivre dans ce monde qui n&rsquo;est pas le n\u00f4tre.\u00a0\u00bb<\/p>\n<div class=\"footnotes-made-easy-header\"><div class=\"footnote_container_prepare\">\n<p>R\u00e9f\u00e9rences<\/p>\n<\/div>\n<\/div><ol class=\"footnotes\"><li id=\"footnote_0_4080\" class=\"footnote\"> Une version espagnole des <a href=\"https:\/\/www.jcvignoli.com\/blog\/wp-content\/uploads\/Inca-de-la-vega-Los-comentarios-reales.pdf\">Los Comentarios Reales<\/a> au format pdf peut \u00eatre t\u00e9l\u00e9charg\u00e9e librement. <span class=\"footnote-back-link-wrapper\"><span class=\"fme-pre-backlink\">[<\/span><a href=\"https:\/\/www.jcvignoli.com\/blog\/2020\/les-qeros-un-peuple-descendant-des-incas-mais-plus-pour-longtemps#identifier_0_4080\" class=\"footnote-link footnote-back-link\" title=\"Jump back to text\" aria-label=\"Jump back to text\">\u21a9<\/a><span class=\"fme-pre-backlink\">]<\/span><\/span><\/li><\/ol><div class=\"pld-like-dislike-wrap pld-template-1\">\r\n    <div class=\"pld-like-wrap  pld-common-wrap\">\r\n    <a href=\"javascript:void(0)\" class=\"pld-like-trigger pld-like-dislike-trigger  \" title=\"Super article!\" data-post-id=\"4080\" data-trigger-type=\"like\" data-restriction=\"cookie\" data-already-liked=\"0\">\r\n                        <i class=\"fas fa-thumbs-up\"><\/i>\r\n                <\/a>\r\n    <span class=\"pld-like-count-wrap pld-count-wrap\">0    <\/span>\r\n<\/div><div class=\"pld-dislike-wrap  pld-common-wrap\">\r\n    <a href=\"javascript:void(0)\" class=\"pld-dislike-trigger pld-like-dislike-trigger  \" title=\"Pas terrible...\" data-post-id=\"4080\" data-trigger-type=\"dislike\" data-restriction=\"cookie\" data-already-liked=\"0\">\r\n                        <i class=\"fas fa-thumbs-down\"><\/i>\r\n                <\/a>\r\n    <span class=\"pld-dislike-count-wrap pld-count-wrap\">0<\/span>\r\n<\/div><\/div>","protected":false},"excerpt":{"rendered":"<p>Trouver une communaut\u00e9 autochtone rel\u00e8ve de la gageur dans deux des trois r\u00e9gions p\u00e9ruviennes. L&rsquo;Amazonie p\u00e9ruvienne, la selva comme disent les P\u00e9ruviens, abrite plusieurs communaut\u00e9s, tels les fameux Shipibos. La costa quant \u00e0 elle, la c\u00f4te ensabl\u00e9e et d\u00e9sertique, rec\u00e8le bien des tr\u00e9sors arch\u00e9ologiques mais ne comporte aucun groupe d&rsquo;indig\u00e8nes. Et enfin, la troisi\u00e8me r\u00e9gion, [&hellip;]<\/p>\n","protected":false},"author":1,"featured_media":4083,"comment_status":"open","ping_status":"open","sticky":false,"template":"","format":"standard","meta":{"ocean_post_layout":"","ocean_both_sidebars_style":"","ocean_both_sidebars_content_width":0,"ocean_both_sidebars_sidebars_width":0,"ocean_sidebar":"0","ocean_second_sidebar":"0","ocean_disable_margins":"enable","ocean_add_body_class":"","ocean_shortcode_before_top_bar":"","ocean_shortcode_after_top_bar":"","ocean_shortcode_before_header":"","ocean_shortcode_after_header":"","ocean_has_shortcode":"","ocean_shortcode_after_title":"","ocean_shortcode_before_footer_widgets":"","ocean_shortcode_after_footer_widgets":"","ocean_shortcode_before_footer_bottom":"","ocean_shortcode_after_footer_bottom":"","ocean_display_top_bar":"default","ocean_display_header":"default","ocean_header_style":"","ocean_center_header_left_menu":"0","ocean_custom_header_template":"0","ocean_custom_logo":0,"ocean_custom_retina_logo":0,"ocean_custom_logo_max_width":0,"ocean_custom_logo_tablet_max_width":0,"ocean_custom_logo_mobile_max_width":0,"ocean_custom_logo_max_height":0,"ocean_custom_logo_tablet_max_height":0,"ocean_custom_logo_mobile_max_height":0,"ocean_header_custom_menu":"0","ocean_menu_typo_font_family":"0","ocean_menu_typo_font_subset":"","ocean_menu_typo_font_size":0,"ocean_menu_typo_font_size_tablet":0,"ocean_menu_typo_font_size_mobile":0,"ocean_menu_typo_font_size_unit":"px","ocean_menu_typo_font_weight":"","ocean_menu_typo_font_weight_tablet":"","ocean_menu_typo_font_weight_mobile":"","ocean_menu_typo_transform":"","ocean_menu_typo_transform_tablet":"","ocean_menu_typo_transform_mobile":"","ocean_menu_typo_line_height":0,"ocean_menu_typo_line_height_tablet":0,"ocean_menu_typo_line_height_mobile":0,"ocean_menu_typo_line_height_unit":"","ocean_menu_typo_spacing":0,"ocean_menu_typo_spacing_tablet":0,"ocean_menu_typo_spacing_mobile":0,"ocean_menu_typo_spacing_unit":"","ocean_menu_link_color":"","ocean_menu_link_color_hover":"","ocean_menu_link_color_active":"","ocean_menu_link_background":"","ocean_menu_link_hover_background":"","ocean_menu_link_active_background":"","ocean_menu_social_links_bg":"","ocean_menu_social_hover_links_bg":"","ocean_menu_social_links_color":"","ocean_menu_social_hover_links_color":"","ocean_disable_title":"default","ocean_disable_heading":"default","ocean_post_title":"","ocean_post_subheading":"","ocean_post_title_style":"","ocean_post_title_background_color":"","ocean_post_title_background":0,"ocean_post_title_bg_image_position":"","ocean_post_title_bg_image_attachment":"","ocean_post_title_bg_image_repeat":"","ocean_post_title_bg_image_size":"","ocean_post_title_height":0,"ocean_post_title_bg_overlay":0.5,"ocean_post_title_bg_overlay_color":"","ocean_disable_breadcrumbs":"default","ocean_breadcrumbs_color":"","ocean_breadcrumbs_separator_color":"","ocean_breadcrumbs_links_color":"","ocean_breadcrumbs_links_hover_color":"","ocean_display_footer_widgets":"default","ocean_display_footer_bottom":"default","ocean_custom_footer_template":"0","ocean_post_oembed":"","ocean_post_self_hosted_media":"","ocean_post_video_embed":"","ocean_link_format":"","ocean_link_format_target":"self","ocean_quote_format":"","ocean_quote_format_link":"post","ocean_gallery_link_images":"off","ocean_gallery_id":[],"footnotes":""},"categories":[1649,1871,26],"tags":[1648,1932,1904,1630,1935,1934,1931],"class_list":["post-4080","post","type-post","status-publish","format-standard","has-post-thumbnail","hentry","category-anthropologie","category-chroniques","category-voyages","tag-autochtones","tag-cuzco","tag-inca","tag-indigenes","tag-pachamama","tag-pago","tag-qeros","entry","has-media"],"aioseo_notices":[],"language":"fr","_links":{"self":[{"href":"https:\/\/www.jcvignoli.com\/blog\/wp-json\/wp\/v2\/posts\/4080","targetHints":{"allow":["GET"]}}],"collection":[{"href":"https:\/\/www.jcvignoli.com\/blog\/wp-json\/wp\/v2\/posts"}],"about":[{"href":"https:\/\/www.jcvignoli.com\/blog\/wp-json\/wp\/v2\/types\/post"}],"author":[{"embeddable":true,"href":"https:\/\/www.jcvignoli.com\/blog\/wp-json\/wp\/v2\/users\/1"}],"replies":[{"embeddable":true,"href":"https:\/\/www.jcvignoli.com\/blog\/wp-json\/wp\/v2\/comments?post=4080"}],"version-history":[{"count":1,"href":"https:\/\/www.jcvignoli.com\/blog\/wp-json\/wp\/v2\/posts\/4080\/revisions"}],"predecessor-version":[{"id":6613,"href":"https:\/\/www.jcvignoli.com\/blog\/wp-json\/wp\/v2\/posts\/4080\/revisions\/6613"}],"wp:featuredmedia":[{"embeddable":true,"href":"https:\/\/www.jcvignoli.com\/blog\/wp-json\/wp\/v2\/media\/4083"}],"wp:attachment":[{"href":"https:\/\/www.jcvignoli.com\/blog\/wp-json\/wp\/v2\/media?parent=4080"}],"wp:term":[{"taxonomy":"category","embeddable":true,"href":"https:\/\/www.jcvignoli.com\/blog\/wp-json\/wp\/v2\/categories?post=4080"},{"taxonomy":"post_tag","embeddable":true,"href":"https:\/\/www.jcvignoli.com\/blog\/wp-json\/wp\/v2\/tags?post=4080"}],"curies":[{"name":"wp","href":"https:\/\/api.w.org\/{rel}","templated":true}]}}