{"id":4,"date":"2004-11-03T23:23:15","date_gmt":"2004-11-03T22:23:15","guid":{"rendered":"\/?p=4"},"modified":"2020-03-03T13:57:08","modified_gmt":"2020-03-03T18:57:08","slug":"nous-sommes-tous-des-imbeciles","status":"publish","type":"post","link":"https:\/\/www.jcvignoli.com\/blog\/2004\/nous-sommes-tous-des-imbeciles","title":{"rendered":"nous sommes tous des imb\u00e9ciles"},"content":{"rendered":"<p>Je vois en ce moment vomitif par excellence, peut-\u00eatre trois p\u00e9riodes diff\u00e9rentes dans les relations d&rsquo;apr\u00e8s-guerre avec les USA. La premi\u00e8re concernerait les \u00ab\u00a0USA grandpa\u00a0\u00bb, qui dans une lanc\u00e9e id\u00e9aliste wilsonnienne, totalement \u00e0 eux-m\u00eame, nous offrent un parapluie nucl\u00e9aire, se lancent dans l&rsquo;aide (parfois cyniques, parfois typiquement r\u00e9aliste) de tous les pays succeptibles d&rsquo;adh\u00e9rer au monde libre, en apportant d\u00e9mocratie et \u00e9conomie de march\u00e9. C&rsquo;est la p\u00e9riode Kennedy \u00ab\u00a0Ich bin ein Berliner\u00a0\u00bb, moraliste et id\u00e9aliste comme seuls les Etats-uniens peuvent y croire, qui court jusqu&rsquo;aux attentats du 11 septembre. Car si la chute du Mur est un moment unique dans l&rsquo;histoire du XXe si\u00e8cle, on voit bien que l&rsquo;\u00e8re Clinton n&rsquo;apport pas grandchose de neuf sous le Soleil, si ce n&rsquo;est la sanction d&rsquo;hyperpuissance pour les USA : le monde libre a gagn\u00e9, et ce n&rsquo;est pas que du cynisme que de croire cela. Dans bien des parties du monde, avec l&rsquo;exception notable de l&rsquo;Am\u00e9rique du Sud, les USA ont vraiment donn\u00e9 toutes leurs chances aux locaux, avec parfois m\u00eame un certain succ\u00e8s.<\/p>\n<p>Gris\u00e9s par cette nouvelle pr\u00e9pond\u00e9rance, on encha\u00eene sur l&rsquo;\u00e9chec de la deuxi\u00e8me p\u00e9riode, ne durant peu de temps : \u00ab\u00a0Nous sommes tous Am\u00e9ricains\u00a0\u00bb, o\u00f9 pendant quelques jours, quelques mois au maximum, les USA vont b\u00e9n\u00e9ficier d&rsquo;un capital sympathie \u00e9norme, de la part m\u00eame d&rsquo;anciens ennemis. Hormis les Trotskistes un peu con, des id\u00e9ologues \u00e0 droite ou \u00e0 gauche, on compatit : l&rsquo;Am\u00e9rique touch\u00e9e en son coeur, pays avec lequel on partage des valeurs en voie d&rsquo;universalit\u00e9, dont l&rsquo;affranchissement de l&rsquo;Homme de sa condition. Cela durera jusqu&rsquo;\u00e0 la guerre d&rsquo;Afghanistan, o\u00f9 peu de voix s&rsquo;\u00e9l\u00e8vent, o\u00f9 une communaut\u00e9 d&rsquo;attentes et de ressentiments soudent les alli\u00e9s (et pas seulement les Occidentaux).<\/p>\n<p>La troisi\u00e8me p\u00e9riode, dont le terreau fertile s&rsquo;est mit en place durant les 3 ans qui suivirent cet attentat terroriste, s&rsquo;ouvre tel un gouffre infernal devant nos pas. L&rsquo;Homme est-il vraiment capable de s&rsquo;\u00e9lever de sa condition ? M\u00e9rite-t-il ce droit de vote tellement d\u00e9mocratique, acquis au prix de nombreux bains de sang, r\u00e9flexions \u00e9tal\u00e9s sur plusieurs si\u00e8cles ? Tout me pousse \u00e0 croire que non. Et ce n&rsquo;est pas seulement une question \u00e9tats-unienne, mais universelle. Sans remettre en cause les libert\u00e9s fondamentales d&rsquo;\u00eatre humain, je me demande si tous les artifices que nous pouvont inventer pour nous permettre un choix libre, si les savants checks and balances aussi \u00e9labor\u00e9s qu&rsquo;on peut les remarquer aux USA ou en Europe, ne brillent que par leurs cuisant \u00e9checs \u00e0 r\u00e9p\u00e9tition.<\/p>\n<p>Une Europe se construisant par le haut car ses citoyens ont la vue trop courte et trop \u00e9go\u00efste, une Am\u00e9rique arrogante et aveugle au reste du monde, une Afrique incapable de se choisir autre chose qu&rsquo;un leader corrompu et totalitaire, une Asie se soumettant avec d\u00e9lectation \u00e0 l&rsquo;autorit\u00e9, une Oc\u00e9anie visc\u00e9ralement raciste, il n&rsquo;y gu\u00e8re plus que l&rsquo;Antarctique qui pr\u00e9sente l&rsquo;image d&rsquo;un continent \u00e9volu\u00e9, soud\u00e9 et \u00e0 m\u00eame de comprendre la d\u00e9mocratie : les pinguins sont dignes de plus de respect que l&rsquo;humanit\u00e9.<\/p>\n<p>Non, d\u00e9cidemment, une population est par trop manipulable, par trop effrayable, incapable de comprendre ce que signifie la notion m\u00eame de vivre ensemble. On apprend peut-\u00eatre de nos erreurs, mais on a une imagination d\u00e9bordante lorsqu&rsquo;il s&rsquo;agit d&rsquo;en inventer de nouvelles. A croire que la main invisible fonctionne bien mieux dans ce domaine que dans l&rsquo;\u00e9conomie.<\/p>\n<p>Que faire ? Un retour \u00e0 une tyrannie \u00e9clair\u00e9e ? Le communisme ? L&rsquo;anarchisme ? Foutaises, d&rsquo;autres solutions existent, mais tant qu&rsquo;on consid\u00e9rera que tous les individus sont \u00e9gaux en droits civiques, on n&rsquo;avancera pas d&rsquo;un pouce. Des personnes souhaitent se sp\u00e9cialiser dans la chose politique, d&rsquo;autres pas. Des personnes ont les capacit\u00e9s d&rsquo;avoir les vues larges, d&rsquo;autres pas. Vais-je expliquer \u00e0 un agriculteur comment tirer le meilleur de ses c\u00e9r\u00e9ales ? Non, pas plus que je ne veux perdre du temps \u00e0 expliquer \u00e0 un \u00e9lecteur FN ce que le symbole n\u00e9o-nazi signifie. La politique est un m\u00e9tier comme un autre, elle s&rsquo;apprend. Etre citoyen demande un effort, et je ne vois pas pourquoi des gens renon\u00e7ant \u00e0 ce devoir devraient avoir le m\u00eame pouvoir dans les urnes que ceux s&rsquo;attelant au d\u00e9cryptage du monde. Voil\u00e0 ce qu&rsquo;\u00e0 de plus faux l&rsquo;\u00e9galitarisme, qui devrait se cantonner au monde mat\u00e9riel, et non mental. Si l&rsquo;esprit est plus fort que la mati\u00e8re, si il peut le modeler, cela requiert un volontarisme qui ne s&rsquo;uniformise pas, qui n&rsquo;est pas un droit inali\u00e9nable.<\/p>\n<p>Nous sommes repartis pour 4 ans de Busheries, avec un pr\u00e9sident combinant la capacit\u00e9 de r\u00e9flexion d&rsquo;un Ford et le cynisme d&rsquo;un Nixon. Du tout bon pour les peuplades humaines, de quoi d\u00e9cid\u00e9mment pr\u00e9parer le terrain \u00e0 une discussion du devenir de l&rsquo;Etat-monde. Je suis revenu sans \u00e9quivoque du \u00ab\u00a0nous sommes tous am\u00e9ricains\u00a0\u00bb, mais je ne veux pas accepter un \u00ab\u00a0nous sommes tous des imb\u00e9ciles\u00a0\u00bb. La question est : m&rsquo;en laissera-t-on le choix ?<\/p>\n<div class=\"pld-like-dislike-wrap pld-template-1\">\r\n    <div class=\"pld-like-wrap  pld-common-wrap\">\r\n    <a href=\"javascript:void(0)\" class=\"pld-like-trigger pld-like-dislike-trigger  \" title=\"Super article!\" data-post-id=\"4\" data-trigger-type=\"like\" data-restriction=\"cookie\" data-already-liked=\"0\">\r\n                        <i class=\"fas fa-thumbs-up\"><\/i>\r\n                <\/a>\r\n    <span class=\"pld-like-count-wrap pld-count-wrap\">0    <\/span>\r\n<\/div><div class=\"pld-dislike-wrap  pld-common-wrap\">\r\n    <a href=\"javascript:void(0)\" class=\"pld-dislike-trigger pld-like-dislike-trigger  \" title=\"Pas terrible...\" data-post-id=\"4\" data-trigger-type=\"dislike\" data-restriction=\"cookie\" data-already-liked=\"0\">\r\n                        <i class=\"fas fa-thumbs-down\"><\/i>\r\n                <\/a>\r\n    <span class=\"pld-dislike-count-wrap pld-count-wrap\">0<\/span>\r\n<\/div><\/div>","protected":false},"excerpt":{"rendered":"<p>Je vois en ce moment vomitif par excellence, peut-\u00eatre trois p\u00e9riodes diff\u00e9rentes dans les relations d&rsquo;apr\u00e8s-guerre avec les USA. La premi\u00e8re concernerait les \u00ab\u00a0USA grandpa\u00a0\u00bb, qui dans une lanc\u00e9e id\u00e9aliste wilsonnienne, totalement \u00e0 eux-m\u00eame, nous offrent un parapluie nucl\u00e9aire, se lancent dans l&rsquo;aide (parfois cyniques, parfois typiquement r\u00e9aliste) de tous les pays succeptibles d&rsquo;adh\u00e9rer au [&hellip;]<\/p>\n","protected":false},"author":1,"featured_media":0,"comment_status":"open","ping_status":"open","sticky":false,"template":"","format":"standard","meta":{"ocean_post_layout":"","ocean_both_sidebars_style":"","ocean_both_sidebars_content_width":0,"ocean_both_sidebars_sidebars_width":0,"ocean_sidebar":"","ocean_second_sidebar":"","ocean_disable_margins":"enable","ocean_add_body_class":"","ocean_shortcode_before_top_bar":"","ocean_shortcode_after_top_bar":"","ocean_shortcode_before_header":"","ocean_shortcode_after_header":"","ocean_has_shortcode":"","ocean_shortcode_after_title":"","ocean_shortcode_before_footer_widgets":"","ocean_shortcode_after_footer_widgets":"","ocean_shortcode_before_footer_bottom":"","ocean_shortcode_after_footer_bottom":"","ocean_display_top_bar":"default","ocean_display_header":"default","ocean_header_style":"","ocean_center_header_left_menu":"","ocean_custom_header_template":"","ocean_custom_logo":0,"ocean_custom_retina_logo":0,"ocean_custom_logo_max_width":0,"ocean_custom_logo_tablet_max_width":0,"ocean_custom_logo_mobile_max_width":0,"ocean_custom_logo_max_height":0,"ocean_custom_logo_tablet_max_height":0,"ocean_custom_logo_mobile_max_height":0,"ocean_header_custom_menu":"","ocean_menu_typo_font_family":"","ocean_menu_typo_font_subset":"","ocean_menu_typo_font_size":0,"ocean_menu_typo_font_size_tablet":0,"ocean_menu_typo_font_size_mobile":0,"ocean_menu_typo_font_size_unit":"px","ocean_menu_typo_font_weight":"","ocean_menu_typo_font_weight_tablet":"","ocean_menu_typo_font_weight_mobile":"","ocean_menu_typo_transform":"","ocean_menu_typo_transform_tablet":"","ocean_menu_typo_transform_mobile":"","ocean_menu_typo_line_height":0,"ocean_menu_typo_line_height_tablet":0,"ocean_menu_typo_line_height_mobile":0,"ocean_menu_typo_line_height_unit":"","ocean_menu_typo_spacing":0,"ocean_menu_typo_spacing_tablet":0,"ocean_menu_typo_spacing_mobile":0,"ocean_menu_typo_spacing_unit":"","ocean_menu_link_color":"","ocean_menu_link_color_hover":"","ocean_menu_link_color_active":"","ocean_menu_link_background":"","ocean_menu_link_hover_background":"","ocean_menu_link_active_background":"","ocean_menu_social_links_bg":"","ocean_menu_social_hover_links_bg":"","ocean_menu_social_links_color":"","ocean_menu_social_hover_links_color":"","ocean_disable_title":"default","ocean_disable_heading":"default","ocean_post_title":"","ocean_post_subheading":"","ocean_post_title_style":"","ocean_post_title_background_color":"","ocean_post_title_background":0,"ocean_post_title_bg_image_position":"","ocean_post_title_bg_image_attachment":"","ocean_post_title_bg_image_repeat":"","ocean_post_title_bg_image_size":"","ocean_post_title_height":0,"ocean_post_title_bg_overlay":0.5,"ocean_post_title_bg_overlay_color":"","ocean_disable_breadcrumbs":"default","ocean_breadcrumbs_color":"","ocean_breadcrumbs_separator_color":"","ocean_breadcrumbs_links_color":"","ocean_breadcrumbs_links_hover_color":"","ocean_display_footer_widgets":"default","ocean_display_footer_bottom":"default","ocean_custom_footer_template":"","ocean_post_oembed":"","ocean_post_self_hosted_media":"","ocean_post_video_embed":"","ocean_link_format":"","ocean_link_format_target":"self","ocean_quote_format":"","ocean_quote_format_link":"post","ocean_gallery_link_images":"on","ocean_gallery_id":[],"footnotes":""},"categories":[2,16],"tags":[69,395,1910],"class_list":["post-4","post","type-post","status-publish","format-standard","hentry","category-politique","category-usa","tag-bush","tag-elections-presidentielles","tag-imbecile","entry"],"aioseo_notices":[],"language":"fr","_links":{"self":[{"href":"https:\/\/www.jcvignoli.com\/blog\/wp-json\/wp\/v2\/posts\/4","targetHints":{"allow":["GET"]}}],"collection":[{"href":"https:\/\/www.jcvignoli.com\/blog\/wp-json\/wp\/v2\/posts"}],"about":[{"href":"https:\/\/www.jcvignoli.com\/blog\/wp-json\/wp\/v2\/types\/post"}],"author":[{"embeddable":true,"href":"https:\/\/www.jcvignoli.com\/blog\/wp-json\/wp\/v2\/users\/1"}],"replies":[{"embeddable":true,"href":"https:\/\/www.jcvignoli.com\/blog\/wp-json\/wp\/v2\/comments?post=4"}],"version-history":[{"count":0,"href":"https:\/\/www.jcvignoli.com\/blog\/wp-json\/wp\/v2\/posts\/4\/revisions"}],"wp:attachment":[{"href":"https:\/\/www.jcvignoli.com\/blog\/wp-json\/wp\/v2\/media?parent=4"}],"wp:term":[{"taxonomy":"category","embeddable":true,"href":"https:\/\/www.jcvignoli.com\/blog\/wp-json\/wp\/v2\/categories?post=4"},{"taxonomy":"post_tag","embeddable":true,"href":"https:\/\/www.jcvignoli.com\/blog\/wp-json\/wp\/v2\/tags?post=4"}],"curies":[{"name":"wp","href":"https:\/\/api.w.org\/{rel}","templated":true}]}}