{"id":308,"date":"2008-03-28T08:51:26","date_gmt":"2008-03-28T07:51:26","guid":{"rendered":"http:\/\/www.ikiru.ch\/blog\/2008\/comment-jean-ziegler-se-fit-elire-au-conseil-des-droits-de-lhomme"},"modified":"2020-08-16T18:04:00","modified_gmt":"2020-08-16T23:04:00","slug":"comment-jean-ziegler-se-fit-elire-au-conseil-des-droits-de-lhomme","status":"publish","type":"post","link":"https:\/\/www.jcvignoli.com\/blog\/2008\/comment-jean-ziegler-se-fit-elire-au-conseil-des-droits-de-lhomme","title":{"rendered":"Comment Jean Ziegler se fit \u00e9lire au Conseil des droits de l&rsquo;homme"},"content":{"rendered":"<p><em>Un <a href=\"http:\/\/web.archive.org\/web\/20080526012459\/http:\/\/www.humanrights-geneva.info\/Jean-Ziegler-fait-un-geste-pour\">article soup\u00e7onneux<\/a> sur la r\u00e9cente \u00e9lection de Ziegler, qui passe de rapporteur sp\u00e9cial sur l&rsquo;alimentation au Conseil consultatif du Conseil des droits de l&rsquo;homme. Mais comment pourrait-il en \u00eatre autrement, avec l&rsquo;homme qui voit des complots partout ?<\/em><\/p>\n<p><a href=\"https:\/\/www.jcvignoli.com\/blog\/wp-content\/uploads\/Jean-Ziegler.jpg\"><img loading=\"lazy\" decoding=\"async\" class=\"alignleft size-thumbnail wp-image-3995\" src=\"https:\/\/www.jcvignoli.com\/blog\/wp-content\/uploads\/Jean-Ziegler-200x200.jpg\" alt=\"Jean Ziegler le vieux\" width=\"200\" height=\"200\" srcset=\"https:\/\/www.jcvignoli.com\/blog\/wp-content\/uploads\/Jean-Ziegler-200x200.jpg 200w, https:\/\/www.jcvignoli.com\/blog\/wp-content\/uploads\/Jean-Ziegler-225x225.jpg 225w, https:\/\/www.jcvignoli.com\/blog\/wp-content\/uploads\/Jean-Ziegler-160x160.jpg 160w, https:\/\/www.jcvignoli.com\/blog\/wp-content\/uploads\/Jean-Ziegler-320x320.jpg 320w, https:\/\/www.jcvignoli.com\/blog\/wp-content\/uploads\/Jean-Ziegler.jpg 554w\" sizes=\"auto, (max-width: 200px) 100vw, 200px\" \/><\/a>Jean Ziegler est connu pour ses engagements sociaux et politiques, sa fougue \u00e0 d\u00e9fendre la veuve et l&rsquo;orphelin, ses appuis dans la soci\u00e9t\u00e9 civile et dans les pays en d\u00e9veloppement. Sans oublier son opposition virulente aux carburants issus de l&rsquo;agriculture. Il en a r\u00e9colt\u00e9 le fruit le 26 mars lors de son \u00e9lection triomphale au comit\u00e9 d&rsquo;experts du Conseil (voir encadr\u00e9). Il finira pourtant son mandat de rapporteur sur l&rsquo;alimentation par une curieuse concession aux carburants \u00ab verts \u00bb br\u00e9siliens.<\/p>\n<p>En octobre 2007 \u00e0 New York, le rapporteur des Nations Unies sur le droit \u00e0 l&rsquo;alimentation critiquait en effet s\u00e9v\u00e8rement la production d&rsquo;agrocarburants, y compris au Br\u00e9sil o\u00f9, \u00e9crit-il, \u00ab le Mouvement (\u2026) des sans terre a d\u00e9j\u00e0 d\u00e9nonc\u00e9 \u00ab l&rsquo;esclavage \u00bb auquel sont soumis les ouvriers de certaines plantations \u00bb.<\/p>\n<p>Mais surprise, lors de la pr\u00e9sentation orale de son rapport, le 11 mars dernier devant le Conseil, Jean Ziegler a mis de l&rsquo;eau dans son vitriol. \u00ab La situation au Br\u00e9sil est diff\u00e9rente des autres producteurs de biocarburants \u00bb, a-t-il estim\u00e9, d&rsquo;une part parce que ce pays n&rsquo;utilise pas d&rsquo;aliments comme le ma\u00efs, mais la canne \u00e0 sucre \u00bb. D&rsquo;autre part, parce que le programme br\u00e9silien a une \u00ab forte composante sociale \u00bb qui b\u00e9n\u00e9ficie \u00e0 des paysans marginalis\u00e9s. \u00ab En conclusion, lan\u00e7a le rapporteur, la production de biocarburant du Br\u00e9sil respecte le droit \u00e0 l&rsquo;alimentation de la population et aide \u00e0 sortir les paysans marginalis\u00e9s de la pauvret\u00e9 \u00bb.<\/p>\n<p>Que s&rsquo;est-il pass\u00e9 ? Jean Ziegler a-t-il voulu se concilier les bonnes gr\u00e2ces du Br\u00e9sil \u00e0 la veille de l&rsquo;\u00e9lection du \u00ab comit\u00e9 d&rsquo;experts \u00bb o\u00f9 il vient d&rsquo;\u00eatre \u00e9lu, comme le suspecte un correspondant br\u00e9silien au Palais des Nations \u00e0 Gen\u00e8ve ? La mission br\u00e9silienne aupr\u00e8s du Conseil des droits de l&rsquo;homme d\u00e9ment tout arrangement. \u00ab Jean Ziegler est un ami du Br\u00e9sil. Nous avons discut\u00e9 avec lui apr\u00e8s sa pr\u00e9sentation \u00e0 New York, et lui avons pr\u00e9sent\u00e9 notre position \u00bb. Atteint par t\u00e9l\u00e9phone par Tribune des droits humains, Jean Ziegler juge \u00ab absurde \u00bb l&rsquo;accusation d&rsquo;avoir modifi\u00e9 sa position pour des raisons \u00e9lectorales. \u00ab Les discussions avec le Br\u00e9sil ont eu lieu avant No\u00ebl l&rsquo;ann\u00e9e derni\u00e8re, nous avons eu des d\u00e9bats tr\u00e8s vifs. Ils m&rsquo;ont convaincu que le Br\u00e9sil est un cas \u00e0 part. Ma pr\u00e9sentation orale \u00e9tait la premi\u00e8re occasion qui se pr\u00e9sentait de faire part de ces discussions \u00bb.<\/p>\n<p>Pourtant on ne compte plus les publications et \u00e9tudes sur la politique des agro-carburants au Br\u00e9sil qui insistent sur ses effets n\u00e9fastes. Elle pousserait notamment les paysans \u00e9vinc\u00e9s par la monoculture de la canne \u00e0 sucre ou du soja \u00e0 d\u00e9fricher la for\u00eat pour planter de quoi vivre, sans parler des conditions de travail dans les plantations, d\u00e9nonc\u00e9s par Ziegler lui-m\u00eame dans son rapport comme \u00ab proches de l&rsquo;esclavage \u00bb. Quant aux \u00ab programmes sociaux \u00bb qui aident les paysans appauvris, ils existent, mais sans commune mesure avec les grandes industries de la canne \u00e0 sucre et du soja. De plus, cette production est pr\u00e9vue pour \u00eatre m\u00e9lang\u00e9e \u00e0 du biofuel de production industrielle. Ce qui fait dire \u00e0 une \u00e9tude parue en f\u00e9vrier de cette ann\u00e9e <sup><a href=\"#footnote_0_308\" id=\"identifier_0_308\" class=\"footnote-link footnote-identifier-link\" title=\"Food and Energy Sovereignty Now : Brazilian Grassroot Position on Agroenergy. Camila Moreno avec Anuradha Mittal. Terra de Direitos, Oakland Institute, F&eacute;vrier 2008\">[1]<\/a><\/sup> que \u00ab malgr\u00e9 l&rsquo;intention affich\u00e9e, le programme de biodiesel [pour les petits paysans] offre en fait un march\u00e9 suppl\u00e9mentaire \u00e0 la cha\u00eene consolid\u00e9e d&rsquo;agrobusiness contr\u00f4l\u00e9e par les g\u00e9ants am\u00e9ricains tels que Cargill, ADM et Monsanto. \u00bb<\/p>\n<p>Jean Ziegler s&rsquo;est-il pris les pieds dans le tapis ? Pas du tout, explique-t-il, \u00ab mon mandat touche au droit \u00e0 l&rsquo;alimentation et le Br\u00e9sil utilise des ressources qui n&rsquo;en font pas partie au sens strict. Donc pour moi, il respecte ce droit \u00bb. Ses afficionados comme ses critiques lui ont connu une vision plus ambitieuse de sa mission. Il lui restera \u00e0 expliquer sa nouvelle position \u00e0 la soci\u00e9t\u00e9 civile dont il se r\u00e9clame souvent, et souvent avec raison, lorsqu&rsquo;il lance ses attaques contre les cultures industrielles, les transferts de populations paysannes et les soci\u00e9t\u00e9s transnationales.<\/p>\n<div>Michel B\u00fchrer, <a href=\"http:\/\/www.humanrights-geneva.info\">Tribune des droits humains<\/a><\/div>\n<div class=\"footnotes-made-easy-header\"><div class=\"footnote_container_prepare\">\n<p>R\u00e9f\u00e9rences<\/p>\n<\/div>\n<\/div><ol class=\"footnotes\"><li id=\"footnote_0_308\" class=\"footnote\">Food and Energy Sovereignty Now : Brazilian Grassroot Position on Agroenergy. Camila Moreno avec Anuradha Mittal. Terra de Direitos, Oakland Institute, F\u00e9vrier 2008<span class=\"footnote-back-link-wrapper\"><span class=\"fme-pre-backlink\">[<\/span><a href=\"https:\/\/www.jcvignoli.com\/blog\/2008\/comment-jean-ziegler-se-fit-elire-au-conseil-des-droits-de-lhomme#identifier_0_308\" class=\"footnote-link footnote-back-link\" title=\"Jump back to text\" aria-label=\"Jump back to text\">\u21a9<\/a><span class=\"fme-pre-backlink\">]<\/span><\/span><\/li><\/ol><div class=\"pld-like-dislike-wrap pld-template-1\">\r\n    <div class=\"pld-like-wrap  pld-common-wrap\">\r\n    <a href=\"javascript:void(0)\" class=\"pld-like-trigger pld-like-dislike-trigger  \" title=\"Super article!\" data-post-id=\"308\" data-trigger-type=\"like\" data-restriction=\"cookie\" data-already-liked=\"0\">\r\n                        <i class=\"fas fa-thumbs-up\"><\/i>\r\n                <\/a>\r\n    <span class=\"pld-like-count-wrap pld-count-wrap\">0    <\/span>\r\n<\/div><div class=\"pld-dislike-wrap  pld-common-wrap\">\r\n    <a href=\"javascript:void(0)\" class=\"pld-dislike-trigger pld-like-dislike-trigger  \" title=\"Pas terrible...\" data-post-id=\"308\" data-trigger-type=\"dislike\" data-restriction=\"cookie\" data-already-liked=\"0\">\r\n                        <i class=\"fas fa-thumbs-down\"><\/i>\r\n                <\/a>\r\n    <span class=\"pld-dislike-count-wrap pld-count-wrap\">0<\/span>\r\n<\/div><\/div>","protected":false},"excerpt":{"rendered":"<p>Un article soup\u00e7onneux sur la r\u00e9cente \u00e9lection de Ziegler, qui passe de rapporteur sp\u00e9cial sur l&rsquo;alimentation au Conseil consultatif du Conseil des droits de l&rsquo;homme. Mais comment pourrait-il en \u00eatre autrement, avec l&rsquo;homme qui voit des complots partout ? Jean Ziegler est connu pour ses engagements sociaux et politiques, sa fougue \u00e0 d\u00e9fendre la veuve [&hellip;]<\/p>\n","protected":false},"author":1,"featured_media":3995,"comment_status":"open","ping_status":"open","sticky":false,"template":"","format":"standard","meta":{"ocean_post_layout":"","ocean_both_sidebars_style":"","ocean_both_sidebars_content_width":0,"ocean_both_sidebars_sidebars_width":0,"ocean_sidebar":"0","ocean_second_sidebar":"0","ocean_disable_margins":"enable","ocean_add_body_class":"","ocean_shortcode_before_top_bar":"","ocean_shortcode_after_top_bar":"","ocean_shortcode_before_header":"","ocean_shortcode_after_header":"","ocean_has_shortcode":"","ocean_shortcode_after_title":"","ocean_shortcode_before_footer_widgets":"","ocean_shortcode_after_footer_widgets":"","ocean_shortcode_before_footer_bottom":"","ocean_shortcode_after_footer_bottom":"","ocean_display_top_bar":"default","ocean_display_header":"default","ocean_header_style":"","ocean_center_header_left_menu":"0","ocean_custom_header_template":"0","ocean_custom_logo":0,"ocean_custom_retina_logo":0,"ocean_custom_logo_max_width":0,"ocean_custom_logo_tablet_max_width":0,"ocean_custom_logo_mobile_max_width":0,"ocean_custom_logo_max_height":0,"ocean_custom_logo_tablet_max_height":0,"ocean_custom_logo_mobile_max_height":0,"ocean_header_custom_menu":"0","ocean_menu_typo_font_family":"0","ocean_menu_typo_font_subset":"","ocean_menu_typo_font_size":0,"ocean_menu_typo_font_size_tablet":0,"ocean_menu_typo_font_size_mobile":0,"ocean_menu_typo_font_size_unit":"px","ocean_menu_typo_font_weight":"","ocean_menu_typo_font_weight_tablet":"","ocean_menu_typo_font_weight_mobile":"","ocean_menu_typo_transform":"","ocean_menu_typo_transform_tablet":"","ocean_menu_typo_transform_mobile":"","ocean_menu_typo_line_height":0,"ocean_menu_typo_line_height_tablet":0,"ocean_menu_typo_line_height_mobile":0,"ocean_menu_typo_line_height_unit":"","ocean_menu_typo_spacing":0,"ocean_menu_typo_spacing_tablet":0,"ocean_menu_typo_spacing_mobile":0,"ocean_menu_typo_spacing_unit":"","ocean_menu_link_color":"","ocean_menu_link_color_hover":"","ocean_menu_link_color_active":"","ocean_menu_link_background":"","ocean_menu_link_hover_background":"","ocean_menu_link_active_background":"","ocean_menu_social_links_bg":"","ocean_menu_social_hover_links_bg":"","ocean_menu_social_links_color":"","ocean_menu_social_hover_links_color":"","ocean_disable_title":"default","ocean_disable_heading":"default","ocean_post_title":"","ocean_post_subheading":"","ocean_post_title_style":"","ocean_post_title_background_color":"","ocean_post_title_background":0,"ocean_post_title_bg_image_position":"","ocean_post_title_bg_image_attachment":"","ocean_post_title_bg_image_repeat":"","ocean_post_title_bg_image_size":"","ocean_post_title_height":0,"ocean_post_title_bg_overlay":0.5,"ocean_post_title_bg_overlay_color":"","ocean_disable_breadcrumbs":"default","ocean_breadcrumbs_color":"","ocean_breadcrumbs_separator_color":"","ocean_breadcrumbs_links_color":"","ocean_breadcrumbs_links_hover_color":"","ocean_display_footer_widgets":"default","ocean_display_footer_bottom":"default","ocean_custom_footer_template":"0","ocean_post_oembed":"","ocean_post_self_hosted_media":"","ocean_post_video_embed":"","ocean_link_format":"","ocean_link_format_target":"self","ocean_quote_format":"","ocean_quote_format_link":"post","ocean_gallery_link_images":"off","ocean_gallery_id":[],"footnotes":""},"categories":[506,19,2],"tags":[539,538,537,501,1456],"class_list":["post-308","post","type-post","status-publish","format-standard","has-post-thumbnail","hentry","category-droits-humains","category-onu","category-politique","tag-agricarburant","tag-conseil-des-droits-de-lhomme","tag-imposteur","tag-jean-ziegler","tag-onu","entry","has-media"],"aioseo_notices":[],"language":"fr","_links":{"self":[{"href":"https:\/\/www.jcvignoli.com\/blog\/wp-json\/wp\/v2\/posts\/308","targetHints":{"allow":["GET"]}}],"collection":[{"href":"https:\/\/www.jcvignoli.com\/blog\/wp-json\/wp\/v2\/posts"}],"about":[{"href":"https:\/\/www.jcvignoli.com\/blog\/wp-json\/wp\/v2\/types\/post"}],"author":[{"embeddable":true,"href":"https:\/\/www.jcvignoli.com\/blog\/wp-json\/wp\/v2\/users\/1"}],"replies":[{"embeddable":true,"href":"https:\/\/www.jcvignoli.com\/blog\/wp-json\/wp\/v2\/comments?post=308"}],"version-history":[{"count":0,"href":"https:\/\/www.jcvignoli.com\/blog\/wp-json\/wp\/v2\/posts\/308\/revisions"}],"wp:featuredmedia":[{"embeddable":true,"href":"https:\/\/www.jcvignoli.com\/blog\/wp-json\/wp\/v2\/media\/3995"}],"wp:attachment":[{"href":"https:\/\/www.jcvignoli.com\/blog\/wp-json\/wp\/v2\/media?parent=308"}],"wp:term":[{"taxonomy":"category","embeddable":true,"href":"https:\/\/www.jcvignoli.com\/blog\/wp-json\/wp\/v2\/categories?post=308"},{"taxonomy":"post_tag","embeddable":true,"href":"https:\/\/www.jcvignoli.com\/blog\/wp-json\/wp\/v2\/tags?post=308"}],"curies":[{"name":"wp","href":"https:\/\/api.w.org\/{rel}","templated":true}]}}