{"id":277,"date":"2007-11-23T13:34:47","date_gmt":"2007-11-23T12:34:47","guid":{"rendered":"http:\/\/www.ikiru.ch\/blog\/2007\/30-novembre-a-geneve-villes-unies-contre-la-peine-de-mort-une-action-commune-mondiale"},"modified":"2020-01-26T22:52:15","modified_gmt":"2020-01-27T03:52:15","slug":"30-novembre-a-geneve-villes-unies-contre-la-peine-de-mort-une-action-commune-mondiale","status":"publish","type":"post","link":"https:\/\/www.jcvignoli.com\/blog\/2007\/30-novembre-a-geneve-villes-unies-contre-la-peine-de-mort-une-action-commune-mondiale","title":{"rendered":"30 novembre \u00e0 Gen\u00e8ve : Villes unies contre la peine de mort, une action commune mondiale"},"content":{"rendered":"<h1>Villes Unies contre la Peine de Mort : Gen\u00e8ve bouillonne d&rsquo;opposition !<\/h1>\n<p>La peine de mort survit toujours, mais l&rsquo;opposition poursuit son oeuvre de d\u00e9nonciation.<\/p>\n<p>La tradition veut qu&rsquo;\u00e0 l&rsquo;occasion de la journ\u00e9e mondiale des villes unies contre la peine de mort, soit le 30 novembre <sup><a href=\"#footnote_0_277\" id=\"identifier_0_277\" class=\"footnote-link footnote-identifier-link\" title=\"Le choix de cette date renvoie au 30 novembre 1786, jour de la premi&egrave;re suppression de la peine de mort par l&rsquo;Etat souverain du Grand-duch&eacute; de Toscane. C&rsquo;est ainsi qu&rsquo;en hommage &agrave; cette d&eacute;cision historique, le 30 novembre de chaque ann&eacute;e, des communes du monde entier illuminent un monument pour dire non &agrave; la peine de mort.\">[1]<\/a><\/sup>, la cath\u00e9drale Saint-Pierre de Gen\u00e8ve s&rsquo;orne, une fois la nuit tomb\u00e9, d&rsquo;un \u00e9clairage vert. Cette action fait \u00e9cho \u00e0 d&rsquo;autres illuminations de part le monde (tel le Colis\u00e9e de Rome), qui voient un b\u00e2timent d&rsquo;importance, dans chaque ville, \u00eatre \u00e9clair\u00e9s de la m\u00eame mani\u00e8re. Des centaines de villes sur les cinq continents (dont une trentaine de capitales) prendront part \u00e0 cette action et illumineront (de couleurs diverses et non seulement vertes) un b\u00e2timent en soutien symbolique \u00e0 la cause abolitionniste. Cette ann\u00e9e, le symbole majeur de Gen\u00e8ve se dressera lui aussi tel un doigt accusateur : le Jet d&rsquo;eau se parera \u00e0 son tour d&rsquo;un ton verdoyant.<\/p>\n<p>Afin d&rsquo;annoncer cette journ\u00e9e, <a href=\"http:\/\/www.amnestygeneve.ch\/\">Amnesty International \u2013 Gen\u00e8ve<\/a> organisera un spectaculaire die-in le 29 novembre \u00e0 18h00 sur la place du Molard, o\u00f9 une soixantaine de militants prendront la place des pays pratiquant encore aujourd&rsquo;hui la peine capitale, et feindront \u00e0 tour de r\u00f4le de tr\u00e9passer. Profitant de cette opportunit\u00e9, les b\u00e9n\u00e9voles d&rsquo;Amnesty r\u00e9colterons des signatures pour le moratoire international sur la peine de mort.<\/p>\n<p>La soir\u00e9e du 30 novembre ne sera pas en reste, puisqu&rsquo;en collaboration avec la ville de Gen\u00e8ve, la communaut\u00e9 de Sant&rsquo;Egidio et Lifespark, il sera possible d&rsquo;assister au t\u00e9moignage exceptionnel de M. Joaquin Jose Martinez, rescap\u00e9 des couloirs de la mort en Floride, ainsi qu&rsquo;\u00e0 la projection du documentaire \u00ab\u00a0Une vie en jeu\u00a0\u00bb, de M. Jacques Secretan montrant comment un innocent &#8211; Jaime Elizalde &#8211; a \u00e9t\u00e9 ex\u00e9cut\u00e9 au Texas. Un discours de bienvenue sera prononc\u00e9 par M. Patrice Mugny, maire de la ville de Gen\u00e8ve.<\/p>\n<p>La conf\u00e9rence a pour objectif de d\u00e9montrer que la peine de mort est une r\u00e9alit\u00e9 contemporaine; de tels t\u00e9moignages sont pr\u00e9cieux pour saisir toute l&rsquo;importance du combat abolitionniste. La soir\u00e9e, se tiendra \u00e0 la Maison des Arts du Gr\u00fctli, \u00e0 la salle Michel Simon, au 16 rue G\u00e9n\u00e9ral Dufour \u00e0 20h30. Elle est ouverte \u00e0 tous, et se conclura par un d\u00e9bat.<\/p>\n<p>Vous pouvez <a href=\"\/blog\/wp-content\/files\/flyer-villes-contre-peine-de-mort.pdf\">t\u00e9l\u00e9charger le flyer relatif \u00e0 l&rsquo;\u00e9v\u00e8nement<\/a>.<\/p>\n<div class=\"footnotes-made-easy-header\"><div class=\"footnote_container_prepare\">\n<p>R\u00e9f\u00e9rences<\/p>\n<\/div>\n<\/div><ol class=\"footnotes\"><li id=\"footnote_0_277\" class=\"footnote\">Le choix de cette date renvoie au 30 novembre 1786, jour de la premi\u00e8re suppression de la peine de mort par l&rsquo;Etat souverain du Grand-duch\u00e9 de Toscane. C&rsquo;est ainsi qu&rsquo;en hommage \u00e0 cette d\u00e9cision historique, le 30 novembre de chaque ann\u00e9e, des communes du monde entier illuminent un monument pour dire non \u00e0 la peine de mort. <span class=\"footnote-back-link-wrapper\"><span class=\"fme-pre-backlink\">[<\/span><a href=\"https:\/\/www.jcvignoli.com\/blog\/2007\/30-novembre-a-geneve-villes-unies-contre-la-peine-de-mort-une-action-commune-mondiale#identifier_0_277\" class=\"footnote-link footnote-back-link\" title=\"Jump back to text\" aria-label=\"Jump back to text\">\u21a9<\/a><span class=\"fme-pre-backlink\">]<\/span><\/span><\/li><\/ol><div class=\"pld-like-dislike-wrap pld-template-1\">\r\n    <div class=\"pld-like-wrap  pld-common-wrap\">\r\n    <a href=\"javascript:void(0)\" class=\"pld-like-trigger pld-like-dislike-trigger  \" title=\"Super article!\" data-post-id=\"277\" data-trigger-type=\"like\" data-restriction=\"cookie\" data-already-liked=\"0\">\r\n                        <i class=\"fas fa-thumbs-up\"><\/i>\r\n                <\/a>\r\n    <span class=\"pld-like-count-wrap pld-count-wrap\">0    <\/span>\r\n<\/div><div class=\"pld-dislike-wrap  pld-common-wrap\">\r\n    <a href=\"javascript:void(0)\" class=\"pld-dislike-trigger pld-like-dislike-trigger  \" title=\"Pas terrible...\" data-post-id=\"277\" data-trigger-type=\"dislike\" data-restriction=\"cookie\" data-already-liked=\"0\">\r\n                        <i class=\"fas fa-thumbs-down\"><\/i>\r\n                <\/a>\r\n    <span class=\"pld-dislike-count-wrap pld-count-wrap\">0<\/span>\r\n<\/div><\/div>","protected":false},"excerpt":{"rendered":"<p>Villes Unies contre la Peine de Mort : Gen\u00e8ve bouillonne d&rsquo;opposition ! La peine de mort survit toujours, mais l&rsquo;opposition poursuit son oeuvre de d\u00e9nonciation. La tradition veut qu&rsquo;\u00e0 l&rsquo;occasion de la journ\u00e9e mondiale des villes unies contre la peine de mort, soit le 30 novembre , la cath\u00e9drale Saint-Pierre de Gen\u00e8ve s&rsquo;orne, une fois [&hellip;]<\/p>\n","protected":false},"author":1,"featured_media":0,"comment_status":"open","ping_status":"open","sticky":false,"template":"","format":"standard","meta":{"ocean_post_layout":"","ocean_both_sidebars_style":"","ocean_both_sidebars_content_width":0,"ocean_both_sidebars_sidebars_width":0,"ocean_sidebar":"","ocean_second_sidebar":"","ocean_disable_margins":"enable","ocean_add_body_class":"","ocean_shortcode_before_top_bar":"","ocean_shortcode_after_top_bar":"","ocean_shortcode_before_header":"","ocean_shortcode_after_header":"","ocean_has_shortcode":"","ocean_shortcode_after_title":"","ocean_shortcode_before_footer_widgets":"","ocean_shortcode_after_footer_widgets":"","ocean_shortcode_before_footer_bottom":"","ocean_shortcode_after_footer_bottom":"","ocean_display_top_bar":"default","ocean_display_header":"default","ocean_header_style":"","ocean_center_header_left_menu":"","ocean_custom_header_template":"","ocean_custom_logo":0,"ocean_custom_retina_logo":0,"ocean_custom_logo_max_width":0,"ocean_custom_logo_tablet_max_width":0,"ocean_custom_logo_mobile_max_width":0,"ocean_custom_logo_max_height":0,"ocean_custom_logo_tablet_max_height":0,"ocean_custom_logo_mobile_max_height":0,"ocean_header_custom_menu":"","ocean_menu_typo_font_family":"","ocean_menu_typo_font_subset":"","ocean_menu_typo_font_size":0,"ocean_menu_typo_font_size_tablet":0,"ocean_menu_typo_font_size_mobile":0,"ocean_menu_typo_font_size_unit":"px","ocean_menu_typo_font_weight":"","ocean_menu_typo_font_weight_tablet":"","ocean_menu_typo_font_weight_mobile":"","ocean_menu_typo_transform":"","ocean_menu_typo_transform_tablet":"","ocean_menu_typo_transform_mobile":"","ocean_menu_typo_line_height":0,"ocean_menu_typo_line_height_tablet":0,"ocean_menu_typo_line_height_mobile":0,"ocean_menu_typo_line_height_unit":"","ocean_menu_typo_spacing":0,"ocean_menu_typo_spacing_tablet":0,"ocean_menu_typo_spacing_mobile":0,"ocean_menu_typo_spacing_unit":"","ocean_menu_link_color":"","ocean_menu_link_color_hover":"","ocean_menu_link_color_active":"","ocean_menu_link_background":"","ocean_menu_link_hover_background":"","ocean_menu_link_active_background":"","ocean_menu_social_links_bg":"","ocean_menu_social_hover_links_bg":"","ocean_menu_social_links_color":"","ocean_menu_social_hover_links_color":"","ocean_disable_title":"default","ocean_disable_heading":"default","ocean_post_title":"","ocean_post_subheading":"","ocean_post_title_style":"","ocean_post_title_background_color":"","ocean_post_title_background":0,"ocean_post_title_bg_image_position":"","ocean_post_title_bg_image_attachment":"","ocean_post_title_bg_image_repeat":"","ocean_post_title_bg_image_size":"","ocean_post_title_height":0,"ocean_post_title_bg_overlay":0.5,"ocean_post_title_bg_overlay_color":"","ocean_disable_breadcrumbs":"default","ocean_breadcrumbs_color":"","ocean_breadcrumbs_separator_color":"","ocean_breadcrumbs_links_color":"","ocean_breadcrumbs_links_hover_color":"","ocean_display_footer_widgets":"default","ocean_display_footer_bottom":"default","ocean_custom_footer_template":"","ocean_post_oembed":"","ocean_post_self_hosted_media":"","ocean_post_video_embed":"","ocean_link_format":"","ocean_link_format_target":"self","ocean_quote_format":"","ocean_quote_format_link":"post","ocean_gallery_link_images":"on","ocean_gallery_id":[],"footnotes":""},"categories":[1863],"tags":[466,129,468,403],"class_list":["post-277","post","type-post","status-publish","format-standard","hentry","category-activisme","tag-amnesty","tag-geneve","tag-joaquin-jose-martinez","tag-peine-de-mort","entry"],"aioseo_notices":[],"language":"fr","_links":{"self":[{"href":"https:\/\/www.jcvignoli.com\/blog\/wp-json\/wp\/v2\/posts\/277","targetHints":{"allow":["GET"]}}],"collection":[{"href":"https:\/\/www.jcvignoli.com\/blog\/wp-json\/wp\/v2\/posts"}],"about":[{"href":"https:\/\/www.jcvignoli.com\/blog\/wp-json\/wp\/v2\/types\/post"}],"author":[{"embeddable":true,"href":"https:\/\/www.jcvignoli.com\/blog\/wp-json\/wp\/v2\/users\/1"}],"replies":[{"embeddable":true,"href":"https:\/\/www.jcvignoli.com\/blog\/wp-json\/wp\/v2\/comments?post=277"}],"version-history":[{"count":0,"href":"https:\/\/www.jcvignoli.com\/blog\/wp-json\/wp\/v2\/posts\/277\/revisions"}],"wp:attachment":[{"href":"https:\/\/www.jcvignoli.com\/blog\/wp-json\/wp\/v2\/media?parent=277"}],"wp:term":[{"taxonomy":"category","embeddable":true,"href":"https:\/\/www.jcvignoli.com\/blog\/wp-json\/wp\/v2\/categories?post=277"},{"taxonomy":"post_tag","embeddable":true,"href":"https:\/\/www.jcvignoli.com\/blog\/wp-json\/wp\/v2\/tags?post=277"}],"curies":[{"name":"wp","href":"https:\/\/api.w.org\/{rel}","templated":true}]}}