{"id":275,"date":"2007-11-03T17:01:00","date_gmt":"2007-11-03T15:01:00","guid":{"rendered":"http:\/\/www.ikiru.ch\/blog\/2007\/de-limpossibilite-des-races"},"modified":"2007-12-16T03:01:11","modified_gmt":"2007-12-16T02:01:11","slug":"de-limpossibilite-des-races","status":"publish","type":"post","link":"https:\/\/www.jcvignoli.com\/blog\/2007\/de-limpossibilite-des-races","title":{"rendered":"De l&rsquo;impossibilit\u00e9 des races"},"content":{"rendered":"<p><em>Sus au politiquement correct, appelons un chat un chat, et cessons de prendre des pincettes pour exprimer ce que nous savons tous \u00eatre vrai ! Les races existent, et ce n&rsquo;est pas \u00eatre raciste que de dire qu&rsquo;il existe des diff\u00e9rences entre les hommes !<br \/>\n<\/em><\/p>\n<p>Sous ce cris du coeur lanc\u00e9 p\u00e9riodiquement dans le d\u00e9bat politique ou dans le cercles des proches, que nous avons tous entendu &#8211; voire auquel nous avons particip\u00e9 &#8211; se cachent sans coup f\u00e9rir les racines du racisme. Pourquoi ? Parce que sous le couvert de d\u00e9monter un \u00ab\u00a0politiquement correct\u00a0\u00bb qui nous emp\u00eache d&rsquo;utiliser des termes que l&rsquo;on croit appropri\u00e9s \u00e0 la r\u00e9alit\u00e9, la recherche de classification humaine est tellement \u00e9loign\u00e9e de la r\u00e9alit\u00e9 biologique qu&rsquo;on se d\u00e9bat tr\u00e8s rapidement avec des notions de hi\u00e9rarchie au sein des individus. Parce que le mot \u00ab\u00a0race\u00a0\u00bb renvoi immanquablement \u00e0 une couleur : la race noire, la race asiatique, et bien s\u00fbr la race blanche. Dans quel autre contexte pourrait-on utiliser ce terme ? Or, ces 3 \u00ab\u00a0grandes races\u00a0\u00bb ne correspondent \u00e0 aucune connaissance scientifique actuelle; elles peuvent uniquement \u00eatre utiles \u00e0 un discours souhaitant parler de hi\u00e9rarchie, et donc de&#8230; deviser sur la sup\u00e9riorit\u00e9 et l&rsquo;inf\u00e9riorit\u00e9.<\/p>\n<p>L&rsquo;homme ne peut \u00eatre classifi\u00e9, du moins pas g\u00e9n\u00e9tiquement. Le terme m\u00eame de \u00ab\u00a0race\u00a0\u00bb est un non-sens scientifique; n&rsquo;en d\u00e9plaise \u00e0 <a href=\"http:\/\/fr.wikipedia.org\/wiki\/James_Watson\">James Watson<\/a> <sup><a href=\"#footnote_0_275\" id=\"identifier_0_275\" class=\"footnote-link footnote-identifier-link\" title=\"Prix Nobel de m&eacute;decine, co-d&eacute;couvreur de la structure de l&rsquo;ADN, il est persuad&eacute; qu&rsquo;il existe un g&egrave;ne de l&rsquo;homosexualit&eacute;, de l&rsquo;intelligence et que ce dernier est moins d&eacute;velopp&eacute; chez les Noirs\">[1]<\/a><\/sup>, les diff\u00e9rences observables entre \u00ab\u00a0races\u00a0\u00bb sont uniquement ext\u00e9rieures : couleur de peau, des yeux, taille, faci\u00e8s, morphologie en g\u00e9n\u00e9ral. On ne saurait relier les caract\u00e9ristiques g\u00e9n\u00e9tiques ou sanguines entre membres d&rsquo;une m\u00eame \u00ab\u00a0race\u00a0\u00bb, raison pour laquelle on pr\u00e9f\u00e8re le terme \u00ab\u00a0ethnique\u00a0\u00bb \u00e0 \u00ab\u00a0race\u00a0\u00bb. C&rsquo;est d\u00e9j\u00e0 un premier pas terminologique qui nous permet d&rsquo;abandonner l&rsquo;encombrant \u00ab\u00a0race\u00a0\u00bb, pourtant souvent ressenti par certains comme une nuance inopportune impos\u00e9e par la volont\u00e9 de ne blesser personne &#8211; le politiquement correct. Mais les mots ont un sens : ils sont historiquement ancr\u00e9s (voir plus loin), et d\u00e9crivent une r\u00e9alit\u00e9 subjective : la race, partant de l&rsquo;id\u00e9e que ce qui relie les individus est la couleur, en d\u00e9duit toute une s\u00e9rie de traits communs entre les individus d&rsquo;une m\u00eame race, des traits communs qui n&rsquo;existent pas. C&rsquo;est pourquoi ont pr\u00e9f\u00e8re aujourd&rsquo;hui le mot \u00ab\u00a0ethnie\u00a0\u00bb, qui correspond bien plus \u00e0 l&rsquo;observation scientifique.<\/p>\n<p>Les groupes ethniques ont l&rsquo;avantage de pouvoir \u00eatre associ\u00e9s \u00e0 la couleur de peau, ou pas. Certaines ethnies, bien qu&rsquo;ayant la peau noire, sont beaucoup plus proches de populations asiatiques que de populations africaines en termes de structures g\u00e9n\u00e9tiques. D\u00e9finir une ethnie sur ce crit\u00e8re est donc une aberration : c&rsquo;est faire faire coller une diff\u00e9rence visuelle sur une diff\u00e9rence biologiques suppos\u00e9es. On tente de faire accepter \u00e0 notre intelligence ce que nos yeux voient, mais que les analyses scientifiques r\u00e9futent; j&rsquo;invite \u00e0 consulter <a href=\"http:\/\/www.agoravox.fr\/commentaire_static.php3?id_article=30764&#038;id_forum=1537381\">message sur agoravox<\/a>, expliquant cela en termes savants.<\/p>\n<p>La diff\u00e9renciation entre \u00eatres humains, si elle veut \u00eatre men\u00e9e de mani\u00e8re coh\u00e9rente et jusqu&rsquo;au bout, ne peut avoir pour seule conclusion : \u00ab\u00a0nous sommes tous diff\u00e9rents\u00a0\u00bb. Les points communs que l&rsquo;on peut observer entre des individus d&rsquo;une m\u00eame \u00ab\u00a0race\u00a0\u00bb ne sont qu&rsquo;ext\u00e9rieurs. Et les ethnie sont le plus souvent des groupes tellement r\u00e9duits, que chercher \u00e0 s&rsquo;attacher \u00e0 de telles distinctions revient \u00e0 d\u00e9penser beaucoup d&rsquo;\u00e9nergie en argumentation pas grandchose : la montagne accouche d&rsquo;une souris.<\/p>\n<p>Sachant que nous ne pouvons nous classifier, au sein de l&rsquo;esp\u00e8ce humaine, en \u00ab\u00a0races\u00a0\u00bb, il est faux &#8211; parfois douteux &#8211; de vouloir op\u00e9rer \u00e0 la diff\u00e9renciation sur la base de l&rsquo;apparence ext\u00e9rieure. Car l&rsquo;apparence ext\u00e9rieure ne saurait \u00eatre une raison de tirer des conclusions sur les capacit\u00e9s mentales (la hi\u00e9rarchie), sur les comportements ou les attentes des individus, finalit\u00e9 de cette classification. La n\u00e9cessit\u00e9 de distinction d&rsquo;origine de \u00ab\u00a0race humaine\u00a0\u00bb, vieille d&rsquo;un si\u00e8cle et demi aujourd&rsquo;hui <sup><a href=\"#footnote_1_275\" id=\"identifier_1_275\" class=\"footnote-link footnote-identifier-link\" title=\"Le comte Arthur de Gobineau publia son Essai sur l&rsquo;in&eacute;galit&eacute; des races humaines en 1853, donnant comme cl&eacute; de lecture &agrave; l&rsquo;histoire humaine le facteur racial.\">[2]<\/a><\/sup>, n&rsquo;est pas innocente, elle poursuivait des buts bien d\u00e9finis. Hannah Arendt nous \u00e9claire \u00e0 ce sujet :<\/p>\n<blockquote><p>\nEn r\u00e9alit\u00e9, c&rsquo;est sur le contient noir que [la d\u00e9couverte que la race en tant que principe du corps politique, comme substitution \u00e0 la nation a \u00e9t\u00e9 faite]. La race apportait une explication de fortune \u00e0 l&rsquo;existence de ces \u00eatres qu&rsquo;aucun homme appartenant \u00e0 l&rsquo;Europe ou au monde civilis\u00e9 ne pouvait comprendre et dont l&rsquo;humanit\u00e9 apparaissait si terrifiante et si humiliante aux yeux des immigrants qu&rsquo;ils ne pouvaient imaginer plus longtemps appartenir au m\u00eame genre humain. La race fut la r\u00e9ponse des Boers \u00e0 l&rsquo;accablante monstruosit\u00e9 de l&rsquo;Afrique &#8211; tout un continent peupl\u00e9 et surpeupl\u00e9 de sauvages -, l&rsquo;explication de la folie qui les saisit et les illumina comme l&rsquo;\u00e9claire dans un ciel serein : \u00ab\u00a0Exterminer toutes les brutes\u00a0\u00bb.<br \/>\n<br \/>\nHannah Arendt, Les origines du totalitarisme : Tome 2, L&rsquo;imp\u00e9rialisme, 1951 (\u00e9dition 2002), p. 119\n<\/p><\/blockquote>\n<p>Le racisme r\u00e9pond, historiquement, \u00e0 des buts politiques. Croire au racisme aujourd&rsquo;hui, qu&rsquo;il soit pris dans le sens originel du terme (hi\u00e9rarchie entre les races) ou dans son sens plus <a href=\"\/blog\/2007\/dis-papa-cest-quoi-un-raciste\" title=\"sens plus contemporain du racisme\">contemporain et nuanc\u00e9<\/a> (il existe des diff\u00e9rences raciales, sans forc\u00e9ment parler de sup\u00e9riorit\u00e9 entre les races), revient \u00e0 justifier un mensonge remontant au XIX\u00e8me si\u00e8cle et d\u00e9j\u00e0 politiquement tr\u00e8s orient\u00e9.<\/p>\n<p>En somme, si les diff\u00e9rences entre \u00eatres sont ind\u00e9niables, elles ne sont pas identiques aux crit\u00e8res que l&rsquo;on a accept\u00e9 &#8211; plus au moins &#8211; socialement et &#8211; surtout &#8211; personnellement. Un autre crit\u00e8re de diff\u00e9renciation, choisi tout aussi arbitrairement, pourrait reposer sur la taille des individus : pourquoi retenir la couleur, plut\u00f4t que la stature des humains ? Les deux correspondent \u00e0 une r\u00e9alit\u00e9 objective, mais on ne saurait tirer de conclusion \u00e0 partir de cette diff\u00e9rence. Et savoir que son patrimoine g\u00e9n\u00e9tique peut \u00eatre plus proche d&rsquo;un Ew\u00e9 d&rsquo;Afrique de l&rsquo;Ouest que d&rsquo;un \u00ab\u00a0Fran\u00e7ais de souche\u00a0\u00bb calme tout vell\u00e9it\u00e9 raciste.<\/p>\n<p>Les couleurs et les morphologies existent au sein de l&rsquo;esp\u00e8ce humaine, il faudrait \u00eatre aussi id\u00e9ologis\u00e9 que Gobineau lui-m\u00eame pour le nier. Toutefois, il existe au moins autant de diff\u00e9rences au sein des membres d&rsquo;une m\u00eame couleur de peau qu&rsquo;il n&rsquo;existe de teintes de peau diff\u00e9rentes. Vouloir classifier par leur pigmentation les \u00eatres humains (car au final, il s&rsquo;agit <em>toujours<\/em> de cela) r\u00e9pond bien plus \u00e0 des objectifs politiques qu&rsquo;\u00e0 une r\u00e9alit\u00e9 objective. Nation, race, et m\u00eame parfois ethnie r\u00e9pondent \u00e0 des besoins identitaires sociaux et culturels, mais en aucun cas \u00e0 un lien biologique suppos\u00e9 qui unirait les individus d&rsquo;un m\u00eame groupe. <\/p>\n<p>Refuser le terme de \u00ab\u00a0race\u00a0\u00bb ne revient en aucun cas \u00e0 nier les particularit\u00e9s de l&rsquo;homme; c&rsquo;est exactement l&rsquo;inverse, cette d\u00e9n\u00e9gation permet d&rsquo;acc\u00e9der \u00e0 l&rsquo;\u00eatre humain dans toute sa diversit\u00e9 et complexit\u00e9. Une diversit\u00e9 plus difficile \u00e0 accepter et appr\u00e9hender dans un monde peupl\u00e9 par plus de 6 milliards d&rsquo;habitants, qui doivent \u00eatre tol\u00e9r\u00e9s, reconnus, ing\u00e9r\u00e9s dans toutes leur diff\u00e9rence. Une diversit\u00e9 qui, au final, est \u00e0 la fois gage de notre propre exception, mais qui nous renvoie dans le m\u00eame \u00e9lan \u00e0 notre propre insignifiance, noy\u00e9s dans une telle masse d&rsquo;originalit\u00e9s. Si tout le monde est diff\u00e9rents, le sommes-nous toujours ? La \u00ab\u00a0race\u00a0\u00bb est une r\u00e9ponse \u00e0 une besoin si humain; elle est la construction d&rsquo;un groupe artificiel destin\u00e9 \u00e0 nous permettre d&rsquo;exister. Mais si sous le pr\u00e9texte de chercher \u00e0 exister, nous d\u00e9cidons d&rsquo;exclure selon la couleur de peau, c&rsquo;est que notre philosophie, notre politique et nos soci\u00e9t\u00e9s sont rest\u00e9es coinc\u00e9es dans la trame du XIX\u00e8me si\u00e8cle.<\/p>\n<div class=\"footnotes-made-easy-header\"><div class=\"footnote_container_prepare\">\n<p>R\u00e9f\u00e9rences<\/p>\n<\/div>\n<\/div><ol class=\"footnotes\"><li id=\"footnote_0_275\" class=\"footnote\"> Prix Nobel de m\u00e9decine, co-d\u00e9couvreur de la structure de l&rsquo;ADN, il est persuad\u00e9 qu&rsquo;il existe un g\u00e8ne de l&rsquo;homosexualit\u00e9, de l&rsquo;intelligence et que ce dernier est moins d\u00e9velopp\u00e9 chez les Noirs <span class=\"footnote-back-link-wrapper\"><span class=\"fme-pre-backlink\">[<\/span><a href=\"https:\/\/www.jcvignoli.com\/blog\/2007\/de-limpossibilite-des-races#identifier_0_275\" class=\"footnote-link footnote-back-link\" title=\"Jump back to text\" aria-label=\"Jump back to text\">\u21a9<\/a><span class=\"fme-pre-backlink\">]<\/span><\/span><\/li><li id=\"footnote_1_275\" class=\"footnote\">Le comte Arthur de Gobineau publia son <em>Essai sur l&rsquo;in\u00e9galit\u00e9 des races humaines<\/em> en 1853, donnant comme cl\u00e9 de lecture \u00e0 l&rsquo;histoire humaine le facteur racial.<span class=\"footnote-back-link-wrapper\"><span class=\"fme-pre-backlink\">[<\/span><a href=\"https:\/\/www.jcvignoli.com\/blog\/2007\/de-limpossibilite-des-races#identifier_1_275\" class=\"footnote-link footnote-back-link\" title=\"Jump back to text\" aria-label=\"Jump back to text\">\u21a9<\/a><span class=\"fme-pre-backlink\">]<\/span><\/span><\/li><\/ol><div class=\"pld-like-dislike-wrap pld-template-1\">\r\n    <div class=\"pld-like-wrap  pld-common-wrap\">\r\n    <a href=\"javascript:void(0)\" class=\"pld-like-trigger pld-like-dislike-trigger  \" title=\"Super article!\" data-post-id=\"275\" data-trigger-type=\"like\" data-restriction=\"cookie\" data-already-liked=\"0\">\r\n                        <i class=\"fas fa-thumbs-up\"><\/i>\r\n                <\/a>\r\n    <span class=\"pld-like-count-wrap pld-count-wrap\">0    <\/span>\r\n<\/div><div class=\"pld-dislike-wrap  pld-common-wrap\">\r\n    <a href=\"javascript:void(0)\" class=\"pld-dislike-trigger pld-like-dislike-trigger  \" title=\"Pas terrible...\" data-post-id=\"275\" data-trigger-type=\"dislike\" data-restriction=\"cookie\" data-already-liked=\"0\">\r\n                        <i class=\"fas fa-thumbs-down\"><\/i>\r\n                <\/a>\r\n    <span class=\"pld-dislike-count-wrap pld-count-wrap\">0<\/span>\r\n<\/div><\/div>","protected":false},"excerpt":{"rendered":"<p>Sus au politiquement correct, appelons un chat un chat, et cessons de prendre des pincettes pour exprimer ce que nous savons tous \u00eatre vrai ! Les races existent, et ce n&rsquo;est pas \u00eatre raciste que de dire qu&rsquo;il existe des diff\u00e9rences entre les hommes ! Sous ce cris du coeur lanc\u00e9 p\u00e9riodiquement dans le d\u00e9bat [&hellip;]<\/p>\n","protected":false},"author":1,"featured_media":0,"comment_status":"open","ping_status":"open","sticky":false,"template":"","format":"standard","meta":{"ocean_post_layout":"","ocean_both_sidebars_style":"","ocean_both_sidebars_content_width":0,"ocean_both_sidebars_sidebars_width":0,"ocean_sidebar":"","ocean_second_sidebar":"","ocean_disable_margins":"enable","ocean_add_body_class":"","ocean_shortcode_before_top_bar":"","ocean_shortcode_after_top_bar":"","ocean_shortcode_before_header":"","ocean_shortcode_after_header":"","ocean_has_shortcode":"","ocean_shortcode_after_title":"","ocean_shortcode_before_footer_widgets":"","ocean_shortcode_after_footer_widgets":"","ocean_shortcode_before_footer_bottom":"","ocean_shortcode_after_footer_bottom":"","ocean_display_top_bar":"default","ocean_display_header":"default","ocean_header_style":"","ocean_center_header_left_menu":"","ocean_custom_header_template":"","ocean_custom_logo":0,"ocean_custom_retina_logo":0,"ocean_custom_logo_max_width":0,"ocean_custom_logo_tablet_max_width":0,"ocean_custom_logo_mobile_max_width":0,"ocean_custom_logo_max_height":0,"ocean_custom_logo_tablet_max_height":0,"ocean_custom_logo_mobile_max_height":0,"ocean_header_custom_menu":"","ocean_menu_typo_font_family":"","ocean_menu_typo_font_subset":"","ocean_menu_typo_font_size":0,"ocean_menu_typo_font_size_tablet":0,"ocean_menu_typo_font_size_mobile":0,"ocean_menu_typo_font_size_unit":"px","ocean_menu_typo_font_weight":"","ocean_menu_typo_font_weight_tablet":"","ocean_menu_typo_font_weight_mobile":"","ocean_menu_typo_transform":"","ocean_menu_typo_transform_tablet":"","ocean_menu_typo_transform_mobile":"","ocean_menu_typo_line_height":0,"ocean_menu_typo_line_height_tablet":0,"ocean_menu_typo_line_height_mobile":0,"ocean_menu_typo_line_height_unit":"","ocean_menu_typo_spacing":0,"ocean_menu_typo_spacing_tablet":0,"ocean_menu_typo_spacing_mobile":0,"ocean_menu_typo_spacing_unit":"","ocean_menu_link_color":"","ocean_menu_link_color_hover":"","ocean_menu_link_color_active":"","ocean_menu_link_background":"","ocean_menu_link_hover_background":"","ocean_menu_link_active_background":"","ocean_menu_social_links_bg":"","ocean_menu_social_hover_links_bg":"","ocean_menu_social_links_color":"","ocean_menu_social_hover_links_color":"","ocean_disable_title":"default","ocean_disable_heading":"default","ocean_post_title":"","ocean_post_subheading":"","ocean_post_title_style":"","ocean_post_title_background_color":"","ocean_post_title_background":0,"ocean_post_title_bg_image_position":"","ocean_post_title_bg_image_attachment":"","ocean_post_title_bg_image_repeat":"","ocean_post_title_bg_image_size":"","ocean_post_title_height":0,"ocean_post_title_bg_overlay":0.5,"ocean_post_title_bg_overlay_color":"","ocean_disable_breadcrumbs":"default","ocean_breadcrumbs_color":"","ocean_breadcrumbs_separator_color":"","ocean_breadcrumbs_links_color":"","ocean_breadcrumbs_links_hover_color":"","ocean_display_footer_widgets":"default","ocean_display_footer_bottom":"default","ocean_custom_footer_template":"","ocean_post_oembed":"","ocean_post_self_hosted_media":"","ocean_post_video_embed":"","ocean_link_format":"","ocean_link_format_target":"self","ocean_quote_format":"","ocean_quote_format_link":"post","ocean_gallery_link_images":"on","ocean_gallery_id":[],"footnotes":""},"categories":[15,25,2],"tags":[464,183,463,236],"class_list":["post-275","post","type-post","status-publish","format-standard","hentry","category-articles","category-philosophie","category-politique","tag-extreme-droite","tag-genetique","tag-race","tag-racisme","entry"],"aioseo_notices":[],"language":"fr","_links":{"self":[{"href":"https:\/\/www.jcvignoli.com\/blog\/wp-json\/wp\/v2\/posts\/275","targetHints":{"allow":["GET"]}}],"collection":[{"href":"https:\/\/www.jcvignoli.com\/blog\/wp-json\/wp\/v2\/posts"}],"about":[{"href":"https:\/\/www.jcvignoli.com\/blog\/wp-json\/wp\/v2\/types\/post"}],"author":[{"embeddable":true,"href":"https:\/\/www.jcvignoli.com\/blog\/wp-json\/wp\/v2\/users\/1"}],"replies":[{"embeddable":true,"href":"https:\/\/www.jcvignoli.com\/blog\/wp-json\/wp\/v2\/comments?post=275"}],"version-history":[{"count":0,"href":"https:\/\/www.jcvignoli.com\/blog\/wp-json\/wp\/v2\/posts\/275\/revisions"}],"wp:attachment":[{"href":"https:\/\/www.jcvignoli.com\/blog\/wp-json\/wp\/v2\/media?parent=275"}],"wp:term":[{"taxonomy":"category","embeddable":true,"href":"https:\/\/www.jcvignoli.com\/blog\/wp-json\/wp\/v2\/categories?post=275"},{"taxonomy":"post_tag","embeddable":true,"href":"https:\/\/www.jcvignoli.com\/blog\/wp-json\/wp\/v2\/tags?post=275"}],"curies":[{"name":"wp","href":"https:\/\/api.w.org\/{rel}","templated":true}]}}