{"id":259,"date":"2007-07-10T18:29:36","date_gmt":"2007-07-10T16:29:36","guid":{"rendered":"http:\/\/www.ikiru.ch\/blog\/2007\/il-y-a-10-ans-le-sommet-de-la-terre-souvrait-a-new-york-il-y-a-10-ans-le-sommet-de-la-terre-souvrait-a-new-york-quen-reste-t-il"},"modified":"2020-10-01T10:50:36","modified_gmt":"2020-10-01T15:50:36","slug":"il-y-a-10-ans-le-sommet-de-la-terre-souvrait-a-new-york-quen-reste-t-il","status":"publish","type":"post","link":"https:\/\/www.jcvignoli.com\/blog\/2007\/il-y-a-10-ans-le-sommet-de-la-terre-souvrait-a-new-york-quen-reste-t-il","title":{"rendered":"Il y a 10 ans, le sommet de la Terre s&rsquo;ouvrait \u00e0 New-York. Qu&rsquo;en reste-t-il ?"},"content":{"rendered":"<p style=\"text-align: left;\"><a href=\"https:\/\/www.jcvignoli.com\/blog\/wp-content\/uploads\/sommet-new-york.jpg\"><img loading=\"lazy\" decoding=\"async\" class=\"alignleft wp-image-4739 size-medium\" src=\"https:\/\/www.jcvignoli.com\/blog\/wp-content\/uploads\/sommet-new-york-600x296.jpg\" alt=\"Gratte-ciels \u00e0 central park \u00e0 New-York\" width=\"600\" height=\"296\" srcset=\"https:\/\/www.jcvignoli.com\/blog\/wp-content\/uploads\/sommet-new-york-600x296.jpg 600w, https:\/\/www.jcvignoli.com\/blog\/wp-content\/uploads\/sommet-new-york-1024x505.jpg 1024w, https:\/\/www.jcvignoli.com\/blog\/wp-content\/uploads\/sommet-new-york-768x379.jpg 768w, https:\/\/www.jcvignoli.com\/blog\/wp-content\/uploads\/sommet-new-york.jpg 1060w\" sizes=\"auto, (max-width: 600px) 100vw, 600px\" \/><\/a>Dans le grand th\u00e9\u00e2tre mondial, certains com\u00e9diens changent de costume aussi rapidement que dans une repr\u00e9sentation de Kabuki. Prenons par exemple le sommet de la Terre \u00e0 New-York, qui s&rsquo;est tenu du 23 au 27 juin 1997. Cinq ans apr\u00e8s le sommet de Rio, les leaders politiques des quatre coins de la plan\u00e8te se retrouvent pour parler de l&rsquo;\u00e9tat de la plan\u00e8te. Et \u00e0 nous plonger dans les archives, il est difficile de garder l&rsquo;image d&rsquo;une administration Clinton mettant tout en oeuvre pour l&rsquo;environnement ou d&rsquo;un Tony Blair enti\u00e8rement d\u00e9vou\u00e9 \u00e0 son voisin atlantique. L&rsquo;Europe, a contrario, se r\u00e9v\u00e8le d\u00e9j\u00e0 consciente de l&rsquo;urgence li\u00e9e au r\u00e9chauffement climatique.<\/p>\n<p>Le \u00ab\u00a0sommet de la Terre plus 5\u00a0\u00bb (car cinq ans apr\u00e8s celui de Rio), qui sera avec amertume surnomm\u00e9 le \u00ab\u00a0sommet moins 5\u00a0\u00bb par certaines ONG, vit le refus r\u00e9it\u00e9r\u00e9 des USA de s&rsquo;engager dans un trait\u00e9 \u00e0 caract\u00e8re contraignant et chiffr\u00e9 sur les \u00e9missions de gaz carbonique. Les Europ\u00e9ens, dont certains pays ont d\u00e9j\u00e0 plaid\u00e9 lors du G8 de Denvers \u2013 lequel s&rsquo;est termin\u00e9 lorsque la rencontre de New-York a d\u00e9but\u00e9 \u2013 pour une r\u00e9duction de CO2 \u00e0 hauteur de \u00ab\u00a015 % d&rsquo;ici \u00e0 2010\u00a0\u00bb, press\u00e8rent Bill Clinton \u00e0 engager son pays dans cette voie. Mais le pr\u00e9sident am\u00e9ricain botta en touche, pr\u00e9f\u00e9rant compter sur les avanc\u00e9es technologiques plut\u00f4t que de cr\u00e9er des entraves juridiques \u00e0 la libre entreprise. Et, chose semblant inconcevable ces derni\u00e8res ann\u00e9es, Tony Blair, l&rsquo;ancien Premier ministre britannique, rappela \u00e0 son alli\u00e9 de longue date les responsabilit\u00e9s auxquelles doit faire face le \u00ab\u00a0plus grand pollueur du monde\u00a0\u00bb. Une attaque forte qu&rsquo;il ne s&rsquo;est jamais permis depuis lors, du moins plus aussi directement.<\/p>\n<p>L&rsquo;examen attentif des rencontres autour du sommet new-yorkais se r\u00e9v\u00e8le plus int\u00e9ressant encore. Tout comme lors du G8 de 1997 &#8211; o\u00f9 l&rsquo;on d\u00e9cida de renvoyer \u00e0 Kyoto les discussions autour de l&rsquo;effet de serre &#8211; le cru de juin 2007 de la r\u00e9union des pays les plus industrialis\u00e9s se conclut sur un renvoi \u00e0 la conf\u00e9rence de l&rsquo;ONU sur le changement climatique, qui se tiendra \u00e0 Bali en d\u00e9cembre de cette m\u00eame ann\u00e9e. Devant la difficult\u00e9 de marier tant d&rsquo;avis divergents, le G8 se r\u00e9v\u00e8le \u00eatre un lieu peu appropri\u00e9 pour trouver un accord sur la r\u00e9duction des \u00e9missions. Seulement voil\u00e0, dix ans se sont \u00e9coul\u00e9s, et alors qu&rsquo;on parlait de r\u00e9duire de 15% le dioxyde de carbone en 1997, c&rsquo;est maintenant le chiffre de 50% qui est avanc\u00e9, chiffre \u00e0 atteindre \u00e0 l&rsquo;horizon 2050. Le r\u00e9sultat de 1997, ce fut le trait\u00e9 de Kyoto, sign\u00e9 par Bill Clinton pour une r\u00e9duction de 7% des \u00e9missions (par rapport \u00e0 1990), mais non ratifi\u00e9 par le Congr\u00e8s. Le dossier sera totalement port\u00e9 en d\u00e9rision par son successeur, puisque le pr\u00e9sident George W. Bush refusera toute nouvelle n\u00e9gociation bas\u00e9e sur les principes de Kyoto.<br \/>\nSi il est vrai que l&rsquo;alarmisme \u00e9cologique est beaucoup plus en vogue aujourd&rsquo;hui qu&rsquo;il ne l&rsquo;\u00e9tait en 1997, on imagine mal comment, avec l&rsquo;administration am\u00e9ricaine actuelle et sa r\u00e9ticence prononc\u00e9e \u00e0 l&rsquo;\u00e9gard des engagements internationaux, un nombre 7 fois sup\u00e9rieur a celui qui \u00e9t\u00e9 refus\u00e9 (\u00e0 l&rsquo;unanimit\u00e9 des s\u00e9nateurs du Congr\u00e8s) pourrait \u00eatre accept\u00e9 \u00e0 la conf\u00e9rence de Bali.<\/p>\n<p>Du c\u00f4t\u00e9 de l&rsquo;Union europ\u00e9enne (UE), qui fait figure de locomotive fonctionnant \u00e0 l&rsquo;\u00e9nergie renouvelable, on plaide pour une r\u00e9duction de moiti\u00e9 des rejets de CO2. Alors que les 15 pays qui composaient l&rsquo;UE en 1997 s&rsquo;\u00e9taient engag\u00e9s \u00e0 r\u00e9duire de 8% leurs polluantes \u00e9missions, la diminution d\u00e9j\u00e0 atteinte est de 2%. Du travail reste \u00e0 faire, mais l&rsquo;Union s&rsquo;est d&rsquo;ores et d\u00e9j\u00e0 engag\u00e9e en mars 2007 \u00e0 pousser d&rsquo;ici 2020 la r\u00e9duction jusqu&rsquo;\u00e0 20%. Nous sommes assez loin du scepticisme affich\u00e9 par les fonctionnaires europ\u00e9ens de 1997, o\u00f9 un diplomate, interview\u00e9 par le Monde au sujet des critiques formul\u00e9es par les ONG sur le peu d&rsquo;avanc\u00e9es, d\u00e9clarait que \u00ab\u00a0[les ONG] sont militantes et id\u00e9alistes, mais ne se rendent pas compte qu&rsquo;il y a d&rsquo;autres facteurs que doivent prendre en compte les gouvernements\u00a0\u00bb. La priorit\u00e9 est aujourd&rsquo;hui au combat contre le r\u00e9chauffement climatique, et les gouvernants se plient \u00e0 cet imp\u00e9ratif avec sinc\u00e9rit\u00e9, affichant leur volont\u00e9 de servir d&rsquo;exemple aux autres nations.<\/p>\n<p>A observer cette p\u00e9riode d\u00e9cisive pour le climat de notre plan\u00e8te, force est de constater que le contexte est bien diff\u00e9rent. Les \u00ab\u00a0plus grands pollueurs du monde\u00a0\u00bb sont devenus il y a peu les Chinois, dont le pays n&rsquo;\u00e9tait pas tenu de diminuer les \u00e9missions \u00e0 Kyoto. Huit ans plus tard apr\u00e8s avoir oppos\u00e9 une fin de non recevoir au sommet de la Terre \u00e0 New-York, l&rsquo;ancien pr\u00e9sident Bill Clinton lancera sa fondation \u00e9ponyme avec pour objectif, entre autres, de promouvoir l&rsquo;\u00e9cologie; on aurait voulu le voir s&rsquo;engager plus fermement \u00e0 l&rsquo;\u00e9poque, et donner des signaux clairs \u00e0 tout son pays. Peut-\u00eatre que ce qui \u00e9tait le plus pr\u00e9visible, c&rsquo;\u00e9tait l&rsquo;augmentation mondiale des gaz \u00e0 effet de serre, dont l&rsquo;atmosph\u00e8re a continu\u00e9 \u00e0 se charger au fil des ans&#8230;<\/p>\n<div class=\"pld-like-dislike-wrap pld-template-1\">\r\n    <div class=\"pld-like-wrap  pld-common-wrap\">\r\n    <a href=\"javascript:void(0)\" class=\"pld-like-trigger pld-like-dislike-trigger  \" title=\"Super article!\" data-post-id=\"259\" data-trigger-type=\"like\" data-restriction=\"cookie\" data-already-liked=\"0\">\r\n                        <i class=\"fas fa-thumbs-up\"><\/i>\r\n                <\/a>\r\n    <span class=\"pld-like-count-wrap pld-count-wrap\">0    <\/span>\r\n<\/div><div class=\"pld-dislike-wrap  pld-common-wrap\">\r\n    <a href=\"javascript:void(0)\" class=\"pld-dislike-trigger pld-like-dislike-trigger  \" title=\"Pas terrible...\" data-post-id=\"259\" data-trigger-type=\"dislike\" data-restriction=\"cookie\" data-already-liked=\"0\">\r\n                        <i class=\"fas fa-thumbs-down\"><\/i>\r\n                <\/a>\r\n    <span class=\"pld-dislike-count-wrap pld-count-wrap\">0<\/span>\r\n<\/div><\/div>","protected":false},"excerpt":{"rendered":"<p>Dans le grand th\u00e9\u00e2tre mondial, certains com\u00e9diens changent de costume aussi rapidement que dans une repr\u00e9sentation de Kabuki. Prenons par exemple le sommet de la Terre \u00e0 New-York, qui s&rsquo;est tenu du 23 au 27 juin 1997. Cinq ans apr\u00e8s le sommet de Rio, les leaders politiques des quatre coins de la plan\u00e8te se retrouvent [&hellip;]<\/p>\n","protected":false},"author":1,"featured_media":4739,"comment_status":"open","ping_status":"open","sticky":false,"template":"","format":"standard","meta":{"ocean_post_layout":"","ocean_both_sidebars_style":"","ocean_both_sidebars_content_width":0,"ocean_both_sidebars_sidebars_width":0,"ocean_sidebar":"0","ocean_second_sidebar":"0","ocean_disable_margins":"enable","ocean_add_body_class":"","ocean_shortcode_before_top_bar":"","ocean_shortcode_after_top_bar":"","ocean_shortcode_before_header":"","ocean_shortcode_after_header":"","ocean_has_shortcode":"","ocean_shortcode_after_title":"","ocean_shortcode_before_footer_widgets":"","ocean_shortcode_after_footer_widgets":"","ocean_shortcode_before_footer_bottom":"","ocean_shortcode_after_footer_bottom":"","ocean_display_top_bar":"default","ocean_display_header":"default","ocean_header_style":"","ocean_center_header_left_menu":"0","ocean_custom_header_template":"0","ocean_custom_logo":0,"ocean_custom_retina_logo":0,"ocean_custom_logo_max_width":0,"ocean_custom_logo_tablet_max_width":0,"ocean_custom_logo_mobile_max_width":0,"ocean_custom_logo_max_height":0,"ocean_custom_logo_tablet_max_height":0,"ocean_custom_logo_mobile_max_height":0,"ocean_header_custom_menu":"0","ocean_menu_typo_font_family":"0","ocean_menu_typo_font_subset":"","ocean_menu_typo_font_size":0,"ocean_menu_typo_font_size_tablet":0,"ocean_menu_typo_font_size_mobile":0,"ocean_menu_typo_font_size_unit":"px","ocean_menu_typo_font_weight":"","ocean_menu_typo_font_weight_tablet":"","ocean_menu_typo_font_weight_mobile":"","ocean_menu_typo_transform":"","ocean_menu_typo_transform_tablet":"","ocean_menu_typo_transform_mobile":"","ocean_menu_typo_line_height":0,"ocean_menu_typo_line_height_tablet":0,"ocean_menu_typo_line_height_mobile":0,"ocean_menu_typo_line_height_unit":"","ocean_menu_typo_spacing":0,"ocean_menu_typo_spacing_tablet":0,"ocean_menu_typo_spacing_mobile":0,"ocean_menu_typo_spacing_unit":"","ocean_menu_link_color":"","ocean_menu_link_color_hover":"","ocean_menu_link_color_active":"","ocean_menu_link_background":"","ocean_menu_link_hover_background":"","ocean_menu_link_active_background":"","ocean_menu_social_links_bg":"","ocean_menu_social_hover_links_bg":"","ocean_menu_social_links_color":"","ocean_menu_social_hover_links_color":"","ocean_disable_title":"default","ocean_disable_heading":"default","ocean_post_title":"","ocean_post_subheading":"","ocean_post_title_style":"","ocean_post_title_background_color":"","ocean_post_title_background":0,"ocean_post_title_bg_image_position":"","ocean_post_title_bg_image_attachment":"","ocean_post_title_bg_image_repeat":"","ocean_post_title_bg_image_size":"","ocean_post_title_height":0,"ocean_post_title_bg_overlay":0.5,"ocean_post_title_bg_overlay_color":"","ocean_disable_breadcrumbs":"default","ocean_breadcrumbs_color":"","ocean_breadcrumbs_separator_color":"","ocean_breadcrumbs_links_color":"","ocean_breadcrumbs_links_hover_color":"","ocean_display_footer_widgets":"default","ocean_display_footer_bottom":"default","ocean_custom_footer_template":"0","ocean_post_oembed":"","ocean_post_self_hosted_media":"","ocean_post_video_embed":"","ocean_link_format":"","ocean_link_format_target":"self","ocean_quote_format":"","ocean_quote_format_link":"post","ocean_gallery_link_images":"off","ocean_gallery_id":[],"footnotes":""},"categories":[15,3,19,2],"tags":[407,365,408,406,404,1831],"class_list":["post-259","post","type-post","status-publish","format-standard","has-post-thumbnail","hentry","category-articles","category-ecologie","category-onu","category-politique","tag-bill-clinton","tag-blair","tag-g8","tag-kyoto","tag-rechauffement-climatique","tag-sommet-de-la-terre","entry","has-media"],"aioseo_notices":[],"language":"fr","_links":{"self":[{"href":"https:\/\/www.jcvignoli.com\/blog\/wp-json\/wp\/v2\/posts\/259","targetHints":{"allow":["GET"]}}],"collection":[{"href":"https:\/\/www.jcvignoli.com\/blog\/wp-json\/wp\/v2\/posts"}],"about":[{"href":"https:\/\/www.jcvignoli.com\/blog\/wp-json\/wp\/v2\/types\/post"}],"author":[{"embeddable":true,"href":"https:\/\/www.jcvignoli.com\/blog\/wp-json\/wp\/v2\/users\/1"}],"replies":[{"embeddable":true,"href":"https:\/\/www.jcvignoli.com\/blog\/wp-json\/wp\/v2\/comments?post=259"}],"version-history":[{"count":1,"href":"https:\/\/www.jcvignoli.com\/blog\/wp-json\/wp\/v2\/posts\/259\/revisions"}],"predecessor-version":[{"id":4740,"href":"https:\/\/www.jcvignoli.com\/blog\/wp-json\/wp\/v2\/posts\/259\/revisions\/4740"}],"wp:featuredmedia":[{"embeddable":true,"href":"https:\/\/www.jcvignoli.com\/blog\/wp-json\/wp\/v2\/media\/4739"}],"wp:attachment":[{"href":"https:\/\/www.jcvignoli.com\/blog\/wp-json\/wp\/v2\/media?parent=259"}],"wp:term":[{"taxonomy":"category","embeddable":true,"href":"https:\/\/www.jcvignoli.com\/blog\/wp-json\/wp\/v2\/categories?post=259"},{"taxonomy":"post_tag","embeddable":true,"href":"https:\/\/www.jcvignoli.com\/blog\/wp-json\/wp\/v2\/tags?post=259"}],"curies":[{"name":"wp","href":"https:\/\/api.w.org\/{rel}","templated":true}]}}