{"id":251,"date":"2007-05-25T19:26:30","date_gmt":"2007-05-25T17:26:30","guid":{"rendered":"http:\/\/www.ikiru.ch\/blog\/2007\/inegalite-face-au-rechauffement-climatique"},"modified":"2020-01-20T23:47:38","modified_gmt":"2020-01-21T04:47:38","slug":"inegalite-face-au-rechauffement-climatique","status":"publish","type":"post","link":"https:\/\/www.jcvignoli.com\/blog\/2007\/inegalite-face-au-rechauffement-climatique","title":{"rendered":"In\u00e9galit\u00e9 face au r\u00e9chauffement climatique"},"content":{"rendered":"<p style=\"text-align: left;\">Il n&rsquo;est nul besoin, heureusement, de revenir aujourd&rsquo;hui sur la r\u00e9alit\u00e9 du r\u00e9chauffement climatique \u00e0 l&rsquo;\u00e9chelle plan\u00e9taire. On se dispute encore quelque peu sur l&rsquo;ampleur de l&rsquo;augmentation des temp\u00e9ratures, les Chinois et les Etasuniens se battent pour que dans les rapports officiels soient nuanc\u00e9s certaines certitudes : des broutilles, en somme, on cherche \u00e0 gagner du temps avant de se lancer dans l&rsquo;in\u00e9luctable. Il est vrai que les chiffres avanc\u00e9s, constamment revus \u00e0 la hausse depuis une bonne dizaine d&rsquo;ann\u00e9es, ont de quoi faire fr\u00e9mir : 12 degr\u00e9s d&rsquo;ici un si\u00e8cle \u00e0 Madrid, c&rsquo;est le moment de se lancer dans l&rsquo;\u00e9levage de chameaux en Espagne.<\/p>\n<p>Des adaptations seront n\u00e9cessaires, cela ne fait plus aucun doute. Mais si les grands responsables du changement de temp\u00e9ratures sont les pays riches (et quelques pays moyennement d\u00e9velopp\u00e9s), les grands perdants seront les pays pauvres. Ce que les divers organismes scientifiques et \u00e9cologistes s&rsquo;\u00e9poumonent \u00e0 r\u00e9p\u00e9ter, avec un succ\u00e8s en demi-teinte depuis quelques mois, mais un succ\u00e8s tout de m\u00eame.<\/p>\n<p>La coop\u00e9ration internationale Nord-Sud devrait atteindre des niveaux in\u00e9gal\u00e9s, si l&rsquo;Occident souhaite s&rsquo;\u00e9pargner des catastrophes \u00e9conomiques et sociales. L&rsquo;heure est pourtant, au contraire du bon sens, \u00e0 la diminution : les budgets, nord de l&rsquo;Europe mis \u00e0 part, se voient r\u00e9duits continuellement. L&rsquo;Etat poursuit sont d\u00e9graissage, diminue son personnel, il rationalise : avec pour cons\u00e9quence de devoir faire avec moins beaucoup plus.<\/p>\n<p>Les pays du Sud, qui pour nombre d&rsquo;entre eux vont \u00eatre frapp\u00e9s de plein fouet par le bouleversement plan\u00e9taire, se demandent comment r\u00e9pondre aux d\u00e9fis futurs. L&rsquo;argent va immanquablement faire d\u00e9faut, et ce tr\u00e8s vite. Ordre de grandeur : les Pays-Bas, 16\u00e8me \u00e9conomie de la plan\u00e8te, s&rsquo;appr\u00eatent <a title=\"Les Pays-Bas anticipent la mont\u00e9e des eaux\" href=\"http:\/\/www.journaldelenvironnement.net\/fr\/document\/detail.asp?id=3314&amp;idThema=2&amp;idSousThema=9&amp;type=JDE&amp;ctx=259\">\u00e0 sur\u00e9lever la plus grande digue du pays<\/a> d&rsquo;ici 2020. Petit pays qui lutte depuis toujours contre l&rsquo;avanc\u00e9e de la mer, il envisage de d\u00e9bourser pas moins de 750 millions d&rsquo;Euros; c&rsquo;est une somme colossale, si elle est rapport\u00e9e aux \u00e9conomies du Sud.<\/p>\n<p>Cette somme \u00e0 elle seule repr\u00e9sente plus que le Produit int\u00e9rieur brut (PIB) de 26 pays de la plan\u00e8te <sup><a href=\"#footnote_0_251\" id=\"identifier_0_251\" class=\"footnote-link footnote-identifier-link\" title=\"Antigua and Barbuda, Bhutan, St. Lucia, Burundi, Guyana, Maldives, Djibouti, Seychelles, Liberia, Grenada, Gambia, St. Kitts and Nevis, St. Vincent and the Grenadines, Samoa, Comoros, Timor-Leste, Vanuatu, Guinea-Bissau, Solomon Islands, Dominica, Micronesia, Tonga, Palau, Marshall Islands, Kiribati, Sao Tome and Principe\">[1]<\/a><\/sup>. Cette somme encore, c&rsquo;est le 20 % du PIB de la Papouasie Nouvelle-Guin\u00e9e, du Nicaragua ou de Ha\u00efti; 30 % des Barbades, 33 % des Fiji, ou encore 95 % du Cap Vert. Ce sont des pour la plupart de petits pays, certes, pour lesquels on ne s&rsquo;attendrait pas \u00e0 voir une \u00e9conomie beaucoup plus d\u00e9velopp\u00e9e dans le pr\u00e9sent comme dans le futur&#8230; et c&rsquo;est l\u00e0 que le bas blesse : pour la majorit\u00e9, il s&rsquo;agit d&rsquo;\u00eeles, ou de pays bord\u00e9s de mers, et seront les premiers \u00e0 devoir faire face \u00e0 l&rsquo;une des nombreuses cons\u00e9quences du r\u00e9chauffement climatique : la mont\u00e9e des eaux.<\/p>\n<p>Pour s&rsquo;adapter, il faudra de l&rsquo;argent : et il se trouve que la majorit\u00e9 des pays pauvres, qui n&rsquo;ont pas \u00ab\u00a0profit\u00e9\u00a0\u00bb de la pollution industrielle, vont \u00ab\u00a0profiter\u00a0\u00bb des cons\u00e9quences de celle-ci. Plus que jamais, il va s&rsquo;agir de renforcer la coop\u00e9ration internationale entre le Nord et le Sud. Si le Nord, qui se transforme progressivement en forteresse herm\u00e9tique \u00e0 l&rsquo;immigration, et ne veut pas se voir d\u00e9bord\u00e9 par les r\u00e9fugi\u00e9s climatiques, il est urgent d&rsquo;investir dans la coop\u00e9ration internationale et de venir en aide au pays du Sud. La Suisse investit moins d&rsquo;un milliard d&rsquo;euros <sup><a href=\"#footnote_1_251\" id=\"identifier_1_251\" class=\"footnote-link footnote-identifier-link\" title=\"Soit 0,35 % de son PIB, la moiti&eacute; du taux de l&rsquo;aide au d&eacute;veloppement demand&eacute; par l&rsquo;ONU aux pays industrialis&eacute;s\">[2]<\/a><\/sup> dans ses actions dans le monde en d\u00e9veloppement; c&rsquo;est \u00e0 peine de quoi se payer un renforcement de digue aux Pays-Bas. Si le r\u00e9chauffement est attendu, les mouvements de populations risque bien d&rsquo;\u00eatre tout aussi in\u00e9vitable.<\/p>\n<div class=\"footnotes-made-easy-header\"><div class=\"footnote_container_prepare\">\n<p>R\u00e9f\u00e9rences<\/p>\n<\/div>\n<\/div><ol class=\"footnotes\"><li id=\"footnote_0_251\" class=\"footnote\"> Antigua and Barbuda, Bhutan, St. Lucia, Burundi, Guyana, Maldives, Djibouti, Seychelles, Liberia, Grenada, Gambia, St. Kitts and Nevis, St. Vincent and the Grenadines, Samoa, Comoros, Timor-Leste, Vanuatu, Guinea-Bissau, Solomon Islands, Dominica, Micronesia, Tonga, Palau, Marshall Islands, Kiribati, Sao Tome and Principe <span class=\"footnote-back-link-wrapper\"><span class=\"fme-pre-backlink\">[<\/span><a href=\"https:\/\/www.jcvignoli.com\/blog\/2007\/inegalite-face-au-rechauffement-climatique#identifier_0_251\" class=\"footnote-link footnote-back-link\" title=\"Jump back to text\" aria-label=\"Jump back to text\">\u21a9<\/a><span class=\"fme-pre-backlink\">]<\/span><\/span><\/li><li id=\"footnote_1_251\" class=\"footnote\"> Soit 0,35 % de son PIB, la moiti\u00e9 du taux de l&rsquo;aide au d\u00e9veloppement demand\u00e9 par l&rsquo;ONU aux pays industrialis\u00e9s <span class=\"footnote-back-link-wrapper\"><span class=\"fme-pre-backlink\">[<\/span><a href=\"https:\/\/www.jcvignoli.com\/blog\/2007\/inegalite-face-au-rechauffement-climatique#identifier_1_251\" class=\"footnote-link footnote-back-link\" title=\"Jump back to text\" aria-label=\"Jump back to text\">\u21a9<\/a><span class=\"fme-pre-backlink\">]<\/span><\/span><\/li><\/ol><div class=\"pld-like-dislike-wrap pld-template-1\">\r\n    <div class=\"pld-like-wrap  pld-common-wrap\">\r\n    <a href=\"javascript:void(0)\" class=\"pld-like-trigger pld-like-dislike-trigger  \" title=\"Super article!\" data-post-id=\"251\" data-trigger-type=\"like\" data-restriction=\"cookie\" data-already-liked=\"0\">\r\n                        <i class=\"fas fa-thumbs-up\"><\/i>\r\n                <\/a>\r\n    <span class=\"pld-like-count-wrap pld-count-wrap\">0    <\/span>\r\n<\/div><div class=\"pld-dislike-wrap  pld-common-wrap\">\r\n    <a href=\"javascript:void(0)\" class=\"pld-dislike-trigger pld-like-dislike-trigger  \" title=\"Pas terrible...\" data-post-id=\"251\" data-trigger-type=\"dislike\" data-restriction=\"cookie\" data-already-liked=\"0\">\r\n                        <i class=\"fas fa-thumbs-down\"><\/i>\r\n                <\/a>\r\n    <span class=\"pld-dislike-count-wrap pld-count-wrap\">0<\/span>\r\n<\/div><\/div>","protected":false},"excerpt":{"rendered":"<p>Il n&rsquo;est nul besoin, heureusement, de revenir aujourd&rsquo;hui sur la r\u00e9alit\u00e9 du r\u00e9chauffement climatique \u00e0 l&rsquo;\u00e9chelle plan\u00e9taire. On se dispute encore quelque peu sur l&rsquo;ampleur de l&rsquo;augmentation des temp\u00e9ratures, les Chinois et les Etasuniens se battent pour que dans les rapports officiels soient nuanc\u00e9s certaines certitudes : des broutilles, en somme, on cherche \u00e0 gagner [&hellip;]<\/p>\n","protected":false},"author":1,"featured_media":0,"comment_status":"open","ping_status":"open","sticky":false,"template":"","format":"standard","meta":{"ocean_post_layout":"","ocean_both_sidebars_style":"","ocean_both_sidebars_content_width":0,"ocean_both_sidebars_sidebars_width":0,"ocean_sidebar":"","ocean_second_sidebar":"","ocean_disable_margins":"enable","ocean_add_body_class":"","ocean_shortcode_before_top_bar":"","ocean_shortcode_after_top_bar":"","ocean_shortcode_before_header":"","ocean_shortcode_after_header":"","ocean_has_shortcode":"","ocean_shortcode_after_title":"","ocean_shortcode_before_footer_widgets":"","ocean_shortcode_after_footer_widgets":"","ocean_shortcode_before_footer_bottom":"","ocean_shortcode_after_footer_bottom":"","ocean_display_top_bar":"default","ocean_display_header":"default","ocean_header_style":"","ocean_center_header_left_menu":"","ocean_custom_header_template":"","ocean_custom_logo":0,"ocean_custom_retina_logo":0,"ocean_custom_logo_max_width":0,"ocean_custom_logo_tablet_max_width":0,"ocean_custom_logo_mobile_max_width":0,"ocean_custom_logo_max_height":0,"ocean_custom_logo_tablet_max_height":0,"ocean_custom_logo_mobile_max_height":0,"ocean_header_custom_menu":"","ocean_menu_typo_font_family":"","ocean_menu_typo_font_subset":"","ocean_menu_typo_font_size":0,"ocean_menu_typo_font_size_tablet":0,"ocean_menu_typo_font_size_mobile":0,"ocean_menu_typo_font_size_unit":"px","ocean_menu_typo_font_weight":"","ocean_menu_typo_font_weight_tablet":"","ocean_menu_typo_font_weight_mobile":"","ocean_menu_typo_transform":"","ocean_menu_typo_transform_tablet":"","ocean_menu_typo_transform_mobile":"","ocean_menu_typo_line_height":0,"ocean_menu_typo_line_height_tablet":0,"ocean_menu_typo_line_height_mobile":0,"ocean_menu_typo_line_height_unit":"","ocean_menu_typo_spacing":0,"ocean_menu_typo_spacing_tablet":0,"ocean_menu_typo_spacing_mobile":0,"ocean_menu_typo_spacing_unit":"","ocean_menu_link_color":"","ocean_menu_link_color_hover":"","ocean_menu_link_color_active":"","ocean_menu_link_background":"","ocean_menu_link_hover_background":"","ocean_menu_link_active_background":"","ocean_menu_social_links_bg":"","ocean_menu_social_hover_links_bg":"","ocean_menu_social_links_color":"","ocean_menu_social_hover_links_color":"","ocean_disable_title":"default","ocean_disable_heading":"default","ocean_post_title":"","ocean_post_subheading":"","ocean_post_title_style":"","ocean_post_title_background_color":"","ocean_post_title_background":0,"ocean_post_title_bg_image_position":"","ocean_post_title_bg_image_attachment":"","ocean_post_title_bg_image_repeat":"","ocean_post_title_bg_image_size":"","ocean_post_title_height":0,"ocean_post_title_bg_overlay":0.5,"ocean_post_title_bg_overlay_color":"","ocean_disable_breadcrumbs":"default","ocean_breadcrumbs_color":"","ocean_breadcrumbs_separator_color":"","ocean_breadcrumbs_links_color":"","ocean_breadcrumbs_links_hover_color":"","ocean_display_footer_widgets":"default","ocean_display_footer_bottom":"default","ocean_custom_footer_template":"","ocean_post_oembed":"","ocean_post_self_hosted_media":"","ocean_post_video_embed":"","ocean_link_format":"","ocean_link_format_target":"self","ocean_quote_format":"","ocean_quote_format_link":"post","ocean_gallery_link_images":"on","ocean_gallery_id":[],"footnotes":""},"categories":[3,2],"tags":[1832,404],"class_list":["post-251","post","type-post","status-publish","format-standard","hentry","category-ecologie","category-politique","tag-cooperation-internationale","tag-rechauffement-climatique","entry"],"aioseo_notices":[],"language":"fr","_links":{"self":[{"href":"https:\/\/www.jcvignoli.com\/blog\/wp-json\/wp\/v2\/posts\/251","targetHints":{"allow":["GET"]}}],"collection":[{"href":"https:\/\/www.jcvignoli.com\/blog\/wp-json\/wp\/v2\/posts"}],"about":[{"href":"https:\/\/www.jcvignoli.com\/blog\/wp-json\/wp\/v2\/types\/post"}],"author":[{"embeddable":true,"href":"https:\/\/www.jcvignoli.com\/blog\/wp-json\/wp\/v2\/users\/1"}],"replies":[{"embeddable":true,"href":"https:\/\/www.jcvignoli.com\/blog\/wp-json\/wp\/v2\/comments?post=251"}],"version-history":[{"count":0,"href":"https:\/\/www.jcvignoli.com\/blog\/wp-json\/wp\/v2\/posts\/251\/revisions"}],"wp:attachment":[{"href":"https:\/\/www.jcvignoli.com\/blog\/wp-json\/wp\/v2\/media?parent=251"}],"wp:term":[{"taxonomy":"category","embeddable":true,"href":"https:\/\/www.jcvignoli.com\/blog\/wp-json\/wp\/v2\/categories?post=251"},{"taxonomy":"post_tag","embeddable":true,"href":"https:\/\/www.jcvignoli.com\/blog\/wp-json\/wp\/v2\/tags?post=251"}],"curies":[{"name":"wp","href":"https:\/\/api.w.org\/{rel}","templated":true}]}}