{"id":237,"date":"2007-04-10T22:00:15","date_gmt":"2007-04-10T20:00:15","guid":{"rendered":"http:\/\/www.ikiru.ch\/blog\/2007\/rwanda-un-genocide-deja-oublie"},"modified":"2020-03-03T13:38:21","modified_gmt":"2020-03-03T18:38:21","slug":"rwanda-un-genocide-deja-oublie","status":"publish","type":"post","link":"https:\/\/www.jcvignoli.com\/blog\/2007\/rwanda-un-genocide-deja-oublie","title":{"rendered":"Rwanda, un g\u00e9nocide d\u00e9j\u00e0 oubli\u00e9"},"content":{"rendered":"<p>Dans l&rsquo;indiff\u00e9rence romande la plus totale, la 13\u00e8me comm\u00e9moration du g\u00e9nocide rwandais a eu lieu en Suisse. Aucun des grands journaux de la partie francophone de l&rsquo;Helv\u00e9tie n&rsquo;a \u00e0 ma connaissance accord\u00e9 la moindre ligne au terrible souvenir du massacre qui a vu 800&rsquo;000 Tutsis et 200&rsquo;000 Hutus p\u00e9rir dans un bain de sang au Rwanda, en 1994. Le soir du 6 avril de cette ann\u00e9e, l&rsquo;avion du pr\u00e9sident Juv\u00e9nal Habyarimana \u00e9tait abattu, entra\u00eenant le pays dans le chaos. Dans les deux jours qui suivent, les tueries commenc\u00e8rent \u00e0 s&rsquo;organiser pour devenir le plus grand g\u00e9nocide depuis la Seconde Guerre Mondiale, et peut-\u00eatre le seul qui ait eu cette proximit\u00e9 entre bourreau et victimes : quel que soit le c\u00f4t\u00e9 de la machette o\u00f9 qu&rsquo;on se soit trouv\u00e9, on se connaissait, on vivait ensemble tous les jours.<\/p>\n<p>Silence assourdissant en cette journ\u00e9e de recueillement, qui n&rsquo;est pas sans rappeler celui qui plana lors du g\u00e9nocide lui-m\u00eame parmi les grandes puissances. La section suisse de l&rsquo;association <a title=\"site web Ibuka\" href=\"http:\/\/www.ibuka.ch\/\">Ibuka<\/a> a pourtant pr\u00e9sent\u00e9 dans la ville de Lausanne un programme de choix, avec l&rsquo;allocution de l&rsquo;ambassadrice du Rwanda en Suisse et des t\u00e9moignages crois\u00e9s avec des Arm\u00e9niens (le premier g\u00e9nocide du XX\u00e8me si\u00e8cle). Mais rien n&rsquo;y fait, le g\u00e9nocide rwandais n&rsquo;attire pas les foules helv\u00e9tiques; trop loin (dans le temps et l&rsquo;espace), trop d&rsquo;actualit\u00e9 (les derni\u00e8res frasques des <em>people<\/em>), trop de m\u00e9connaissance parmi les journalistes pour traiter du sujet, le sujet est peut-\u00eatre aussi trop n\u00e8gre. Alert\u00e9s sur l&rsquo;imminence de la comm\u00e9moration, les journalistes se sont d\u00e9clar\u00e9s potentiellement int\u00e9ress\u00e9s, mais \u00e0 l&rsquo;arriv\u00e9e, il semble que les choix en r\u00e9daction se soient port\u00e9s sur le local, le bancal. Encore et toujours le nombril, cela \u00e9vite d&rsquo;avoir \u00e0 lever la t\u00eate.<\/p>\n<p>Heureusement pour nous, ce ne sont pas les journalistes qui font l&rsquo;actualit\u00e9. Le Secr\u00e9taire g\u00e9n\u00e9ral des Nations Unies <a title=\"Remembering Rwanda, Ban Ki-moon calls for global partnership against genocide\" href=\"https:\/\/web.archive.org\/web\/20080608095615\/http:\/\/www.un.org:80\/apps\/news\/story.asp?NewsID=22160&amp;Cr=rwanda&amp;Cr1=genocide\">Ban Ki-moon a appel\u00e9<\/a> le 9 avril &#8211; \u00e0 13 ans pr\u00e8s, le jour \u00ab\u00a0officiel\u00a0\u00bb du d\u00e9marrage du carnage &#8211; \u00e0 un \u00ab\u00a0partenariat global contre le g\u00e9nocide\u00a0\u00bb, pour que de tels crimes ne se reproduisent plus.<\/p>\n<p>Mesure annonc\u00e9e : la place de rapporteur sp\u00e9cial pour la pr\u00e9vention de g\u00e9nocide sera transform\u00e9e en poste \u00e0 plein temps. En langage onusien, cela signifie la cr\u00e9ation d&rsquo;un service consacr\u00e9 \u00e0 la pr\u00e9vention de g\u00e9nocide : l&rsquo;ONU qui tend de telle mani\u00e8re le b\u00e2ton aux USA pour se faire battre, cela frise le masochisme institutionnel.<\/p>\n<p>Au sein d&rsquo;une d\u00e9claration somme toute tr\u00e8s consensuelle, M. Ban a d\u00e9clar\u00e9 que \u00ab\u00a0tout le monde a un r\u00f4le \u00e0 jouer : les gouvernements, les <strong>m\u00e9dias<\/strong>, la soci\u00e9t\u00e9 civile et ses organisations, les groupes religieux, et chacun d&rsquo;entre nous\u00a0\u00bb. En effet, rappelons que les m\u00e9dias ont jou\u00e9 un r\u00f4le \u00e9minent dans l&rsquo;appel au meurtre lors du g\u00e9nocide rwandais &#8211; notamment la radio \u00ab\u00a0Mille collines\u00a0\u00bb, tristement c\u00e9l\u00e8bre.<\/p>\n<p>A croire qu&rsquo;on entend trop ceux qui devraient se taire, et que ceux qu&rsquo;on devrait entendre restent coi.<\/p>\n<div class=\"pld-like-dislike-wrap pld-template-1\">\r\n    <div class=\"pld-like-wrap  pld-common-wrap\">\r\n    <a href=\"javascript:void(0)\" class=\"pld-like-trigger pld-like-dislike-trigger  \" title=\"Super article!\" data-post-id=\"237\" data-trigger-type=\"like\" data-restriction=\"cookie\" data-already-liked=\"0\">\r\n                        <i class=\"fas fa-thumbs-up\"><\/i>\r\n                <\/a>\r\n    <span class=\"pld-like-count-wrap pld-count-wrap\">0    <\/span>\r\n<\/div><div class=\"pld-dislike-wrap  pld-common-wrap\">\r\n    <a href=\"javascript:void(0)\" class=\"pld-dislike-trigger pld-like-dislike-trigger  \" title=\"Pas terrible...\" data-post-id=\"237\" data-trigger-type=\"dislike\" data-restriction=\"cookie\" data-already-liked=\"0\">\r\n                        <i class=\"fas fa-thumbs-down\"><\/i>\r\n                <\/a>\r\n    <span class=\"pld-dislike-count-wrap pld-count-wrap\">0<\/span>\r\n<\/div><\/div>","protected":false},"excerpt":{"rendered":"<p>Dans l&rsquo;indiff\u00e9rence romande la plus totale, la 13\u00e8me comm\u00e9moration du g\u00e9nocide rwandais a eu lieu en Suisse. Aucun des grands journaux de la partie francophone de l&rsquo;Helv\u00e9tie n&rsquo;a \u00e0 ma connaissance accord\u00e9 la moindre ligne au terrible souvenir du massacre qui a vu 800&rsquo;000 Tutsis et 200&rsquo;000 Hutus p\u00e9rir dans un bain de sang au [&hellip;]<\/p>\n","protected":false},"author":1,"featured_media":0,"comment_status":"open","ping_status":"open","sticky":false,"template":"","format":"standard","meta":{"ocean_post_layout":"","ocean_both_sidebars_style":"","ocean_both_sidebars_content_width":0,"ocean_both_sidebars_sidebars_width":0,"ocean_sidebar":"","ocean_second_sidebar":"","ocean_disable_margins":"enable","ocean_add_body_class":"","ocean_shortcode_before_top_bar":"","ocean_shortcode_after_top_bar":"","ocean_shortcode_before_header":"","ocean_shortcode_after_header":"","ocean_has_shortcode":"","ocean_shortcode_after_title":"","ocean_shortcode_before_footer_widgets":"","ocean_shortcode_after_footer_widgets":"","ocean_shortcode_before_footer_bottom":"","ocean_shortcode_after_footer_bottom":"","ocean_display_top_bar":"default","ocean_display_header":"default","ocean_header_style":"","ocean_center_header_left_menu":"","ocean_custom_header_template":"","ocean_custom_logo":0,"ocean_custom_retina_logo":0,"ocean_custom_logo_max_width":0,"ocean_custom_logo_tablet_max_width":0,"ocean_custom_logo_mobile_max_width":0,"ocean_custom_logo_max_height":0,"ocean_custom_logo_tablet_max_height":0,"ocean_custom_logo_mobile_max_height":0,"ocean_header_custom_menu":"","ocean_menu_typo_font_family":"","ocean_menu_typo_font_subset":"","ocean_menu_typo_font_size":0,"ocean_menu_typo_font_size_tablet":0,"ocean_menu_typo_font_size_mobile":0,"ocean_menu_typo_font_size_unit":"px","ocean_menu_typo_font_weight":"","ocean_menu_typo_font_weight_tablet":"","ocean_menu_typo_font_weight_mobile":"","ocean_menu_typo_transform":"","ocean_menu_typo_transform_tablet":"","ocean_menu_typo_transform_mobile":"","ocean_menu_typo_line_height":0,"ocean_menu_typo_line_height_tablet":0,"ocean_menu_typo_line_height_mobile":0,"ocean_menu_typo_line_height_unit":"","ocean_menu_typo_spacing":0,"ocean_menu_typo_spacing_tablet":0,"ocean_menu_typo_spacing_mobile":0,"ocean_menu_typo_spacing_unit":"","ocean_menu_link_color":"","ocean_menu_link_color_hover":"","ocean_menu_link_color_active":"","ocean_menu_link_background":"","ocean_menu_link_hover_background":"","ocean_menu_link_active_background":"","ocean_menu_social_links_bg":"","ocean_menu_social_hover_links_bg":"","ocean_menu_social_links_color":"","ocean_menu_social_hover_links_color":"","ocean_disable_title":"default","ocean_disable_heading":"default","ocean_post_title":"","ocean_post_subheading":"","ocean_post_title_style":"","ocean_post_title_background_color":"","ocean_post_title_background":0,"ocean_post_title_bg_image_position":"","ocean_post_title_bg_image_attachment":"","ocean_post_title_bg_image_repeat":"","ocean_post_title_bg_image_size":"","ocean_post_title_height":0,"ocean_post_title_bg_overlay":0.5,"ocean_post_title_bg_overlay_color":"","ocean_disable_breadcrumbs":"default","ocean_breadcrumbs_color":"","ocean_breadcrumbs_separator_color":"","ocean_breadcrumbs_links_color":"","ocean_breadcrumbs_links_hover_color":"","ocean_display_footer_widgets":"default","ocean_display_footer_bottom":"default","ocean_custom_footer_template":"","ocean_post_oembed":"","ocean_post_self_hosted_media":"","ocean_post_video_embed":"","ocean_link_format":"","ocean_link_format_target":"self","ocean_quote_format":"","ocean_quote_format_link":"post","ocean_gallery_link_images":"on","ocean_gallery_id":[],"footnotes":""},"categories":[506,2,17],"tags":[388,303,57,387,35],"class_list":["post-237","post","type-post","status-publish","format-standard","hentry","category-droits-humains","category-politique","category-suisse","tag-ban-ki-moon","tag-droit-homme","tag-genocide","tag-ibuka","tag-rwanda","entry"],"aioseo_notices":[],"language":"fr","_links":{"self":[{"href":"https:\/\/www.jcvignoli.com\/blog\/wp-json\/wp\/v2\/posts\/237","targetHints":{"allow":["GET"]}}],"collection":[{"href":"https:\/\/www.jcvignoli.com\/blog\/wp-json\/wp\/v2\/posts"}],"about":[{"href":"https:\/\/www.jcvignoli.com\/blog\/wp-json\/wp\/v2\/types\/post"}],"author":[{"embeddable":true,"href":"https:\/\/www.jcvignoli.com\/blog\/wp-json\/wp\/v2\/users\/1"}],"replies":[{"embeddable":true,"href":"https:\/\/www.jcvignoli.com\/blog\/wp-json\/wp\/v2\/comments?post=237"}],"version-history":[{"count":0,"href":"https:\/\/www.jcvignoli.com\/blog\/wp-json\/wp\/v2\/posts\/237\/revisions"}],"wp:attachment":[{"href":"https:\/\/www.jcvignoli.com\/blog\/wp-json\/wp\/v2\/media?parent=237"}],"wp:term":[{"taxonomy":"category","embeddable":true,"href":"https:\/\/www.jcvignoli.com\/blog\/wp-json\/wp\/v2\/categories?post=237"},{"taxonomy":"post_tag","embeddable":true,"href":"https:\/\/www.jcvignoli.com\/blog\/wp-json\/wp\/v2\/tags?post=237"}],"curies":[{"name":"wp","href":"https:\/\/api.w.org\/{rel}","templated":true}]}}