{"id":236,"date":"2007-04-07T14:25:44","date_gmt":"2007-04-07T12:25:44","guid":{"rendered":"http:\/\/www.ikiru.ch\/blog\/2007\/une-face-meconnue-du-nucleaire"},"modified":"2020-01-26T22:50:06","modified_gmt":"2020-01-27T03:50:06","slug":"une-face-meconnue-du-nucleaire","status":"publish","type":"post","link":"https:\/\/www.jcvignoli.com\/blog\/2007\/une-face-meconnue-du-nucleaire","title":{"rendered":"Une face m\u00e9connue du nucl\u00e9aire"},"content":{"rendered":"<p>Le d\u00e9bat autour du nucl\u00e9aire bat son plein : le r\u00e9chauffement climatique annonc\u00e9 am\u00e8ne des pays autrefois peu enthousiastes vis-\u00e0-vis du nucl\u00e9aire, \u00e0 l&rsquo;envisager \u00e0 tout crin, comme la solution id\u00e9ale \u00e0 tous les d\u00e9fis que posent le r\u00e9chauffement climatique et l&rsquo;augmentation de la demande \u00e9nerg\u00e9tique. Dans une vingtaine d&rsquo;ann\u00e9es, le <a href=\"\/blog\/2007\/loption-nucleaire-communique-des-verts-suisses\">nombre de centrales nucl\u00e9aires devrait doubler<\/a>. Si certains aspects de la production nucl\u00e9aire sont abondamment discut\u00e9s, d&rsquo;autres le sont beaucoup moins, comme les conditions dans lesquelles sont extraites les ressources nucl\u00e9aires.<\/p>\n<h3>Les aspects les plus connus du nucl\u00e9aire : d\u00e9chets radioactifs pour des mill\u00e9naires<\/h3>\n<p><a href=\"https:\/\/www.jcvignoli.com\/blog\/wp-content\/uploads\/centrale-temelin-france.jpg\"><img loading=\"lazy\" decoding=\"async\" class=\"alignleft wp-image-1996 size-thumbnail\" src=\"https:\/\/www.jcvignoli.com\/blog\/wp-content\/uploads\/centrale-temelin-france-150x150.jpg\" alt=\"centrale nucl\u00e9aire temelin en france\" width=\"150\" height=\"150\" \/><\/a>Le nucl\u00e9aire serait devenu une \u00e9nergie durable, \u00e0 en croire un lobby du nucl\u00e9aire ( \u00ab\u00a0Selon des \u00e9tudes des deux Ecoles polytechniques f\u00e9d\u00e9rales et de l&rsquo;Institut Paul-Scherrer, l&rsquo;\u00e9nergie nucl\u00e9aire remplit les crit\u00e8res du d\u00e9veloppement durable\u00a0\u00bb, explique le <a title=\"le d\u00e9veloppement durable vu par les centrales nucl\u00e9aires\" href=\"http:\/\/www.kkg.ch\/Portrait_neu2.cfm?job=9393730&amp;fsee=1\">service de communication<\/a> de la centrale nucl\u00e9aire de G\u00f6sgen en Suisse). La quantit\u00e9 d&rsquo;uranium (mati\u00e8re premi\u00e8re de la fission nucl\u00e9aire) est limit\u00e9e, les d\u00e9chets tr\u00e8s actifs sont trimball\u00e9s vers des sites de retraitement pour ne devenir \u00ab\u00a0que\u00a0\u00bb actifs, et finir enfouis dans nos sols, et l&rsquo;on ose parler de d\u00e9veloppement durable ? Sans parler, bien s\u00fbr, des risques d&rsquo;explosions nucl\u00e9aire, qu&rsquo;on ne peut jamais totalement \u00e9vacuer de nos consciences; le d\u00e9veloppement durable, c&rsquo;est pouvoir mettre en oeuvre une politique capable de d\u00e9passer le temps de validit\u00e9 des mandats \u00e9lectoraux, et ne pas devoir tout remettre en cause (par exemple) parce que des fuites sont constat\u00e9es dans une rivi\u00e8re, ou que des tremblements de terre font ressortir des fragments des d\u00e9chets enfouis, ou qu&rsquo;un train les transportant se renverse; l&rsquo;\u00e9num\u00e9ration pourrait \u00eatre longue.<\/p>\n<p>Lorsqu&rsquo;on se penche sur le sujet, l&rsquo;hypocrisie du d\u00e9bat, que les lobbies du nucl\u00e9aire voudraient pouvoir r\u00e9duire aux tenants \u00ab\u00a0d&rsquo;un discours pass\u00e9iste\u00a0\u00bb aux \u00ab\u00a0gens qui vivent avec leur temps\u00a0\u00bb, a de quoi \u00e9tonner par son ampleur. En Suisse, le 18 mai 2003, le peuple souverain rejetait en votation populaire un nouveau moratoire de 10 ans sur la construction de toute nouvelle centrale atomique. Un signal fort, accentu\u00e9 par le <a href=\"http:\/\/www.admin.ch\/ch\/f\/pore\/va\/20030518\/det502.html\">caract\u00e8re massif du refus<\/a> (presque 60%), envers les lobbies et les pouvoirs publics : les Helv\u00e8tes veulent cette \u00e9nergie vant\u00e9e \u00ab\u00a0bon march\u00e9, peu polluante et sans risques\u00a0\u00bb. Les politiques en ont pris acte, et prennent les mesures en cons\u00e9quences : chercher \u00e0 stocker les tonnes de d\u00e9chets de cette \u00e9nergie \u00ab\u00a0peu polluante\u00a0\u00bb, produite d\u00e9j\u00e0 par 5 centrales nucl\u00e9aires (Beznau I et II, Leibstadt, G\u00f6sgen et M\u00fchleberg) dans notre montagneux pays.<\/p>\n<p>C&rsquo;est l\u00e0 que le double discours agace : le nucl\u00e9aire, c&rsquo;est tr\u00e8s bien, tant que les d\u00e9chets vont chez les autres. La panique de Tchernobyl semble \u00eatre pass\u00e9e, mais pas celle de La Hague. La France est au coeur de scandales li\u00e9s aux trains transportant des quantit\u00e9s invraisemblables de d\u00e9chets issus de la fission nucl\u00e9aire, puisqu&rsquo;elle envoie aux quatre coins de la plan\u00e8te ses polluants d\u00e9tritus, les important, les retraitant et les exportant. Sans parler des d\u00e9chets qu&rsquo;elle pr\u00e9f\u00e8re faire retraiter pour moins cher, comme les portes-avions \u00e0 l&rsquo;amiante. Ces d\u00e9cisions, prises par les hauts fonctionnaires, ont \u00e9t\u00e9 fortement critiqu\u00e9s par les m\u00e9dias et la population hexagonale. En Suisse, les communes, les unes apr\u00e8s les autres, refusent d&rsquo;accueillir sur leur terrain les d\u00e9chets. Car lorsqu&rsquo;il s&rsquo;agit de faire face aux cons\u00e9quences directes de la production \u00e9nerg\u00e9tique atomique, en France comme en Suisse, tout le monde pr\u00e9f\u00e8re pousser sous le tapis les d\u00e9chets &#8211; pour autant qu&rsquo;il s&rsquo;agisse du tapis des autres. Ainsi les communes d&rsquo;Ollon (VD) et surtout Wellenberg (NW) avaient refus\u00e9 par voie populaire d&rsquo;accueillir tout ou une partie des 81 000 kg de d\u00e9chets annuels suisses. Apportons quelques pr\u00e9cisions dans le cas de cette derni\u00e8re commune : les citoyens du canton, qui refuseront par la suite le moratoire \u00e0 hauteur de 64.2% d&rsquo;opinions d\u00e9favorables, s&rsquo;\u00e9taient prononc\u00e9s le 22 septembre 2002 \u00e0 57,5% contre l&rsquo;id\u00e9e de devenir la poubelle nucl\u00e9aire de la Suisse &#8211; et ce, pour la deuxi\u00e8me fois. En somme, le canton veut du nucl\u00e9aire, mais pas faire face \u00e0 ses cons\u00e9quences; pratique comme position, mais pas \u00e9vidente \u00e0 d\u00e9fendre.<\/p>\n<p>Indiquons aussi que ces angoisse ont de quoi \u00eatre aliment\u00e9es par l&rsquo;amateurisme des r\u00e9ponses donn\u00e9es par la NAGRA (l&rsquo;organisme suisse charg\u00e9 des d\u00e9chets nucl\u00e9aires, une fois pass\u00e9s par les centres de retraitement), qui veut enfouir les d\u00e9chets au plus profond des sols helv\u00e9tiques. Le probl\u00e8me, c&rsquo;est que les sols ne sont pas stables, que les forces qui l&rsquo;agitent peuvent briser les maigres protections install\u00e9es autour des d\u00e9chets encore radioactifs, et que comme l&rsquo;explique la <a title=\"Cherchons zensemble un site pour nos d\u00e9chets nucl\u00e9aires\u2026\" href=\"http:\/\/cath.wordpress.com\/2007\/01\/30\/cherchons-zensemble-un-site-pour-nos-dechets-nucleaires\/\">g\u00e9ologue Catherine Martinson<\/a>, car quand bien m\u00eame des sites s\u00fbrs seraient trouv\u00e9s, \u00ab\u00a0les entrep\u00f4ts [de stockage de d\u00e9chets nucl\u00e9aires] finissent par se d\u00e9grader, les eaux [par s]&rsquo;infiltrer, le b\u00e9ton [par] se d\u00e9sagr\u00e9ger\u00a0\u00bb.<\/p>\n<p>Les d\u00e9chets c&rsquo;est pas dangereux (selon les lobbies nucl\u00e9aires), mais on ne les veut pas chez nous (selon la population); soit, ce sujet a d\u00e9j\u00e0 amplement \u00e9t\u00e9 d\u00e9battu en Helv\u00e9tie, pas assez en France, et fera l&rsquo;objet d&rsquo;une intense pol\u00e9mique ces prochaines ann\u00e9es un peu partout dans le monde. Mais si la dangerosit\u00e9 de ce qui est en aval de la centrale est l&rsquo;aspect le plus abord\u00e9 du th\u00e8me, l&rsquo;amont en est quelque peu n\u00e9glig\u00e9; qu&rsquo;en est-il de l&rsquo;approvisionnement en uranium ? O\u00f9 sont les ressources en mat\u00e9riaux fissibles, dans quelles conditions sont extraites les mati\u00e8res premi\u00e8res ?<\/p>\n<h3>Les aspects moins connus du nucl\u00e9aire : les Noirs, \u00e7a ne compte pas vraiment<\/h3>\n<p>Les dirigeants d&rsquo;Areva, la plus grande entreprise au monde travaillant pour l&rsquo;\u00e9nergie nucl\u00e9aire, ne reculent devant rien pour vanter la propret\u00e9 de leur production \u00e9nerg\u00e9tique; le probl\u00e8me, c&rsquo;est qu&rsquo;ils ne reculent devant rien non plus pour produire cette \u00e9nergie. Un <img decoding=\"async\" src=\"\/blog\/wp-content\/images\/pdf.gif\" alt=\"pdf file\" height=\"16\" \/><a href=\"\/blog\/wp-content\/files\/Areva_Sherpa_Niger_Arlit.pdf\">rapport sur l&rsquo;extraction d&rsquo;uranium au Niger et au Gabon<\/a> de l&rsquo;\u00e9quipe de juriste <a href=\"http:\/\/association.sherpa.free.fr\/index.html\">Sherpa<\/a> (en collaboration avec M\u00e9decins du monde et Criirad) est \u00e0 ce titre \u00e9difiant : n&rsquo;h\u00e9sitant pas \u00e0 laisser les mineurs travailler sans aucune protection, leur mentant par omission sur les risques encourus, ou encore trafiquant les rapports, les proc\u00e9d\u00e9s utilis\u00e9s rappellent ceux de n&rsquo;importe quel petit groupe mafieux local. Selon l&rsquo;enqu\u00eate, 283 travailleurs du site de Mounana font actuellement \u00e9tat de probl\u00e8mes pulmonaires, soit plus de 50% des salari\u00e9s. Ce rapport, qui fait suite \u00e0 une enqu\u00eate similaire men\u00e9e en 2005 \u00e0 Arlit, au Niger, d\u00e9nonce \u00ab\u00a0de graves manquements aux obligations \u00e9l\u00e9mentaires de l&rsquo;entreprise en mati\u00e8re de formation et de pr\u00e9vention des risques propres \u00e0 l&rsquo;exploitation de l&rsquo;uranium\u00a0\u00bb.<\/p>\n<p>L&rsquo;association Sherpa dit \u00e0 pr\u00e9sent disposer de tous les \u00e9l\u00e9ments n\u00e9cessaires pour engager une action en justice contre AREVA. David contre Goliath, reste \u00e0 voir si le d\u00e9nouement heureux se r\u00e9p\u00e8tera. Mais sans augurer de l&rsquo;\u00e9pilogue, cette affaire a le m\u00e9rite de faire la lumi\u00e8re sur la part m\u00e9connue de la production d&rsquo;uranium. Car si sont abord\u00e9es dans les m\u00e9dias les cons\u00e9quences de l&rsquo;atome sous nos latitudes, il serait bon de tenir compte de l&rsquo;ensemble du processus lorsqu&rsquo;on se penche sur le sujet, et pas seulement de ce qu&rsquo;il se passe sur notre territoire.<\/p>\n<h3>Conclusion<\/h3>\n<p>Le r\u00e9chauffement climatique est confirm\u00e9 par des milliers de scientifiques depuis quelques mois. Voil\u00e0 trente ans que les \u00e9cologistes alertent les populations sur ces risques, et il aura fallu tout ce temps pour qu&rsquo;on accepte leurs th\u00e8ses comme \u00e9tant valables. Est-ce que devant l&rsquo;urgence de prendre des mesures, nos soci\u00e9t\u00e9s qui autrefois n&rsquo;\u00e9coutaient pas les chercheurs \u00e9cologistes, vont commettre l&rsquo;erreur de n&rsquo;\u00e9couter que la moiti\u00e9 du discours ? Et faudra-t-il attendre 30 autres ann\u00e9es pour faire passer l&rsquo;autre moiti\u00e9 des mises en garde ?<\/p>\n<p>Le nucl\u00e9aire produit des rejets de CO2, bien que moins qu&rsquo;une centrale \u00e0 charbon classique. Mais il en produit quand m\u00eame. Et si l&rsquo;on n&rsquo;est pas sensible au risque d&rsquo;explosion des centrales (souvent parce qu&rsquo;on en habite bien loin), le probl\u00e8me des d\u00e9chets est sans solution \u00e0 ce jour. Ajoutons \u00e0 cela que, apr\u00e8s avoir enfouis dans l&rsquo;eau la pollution issue des centrales, on veut aujourd&rsquo;hui l&rsquo;enterrer, avec la quantit\u00e9 de risques que cela repr\u00e9sente. Ce \u00e0 quoi il faut de compl\u00e9ter par les dramatiques conditions d&rsquo;extraction de la mati\u00e8re premi\u00e8re des centrales : voulons-nous vraiment nous chauffer au sang des populations africaines ?<\/p>\n<p>Les acteurs de l&rsquo;\u00e9nergie nucl\u00e9aire ne sont ni \u00e9touff\u00e9s par la v\u00e9rit\u00e9 (une \u00e9nergie durable ?), ni par les scrupules (conditions de travail des travailleurs). La moralit\u00e9 des professionnels de l&rsquo;atome est aussi inexistante qu&rsquo;une solution cr\u00e9dible aux d\u00e9chets nucl\u00e9aires. C&rsquo;est ainsi que le forum nucl\u00e9aire suisse, charg\u00e9 de la promotion de l&rsquo;\u00e9nergie la moins durable qui soit, a ses bureaux dans une filiale de Burson-Marsteller. Cette entreprise a travaill\u00e9 \u00e0 redorer l&rsquo;image des dictateurs, \u00e0 celles des troupes \u00e9tasuniennes en Irak, et autrefois&#8230; au d\u00e9nigrement des tenants du r\u00e9chauffement climatique <sup><a href=\"#footnote_0_236\" id=\"identifier_0_236\" class=\"footnote-link footnote-identifier-link\" title=\"Susan Boos, Les tristes l&eacute;gendes du lobby nucl&eacute;aire ressurgissent in &laquo;&nbsp;greenpeace suisse&nbsp;&raquo;, janvier 2007, pp. 4-6. Mme Boos est r&eacute;dactrice &agrave; la &laquo;&nbsp;Wochenzeitung&nbsp;&raquo; et sp&eacute;cialiste de la politique de l&rsquo;&eacute;nergie\">[1]<\/a><\/sup>. Que ces m\u00eames individus \u00e0 la morale douteuse vantent les m\u00e9rites de l&rsquo;\u00e9nergie nucl\u00e9aire pour combattre le r\u00e9chauffement climatique, voil\u00e0 qui en dit assez sur l&rsquo;\u00e9tat du secteur \u00e9nerg\u00e9tique nucl\u00e9aire et sur la fiabilit\u00e9, la rigueur et l&rsquo;objectivit\u00e9 de ses arguments.<\/p>\n<p>Parce que l&rsquo;\u00e9cologie, c&rsquo;est r\u00e9fl\u00e9chir de mani\u00e8re globale, il serait bon de ne pas se croire au supermarch\u00e9, et de choisir seulement les produits selon que l&#8217;emballage nous plaise ou non.<\/p>\n<div class=\"footnotes-made-easy-header\"><div class=\"footnote_container_prepare\">\n<p>R\u00e9f\u00e9rences<\/p>\n<\/div>\n<\/div><ol class=\"footnotes\"><li id=\"footnote_0_236\" class=\"footnote\"> Susan Boos, Les tristes l\u00e9gendes du lobby nucl\u00e9aire ressurgissent <em>in<\/em> \u00ab\u00a0greenpeace suisse\u00a0\u00bb, janvier 2007, pp. 4-6. Mme Boos est r\u00e9dactrice \u00e0 la \u00ab\u00a0Wochenzeitung\u00a0\u00bb et sp\u00e9cialiste de la politique de l&rsquo;\u00e9nergie <span class=\"footnote-back-link-wrapper\"><span class=\"fme-pre-backlink\">[<\/span><a href=\"https:\/\/www.jcvignoli.com\/blog\/2007\/une-face-meconnue-du-nucleaire#identifier_0_236\" class=\"footnote-link footnote-back-link\" title=\"Jump back to text\" aria-label=\"Jump back to text\">\u21a9<\/a><span class=\"fme-pre-backlink\">]<\/span><\/span><\/li><\/ol><div class=\"pld-like-dislike-wrap pld-template-1\">\r\n    <div class=\"pld-like-wrap  pld-common-wrap\">\r\n    <a href=\"javascript:void(0)\" class=\"pld-like-trigger pld-like-dislike-trigger  \" title=\"Super article!\" data-post-id=\"236\" data-trigger-type=\"like\" data-restriction=\"cookie\" data-already-liked=\"0\">\r\n                        <i class=\"fas fa-thumbs-up\"><\/i>\r\n                <\/a>\r\n    <span class=\"pld-like-count-wrap pld-count-wrap\">0    <\/span>\r\n<\/div><div class=\"pld-dislike-wrap  pld-common-wrap\">\r\n    <a href=\"javascript:void(0)\" class=\"pld-dislike-trigger pld-like-dislike-trigger  \" title=\"Pas terrible...\" data-post-id=\"236\" data-trigger-type=\"dislike\" data-restriction=\"cookie\" data-already-liked=\"0\">\r\n                        <i class=\"fas fa-thumbs-down\"><\/i>\r\n                <\/a>\r\n    <span class=\"pld-dislike-count-wrap pld-count-wrap\">0<\/span>\r\n<\/div><\/div>","protected":false},"excerpt":{"rendered":"<p>Le d\u00e9bat autour du nucl\u00e9aire bat son plein : le r\u00e9chauffement climatique annonc\u00e9 am\u00e8ne des pays autrefois peu enthousiastes vis-\u00e0-vis du nucl\u00e9aire, \u00e0 l&rsquo;envisager \u00e0 tout crin, comme la solution id\u00e9ale \u00e0 tous les d\u00e9fis que posent le r\u00e9chauffement climatique et l&rsquo;augmentation de la demande \u00e9nerg\u00e9tique. Dans une vingtaine d&rsquo;ann\u00e9es, le nombre de centrales nucl\u00e9aires [&hellip;]<\/p>\n","protected":false},"author":1,"featured_media":1996,"comment_status":"open","ping_status":"open","sticky":false,"template":"","format":"standard","meta":{"ocean_post_layout":"","ocean_both_sidebars_style":"","ocean_both_sidebars_content_width":0,"ocean_both_sidebars_sidebars_width":0,"ocean_sidebar":"","ocean_second_sidebar":"","ocean_disable_margins":"enable","ocean_add_body_class":"","ocean_shortcode_before_top_bar":"","ocean_shortcode_after_top_bar":"","ocean_shortcode_before_header":"","ocean_shortcode_after_header":"","ocean_has_shortcode":"","ocean_shortcode_after_title":"","ocean_shortcode_before_footer_widgets":"","ocean_shortcode_after_footer_widgets":"","ocean_shortcode_before_footer_bottom":"","ocean_shortcode_after_footer_bottom":"","ocean_display_top_bar":"default","ocean_display_header":"default","ocean_header_style":"","ocean_center_header_left_menu":"","ocean_custom_header_template":"","ocean_custom_logo":0,"ocean_custom_retina_logo":0,"ocean_custom_logo_max_width":0,"ocean_custom_logo_tablet_max_width":0,"ocean_custom_logo_mobile_max_width":0,"ocean_custom_logo_max_height":0,"ocean_custom_logo_tablet_max_height":0,"ocean_custom_logo_mobile_max_height":0,"ocean_header_custom_menu":"","ocean_menu_typo_font_family":"","ocean_menu_typo_font_subset":"","ocean_menu_typo_font_size":0,"ocean_menu_typo_font_size_tablet":0,"ocean_menu_typo_font_size_mobile":0,"ocean_menu_typo_font_size_unit":"px","ocean_menu_typo_font_weight":"","ocean_menu_typo_font_weight_tablet":"","ocean_menu_typo_font_weight_mobile":"","ocean_menu_typo_transform":"","ocean_menu_typo_transform_tablet":"","ocean_menu_typo_transform_mobile":"","ocean_menu_typo_line_height":0,"ocean_menu_typo_line_height_tablet":0,"ocean_menu_typo_line_height_mobile":0,"ocean_menu_typo_line_height_unit":"","ocean_menu_typo_spacing":0,"ocean_menu_typo_spacing_tablet":0,"ocean_menu_typo_spacing_mobile":0,"ocean_menu_typo_spacing_unit":"","ocean_menu_link_color":"","ocean_menu_link_color_hover":"","ocean_menu_link_color_active":"","ocean_menu_link_background":"","ocean_menu_link_hover_background":"","ocean_menu_link_active_background":"","ocean_menu_social_links_bg":"","ocean_menu_social_hover_links_bg":"","ocean_menu_social_links_color":"","ocean_menu_social_hover_links_color":"","ocean_disable_title":"default","ocean_disable_heading":"default","ocean_post_title":"","ocean_post_subheading":"","ocean_post_title_style":"","ocean_post_title_background_color":"","ocean_post_title_background":0,"ocean_post_title_bg_image_position":"","ocean_post_title_bg_image_attachment":"","ocean_post_title_bg_image_repeat":"","ocean_post_title_bg_image_size":"","ocean_post_title_height":0,"ocean_post_title_bg_overlay":0.5,"ocean_post_title_bg_overlay_color":"","ocean_disable_breadcrumbs":"default","ocean_breadcrumbs_color":"","ocean_breadcrumbs_separator_color":"","ocean_breadcrumbs_links_color":"","ocean_breadcrumbs_links_hover_color":"","ocean_display_footer_widgets":"default","ocean_display_footer_bottom":"default","ocean_custom_footer_template":"","ocean_post_oembed":"","ocean_post_self_hosted_media":"","ocean_post_video_embed":"","ocean_link_format":"","ocean_link_format_target":"self","ocean_quote_format":"","ocean_quote_format_link":"post","ocean_gallery_link_images":"on","ocean_gallery_id":[],"footnotes":""},"categories":[1863,3],"tags":[385,260,386,244],"class_list":["post-236","post","type-post","status-publish","format-standard","has-post-thumbnail","hentry","category-activisme","category-ecologie","tag-areva","tag-atome","tag-centrale-nucleaire","tag-nucleaire","entry","has-media"],"aioseo_notices":[],"language":"fr","_links":{"self":[{"href":"https:\/\/www.jcvignoli.com\/blog\/wp-json\/wp\/v2\/posts\/236","targetHints":{"allow":["GET"]}}],"collection":[{"href":"https:\/\/www.jcvignoli.com\/blog\/wp-json\/wp\/v2\/posts"}],"about":[{"href":"https:\/\/www.jcvignoli.com\/blog\/wp-json\/wp\/v2\/types\/post"}],"author":[{"embeddable":true,"href":"https:\/\/www.jcvignoli.com\/blog\/wp-json\/wp\/v2\/users\/1"}],"replies":[{"embeddable":true,"href":"https:\/\/www.jcvignoli.com\/blog\/wp-json\/wp\/v2\/comments?post=236"}],"version-history":[{"count":0,"href":"https:\/\/www.jcvignoli.com\/blog\/wp-json\/wp\/v2\/posts\/236\/revisions"}],"wp:featuredmedia":[{"embeddable":true,"href":"https:\/\/www.jcvignoli.com\/blog\/wp-json\/wp\/v2\/media\/1996"}],"wp:attachment":[{"href":"https:\/\/www.jcvignoli.com\/blog\/wp-json\/wp\/v2\/media?parent=236"}],"wp:term":[{"taxonomy":"category","embeddable":true,"href":"https:\/\/www.jcvignoli.com\/blog\/wp-json\/wp\/v2\/categories?post=236"},{"taxonomy":"post_tag","embeddable":true,"href":"https:\/\/www.jcvignoli.com\/blog\/wp-json\/wp\/v2\/tags?post=236"}],"curies":[{"name":"wp","href":"https:\/\/api.w.org\/{rel}","templated":true}]}}