{"id":219,"date":"2007-01-31T21:12:59","date_gmt":"2007-01-31T19:12:59","guid":{"rendered":"http:\/\/www.ikiru.ch\/blog\/2007\/laissez-travailler-les-europeens-qui-se-levent-tot-tant-que-le-soleil-se-leve-du-moins"},"modified":"2020-01-21T00:10:27","modified_gmt":"2020-01-21T05:10:27","slug":"laissez-travailler-les-europeens-qui-se-levent-tot-tant-que-le-soleil-se-leve-du-moins","status":"publish","type":"post","link":"https:\/\/www.jcvignoli.com\/blog\/2007\/laissez-travailler-les-europeens-qui-se-levent-tot-tant-que-le-soleil-se-leve-du-moins","title":{"rendered":"Laissez travailler les Europ\u00e9ens qui se l\u00e8vent t\u00f4t ! Tant que le soleil se l\u00e8ve, du moins."},"content":{"rendered":"<p>Les d\u00e9bats autour de la fiscalit\u00e9 reprennent en Europe, apr\u00e8s une bonne d\u00e9cennie de (relative) tranquillit\u00e9. Tristement, \u00e0 une d\u00e9cade d&rsquo;\u00e9cart, ce sont les m\u00eames rengaines autour de l&rsquo;imposition. Car harmoniser la fiscalit\u00e9, en Europe, c&rsquo;est au moins aussi compliqu\u00e9 que d&rsquo;avoir un embryon de constitution. Les droites veulent baisser les imp\u00f4ts directs, les gauches les stabiliser, voir les augmenter.<\/p>\n<p>Pourquoi ? Parce que les droites sont lib\u00e9rales : c&rsquo;est \u00e0 dire qu&rsquo;elles esp\u00e8rent qu&rsquo;en diminuant les imp\u00f4ts directs (taxe sur le revenu), l&rsquo;incitation \u00e0 travailler se fera plus vive. En effet, lorsqu&rsquo;on voit le r\u00e9sultat en esp\u00e8ces sonnantes et tr\u00e9buchantes, lorsque travailler plus est rapidement sanctionn\u00e9 par des conforts divers, tout le monde se met \u00e0 produire plus, et <em>in extenso<\/em> \u00e0 consommer plus. Au final, une \u00e9conomie qui s&#8217;emballe, et o\u00f9 tout le monde s&rsquo;enrichit.<\/p>\n<p>Ou parce que les gauches sont socialistes : elles trouvent injuste de voir de faire ponts d&rsquo;or aux personnes fortun\u00e9es pour les attirer dans leur pays et de diminuer les imp\u00f4ts directs, puisque cela se fait au d\u00e9triment de la justice sociale. Elles pensent d&rsquo;autre part que les imp\u00f4ts directs sont parmi les plus justes, puisqu&rsquo;ils taxent les revenus : lorsqu&rsquo;on consomme, c&rsquo;est qu&rsquo;on a les moyens. On relance l&rsquo;\u00e9conomie en augmentant le pouvoir d&rsquo;achat des classes moyennes, c&rsquo;est \u00e0 dire en taxant progressivement (plus on gagne, plus on paie) par le biais de l&rsquo;imp\u00f4t sur le revenus, car les classes qui consomment, ce sont les classes moyennes, justement. L&rsquo;imp\u00f4t est le meilleurs outil de r\u00e9partition \u00e9quitable du produit de la nation, \u00e9vitant une trop grand pr\u00e9carit\u00e9 des plus d\u00e9munis.<\/p>\n<p>Ce qui est remarquable c&rsquo;est que, malgr\u00e9 la d\u00e9cennie \u00e9coul\u00e9e, personne ne prend en compte dans le d\u00e9bat d&rsquo;autres angles de discussion. Et si la soci\u00e9t\u00e9 n&rsquo;\u00e9tait plus que partiellement une meute assoiff\u00e9e de consommation ? Et si toutes les id\u00e9es de \u00ab\u00a0d\u00e9croissance\u00a0\u00bb, de \u00ab\u00a0consommation responsable et solidaire\u00a0\u00bb avaient fini par toucher la population ? Non, avouons-le, quelles chim\u00e8res !, \u00e7a ne tient pas debout. Et pourtant, il faudrait peut-\u00eatre commencer \u00e0 en tenir compte, n&rsquo;est-ce pas ? Ou est-ce que trier ses d\u00e9chets et acheter de la nourriture biologique permettrait d&rsquo;\u00e9viter le r\u00e9chauffement climatique \u00e0 eux seuls ? C&rsquo;est bel et bien notre mode de consommation qui est en cause, notre mod\u00e8le \u00e9conomique. Il est impossible d&rsquo;avoir un d\u00e9bat sur la fiscalit\u00e9 et de faire l&rsquo;\u00e9conomie de parler de d\u00e9veloppement durable; pourtant, c&rsquo;est le quotidien des pays europ\u00e9ens. Quelques vagues promesses, un ou deux pactes d&rsquo;engagement non contraignants sign\u00e9s, mais personne (sauf dans les pays nordiques, bien s\u00fbr) ne prendra le risque de renvoyer dos \u00e0 dos croissance \u00e9conomique et r\u00e9chauffement climatique. Et pourtant, parlez de ce dernier, et voil\u00e0 que politiciens de tous bords se mettent \u00e0 hurler (avec les loups) leur attachement \u00e0 une politique \u00e9cologique. L&rsquo;illusion avec laquelle on tente de nous rassurer, c&rsquo;est que la croissance reste possible, qu&rsquo;il suffit de corriger de peu la direction suivie par nos soci\u00e9t\u00e9s, qu&rsquo;il ne s&rsquo;agit que d&rsquo;un ajustement. Un peu \u00e0 l&rsquo;image du d\u00e9bat autour de la d\u00e9sindustrialisation en Europe, o\u00f9 les politiciens qui osent dire haut et fort que les salari\u00e9s de l&rsquo;industrie ne retrouveront pas d&#8217;emplois se comptent sur les doigts d&rsquo;une main.<\/p>\n<p>Le d\u00e9bat sur la fiscalit\u00e9 est peut-\u00eatre l&rsquo;une des raisons la plus d\u00e9monstrative du besoin d&rsquo;avoir des partis Verts dans l&rsquo;ar\u00e8ne politique europ\u00e9enne. Etre Vert, ce n&rsquo;est pas seulement \u00eatre un \u00e9colo qui ramasse sur la route l&rsquo;oiseau percut\u00e9 par une voiture; c&rsquo;est aussi faire en sorte que la route ne traverse plus des r\u00e9gions o\u00f9 des oiseaux se reproduisent. Etre Vert, c&rsquo;est garantir une \u00e9quit\u00e9 nationale, mais aussi internationale; les probl\u00e8mes du Nord sont ceux du Sud, et vice-versa. Etre Vert, c&rsquo;est comprendre que si dans la cha\u00eene alimentaire l&rsquo;homme est au sommet, cela implique de pr\u00e9server cette cha\u00eene, ne serait-ce que pour rester au sommet. Et accepter qu&rsquo;\u00eatre au sommet implique d&rsquo;avoir \u00e0 g\u00e9rer tout le bas de la pyramide.<\/p>\n<p>La valeur du travail est primordiale pour toute soci\u00e9t\u00e9. Tout comme la famille. La fiscalit\u00e9 d&rsquo;un pays doit inciter au travail, mais aussi assurer un minimum de r\u00e9partition sociale. Cependant, \u00e0 trop utiliser des valeurs issues d&rsquo;\u00e9poques o\u00f9 l&rsquo;homme n&rsquo;avait pas d\u00e9couvert l&rsquo;\u00e9lectricit\u00e9, on risque de ne plus y voir tr\u00e8s clair : cessons d&rsquo;avoir encore et toujours les m\u00eames d\u00e9bats, et osez, messieurs les politiciens, vous aventurer dans des domaines o\u00f9 vous n&rsquo;excellez pas (encore), ces <em>terra incognita<\/em> \u00e0 d\u00e9fricher pour avoir encore quelque chose \u00e0 semer dans quelques d\u00e9cennies. Prouvez que le souci \u00e9cologique n&rsquo;est pas que l&rsquo;apanage des partis Verts&#8230;<\/p>\n<div class=\"edit\">Edit du 24.2.07 : coh\u00e9rence et v\u00e9rit\u00e9s r\u00e9tablies, merci Yann.<\/div>\n<div class=\"pld-like-dislike-wrap pld-template-1\">\r\n    <div class=\"pld-like-wrap  pld-common-wrap\">\r\n    <a href=\"javascript:void(0)\" class=\"pld-like-trigger pld-like-dislike-trigger  \" title=\"Super article!\" data-post-id=\"219\" data-trigger-type=\"like\" data-restriction=\"cookie\" data-already-liked=\"0\">\r\n                        <i class=\"fas fa-thumbs-up\"><\/i>\r\n                <\/a>\r\n    <span class=\"pld-like-count-wrap pld-count-wrap\">0    <\/span>\r\n<\/div><div class=\"pld-dislike-wrap  pld-common-wrap\">\r\n    <a href=\"javascript:void(0)\" class=\"pld-dislike-trigger pld-like-dislike-trigger  \" title=\"Pas terrible...\" data-post-id=\"219\" data-trigger-type=\"dislike\" data-restriction=\"cookie\" data-already-liked=\"0\">\r\n                        <i class=\"fas fa-thumbs-down\"><\/i>\r\n                <\/a>\r\n    <span class=\"pld-dislike-count-wrap pld-count-wrap\">0<\/span>\r\n<\/div><\/div>","protected":false},"excerpt":{"rendered":"<p>Les d\u00e9bats autour de la fiscalit\u00e9 reprennent en Europe, apr\u00e8s une bonne d\u00e9cennie de (relative) tranquillit\u00e9. Tristement, \u00e0 une d\u00e9cade d&rsquo;\u00e9cart, ce sont les m\u00eames rengaines autour de l&rsquo;imposition. Car harmoniser la fiscalit\u00e9, en Europe, c&rsquo;est au moins aussi compliqu\u00e9 que d&rsquo;avoir un embryon de constitution. Les droites veulent baisser les imp\u00f4ts directs, les gauches [&hellip;]<\/p>\n","protected":false},"author":1,"featured_media":0,"comment_status":"open","ping_status":"open","sticky":false,"template":"","format":"standard","meta":{"ocean_post_layout":"","ocean_both_sidebars_style":"","ocean_both_sidebars_content_width":0,"ocean_both_sidebars_sidebars_width":0,"ocean_sidebar":"","ocean_second_sidebar":"","ocean_disable_margins":"enable","ocean_add_body_class":"","ocean_shortcode_before_top_bar":"","ocean_shortcode_after_top_bar":"","ocean_shortcode_before_header":"","ocean_shortcode_after_header":"","ocean_has_shortcode":"","ocean_shortcode_after_title":"","ocean_shortcode_before_footer_widgets":"","ocean_shortcode_after_footer_widgets":"","ocean_shortcode_before_footer_bottom":"","ocean_shortcode_after_footer_bottom":"","ocean_display_top_bar":"default","ocean_display_header":"default","ocean_header_style":"","ocean_center_header_left_menu":"","ocean_custom_header_template":"","ocean_custom_logo":0,"ocean_custom_retina_logo":0,"ocean_custom_logo_max_width":0,"ocean_custom_logo_tablet_max_width":0,"ocean_custom_logo_mobile_max_width":0,"ocean_custom_logo_max_height":0,"ocean_custom_logo_tablet_max_height":0,"ocean_custom_logo_mobile_max_height":0,"ocean_header_custom_menu":"","ocean_menu_typo_font_family":"","ocean_menu_typo_font_subset":"","ocean_menu_typo_font_size":0,"ocean_menu_typo_font_size_tablet":0,"ocean_menu_typo_font_size_mobile":0,"ocean_menu_typo_font_size_unit":"px","ocean_menu_typo_font_weight":"","ocean_menu_typo_font_weight_tablet":"","ocean_menu_typo_font_weight_mobile":"","ocean_menu_typo_transform":"","ocean_menu_typo_transform_tablet":"","ocean_menu_typo_transform_mobile":"","ocean_menu_typo_line_height":0,"ocean_menu_typo_line_height_tablet":0,"ocean_menu_typo_line_height_mobile":0,"ocean_menu_typo_line_height_unit":"","ocean_menu_typo_spacing":0,"ocean_menu_typo_spacing_tablet":0,"ocean_menu_typo_spacing_mobile":0,"ocean_menu_typo_spacing_unit":"","ocean_menu_link_color":"","ocean_menu_link_color_hover":"","ocean_menu_link_color_active":"","ocean_menu_link_background":"","ocean_menu_link_hover_background":"","ocean_menu_link_active_background":"","ocean_menu_social_links_bg":"","ocean_menu_social_hover_links_bg":"","ocean_menu_social_links_color":"","ocean_menu_social_hover_links_color":"","ocean_disable_title":"default","ocean_disable_heading":"default","ocean_post_title":"","ocean_post_subheading":"","ocean_post_title_style":"","ocean_post_title_background_color":"","ocean_post_title_background":0,"ocean_post_title_bg_image_position":"","ocean_post_title_bg_image_attachment":"","ocean_post_title_bg_image_repeat":"","ocean_post_title_bg_image_size":"","ocean_post_title_height":0,"ocean_post_title_bg_overlay":0.5,"ocean_post_title_bg_overlay_color":"","ocean_disable_breadcrumbs":"default","ocean_breadcrumbs_color":"","ocean_breadcrumbs_separator_color":"","ocean_breadcrumbs_links_color":"","ocean_breadcrumbs_links_hover_color":"","ocean_display_footer_widgets":"default","ocean_display_footer_bottom":"default","ocean_custom_footer_template":"","ocean_post_oembed":"","ocean_post_self_hosted_media":"","ocean_post_video_embed":"","ocean_link_format":"","ocean_link_format_target":"self","ocean_quote_format":"","ocean_quote_format_link":"post","ocean_gallery_link_images":"on","ocean_gallery_id":[],"footnotes":""},"categories":[3,2],"tags":[116,1843,296,1844],"class_list":["post-219","post","type-post","status-publish","format-standard","hentry","category-ecologie","category-politique","tag-consommation","tag-impots","tag-les-verts","tag-repartission-des-richesses","entry"],"aioseo_notices":[],"language":"fr","_links":{"self":[{"href":"https:\/\/www.jcvignoli.com\/blog\/wp-json\/wp\/v2\/posts\/219","targetHints":{"allow":["GET"]}}],"collection":[{"href":"https:\/\/www.jcvignoli.com\/blog\/wp-json\/wp\/v2\/posts"}],"about":[{"href":"https:\/\/www.jcvignoli.com\/blog\/wp-json\/wp\/v2\/types\/post"}],"author":[{"embeddable":true,"href":"https:\/\/www.jcvignoli.com\/blog\/wp-json\/wp\/v2\/users\/1"}],"replies":[{"embeddable":true,"href":"https:\/\/www.jcvignoli.com\/blog\/wp-json\/wp\/v2\/comments?post=219"}],"version-history":[{"count":0,"href":"https:\/\/www.jcvignoli.com\/blog\/wp-json\/wp\/v2\/posts\/219\/revisions"}],"wp:attachment":[{"href":"https:\/\/www.jcvignoli.com\/blog\/wp-json\/wp\/v2\/media?parent=219"}],"wp:term":[{"taxonomy":"category","embeddable":true,"href":"https:\/\/www.jcvignoli.com\/blog\/wp-json\/wp\/v2\/categories?post=219"},{"taxonomy":"post_tag","embeddable":true,"href":"https:\/\/www.jcvignoli.com\/blog\/wp-json\/wp\/v2\/tags?post=219"}],"curies":[{"name":"wp","href":"https:\/\/api.w.org\/{rel}","templated":true}]}}