{"id":193,"date":"2006-04-21T13:15:33","date_gmt":"2006-04-21T11:15:33","guid":{"rendered":"http:\/\/www.ikiru.ch\/blog\/2006\/la-liberte-de-la-presse-sarrete-la-ou-commence-le-pot-de-vin"},"modified":"2020-03-03T13:42:06","modified_gmt":"2020-03-03T18:42:06","slug":"la-liberte-de-la-presse-sarrete-la-ou-commence-le-pot-de-vin","status":"publish","type":"post","link":"https:\/\/www.jcvignoli.com\/blog\/2006\/la-liberte-de-la-presse-sarrete-la-ou-commence-le-pot-de-vin","title":{"rendered":"La libert\u00e9 de la presse s&rsquo;arr\u00eate l\u00e0 o\u00f9 commence le pot-de-vin"},"content":{"rendered":"<p>L&rsquo;<em>International Herald Tribune<\/em> (IHT) r\u00e9v\u00e9lait &#8211; rappelait, faudrait-il dire &#8211; dans ce qui semble la plus grande indiff\u00e9rence que les journalistes de chaque pays membre de l&rsquo;Union europ\u00e9enne (UE) peuvent b\u00e9n\u00e9ficier du <a href=\"https:\/\/www.jcvignoli.com\/blog\/forum\/viewtopic.php?f=2&amp;t=25\">remboursement de leurs frais de d\u00e9placement<\/a> lorsqu&rsquo;ils se rendent \u00e0 Bruxelles. Cela a \u00e9t\u00e9 repris ensuite par le <em>Monde Diplomatique<\/em>, comme il se doit.<\/p>\n<p>Pourquoi est-ce grave ? La libert\u00e9 de la presse, et la d\u00e9ontologie propre au m\u00e9tier de journaliste, implique que les journalistes ne soient pas incit\u00e9s \u00e0 couvrir un \u00e9v\u00e9nement plut\u00f4t qu&rsquo;un autre. Si Bruxelles rembourse les frais de d\u00e9placement (y compris 100 \u20ac d&rsquo;h\u00f4tel), notre bon journaliste aura tendance \u00e0 couvrir plus r\u00e9guli\u00e8rement les actualit\u00e9s europ\u00e9ennes. Ce n&rsquo;est \u00e9videmment pas un mal en soit, on ne parle jamais trop d&rsquo;Europe; mais le proc\u00e9d\u00e9 est lui inacceptable, pouvant \u00eatre sans raccourci assimil\u00e9 \u00e0 un pot-de-vin. L&rsquo;UE, r\u00e9v\u00e8le le IHT, verse au grand jour &#8211; on ne saurait parler de \u00ab\u00a0dessous de table\u00a0\u00bb &#8211; une prime \u00e0 l&rsquo;information.<\/p>\n<p>Il est d&rsquo;autant plus choquant de prendre connaissance de cette pratique apr\u00e8s l&rsquo;\u00e9pisode r\u00e9cent des caricatures danoises &#8211; et europ\u00e9ennes &#8211; de Mahomet : le d\u00e9cha\u00eenement jusqu&rsquo;au-boutiste des journalistes, revendiquant avec une ferveur parfois illumin\u00e9e leur droit \u00e0 l&rsquo;ind\u00e9pendance, a marqu\u00e9 les esprits. Ils veulent \u00eatre libre de pouvoir publier et parler de ce qu&rsquo;ils souhaitent; soit, c&rsquo;est le principe de la libert\u00e9 d&rsquo;expression.<\/p>\n<p>Mais encore une fois, rappelons que <a href=\"\/blog\/2006\/de-la-superiorite-occidentale-la-liberte-dexpression-a-lepreuve-de-la-mondialisation\">la libert\u00e9 d&rsquo;expression n&rsquo;est pas illimit\u00e9e<\/a>, et que ce droit s&rsquo;accompagne immanquablement d&rsquo;une s\u00e9rie de devoirs avec lesquels on ne saurait transiger. Que ce soit l&rsquo;UE qui subvienne aux faux frais des reporters est certes moins pr\u00e9occupant que s&rsquo;il s&rsquo;agissait d&rsquo;une aide provenant du <a href=\"http:\/\/www.dassault.fr\/\">Groupe Dassault<\/a>. Mais il n&#8217;emp\u00eache que les r\u00e9actions parfois extr\u00e9mistes affich\u00e9es il y a deux mois par nos informateurs devraient les pousser \u00e0 vouloir \u00eatre au-dessus de tout soup\u00e7ons. Et \u00e0 condamner avec le m\u00eame z\u00e8le les largesses bruxelloises.<\/p>\n<p>A quand la premi\u00e8re page des quotidiens des semaines durant, l&rsquo;ouverture des journaux t\u00e9l\u00e9vis\u00e9s sur la d\u00e9ontologie dans le journalisme ?<\/p>\n<div class=\"pld-like-dislike-wrap pld-template-1\">\r\n    <div class=\"pld-like-wrap  pld-common-wrap\">\r\n    <a href=\"javascript:void(0)\" class=\"pld-like-trigger pld-like-dislike-trigger  \" title=\"Super article!\" data-post-id=\"193\" data-trigger-type=\"like\" data-restriction=\"cookie\" data-already-liked=\"0\">\r\n                        <i class=\"fas fa-thumbs-up\"><\/i>\r\n                <\/a>\r\n    <span class=\"pld-like-count-wrap pld-count-wrap\">0    <\/span>\r\n<\/div><div class=\"pld-dislike-wrap  pld-common-wrap\">\r\n    <a href=\"javascript:void(0)\" class=\"pld-dislike-trigger pld-like-dislike-trigger  \" title=\"Pas terrible...\" data-post-id=\"193\" data-trigger-type=\"dislike\" data-restriction=\"cookie\" data-already-liked=\"0\">\r\n                        <i class=\"fas fa-thumbs-down\"><\/i>\r\n                <\/a>\r\n    <span class=\"pld-dislike-count-wrap pld-count-wrap\">0<\/span>\r\n<\/div><\/div>","protected":false},"excerpt":{"rendered":"<p>L&rsquo;International Herald Tribune (IHT) r\u00e9v\u00e9lait &#8211; rappelait, faudrait-il dire &#8211; dans ce qui semble la plus grande indiff\u00e9rence que les journalistes de chaque pays membre de l&rsquo;Union europ\u00e9enne (UE) peuvent b\u00e9n\u00e9ficier du remboursement de leurs frais de d\u00e9placement lorsqu&rsquo;ils se rendent \u00e0 Bruxelles. Cela a \u00e9t\u00e9 repris ensuite par le Monde Diplomatique, comme il se [&hellip;]<\/p>\n","protected":false},"author":1,"featured_media":0,"comment_status":"open","ping_status":"open","sticky":false,"template":"","format":"standard","meta":{"ocean_post_layout":"","ocean_both_sidebars_style":"","ocean_both_sidebars_content_width":0,"ocean_both_sidebars_sidebars_width":0,"ocean_sidebar":"","ocean_second_sidebar":"","ocean_disable_margins":"enable","ocean_add_body_class":"","ocean_shortcode_before_top_bar":"","ocean_shortcode_after_top_bar":"","ocean_shortcode_before_header":"","ocean_shortcode_after_header":"","ocean_has_shortcode":"","ocean_shortcode_after_title":"","ocean_shortcode_before_footer_widgets":"","ocean_shortcode_after_footer_widgets":"","ocean_shortcode_before_footer_bottom":"","ocean_shortcode_after_footer_bottom":"","ocean_display_top_bar":"default","ocean_display_header":"default","ocean_header_style":"","ocean_center_header_left_menu":"","ocean_custom_header_template":"","ocean_custom_logo":0,"ocean_custom_retina_logo":0,"ocean_custom_logo_max_width":0,"ocean_custom_logo_tablet_max_width":0,"ocean_custom_logo_mobile_max_width":0,"ocean_custom_logo_max_height":0,"ocean_custom_logo_tablet_max_height":0,"ocean_custom_logo_mobile_max_height":0,"ocean_header_custom_menu":"","ocean_menu_typo_font_family":"","ocean_menu_typo_font_subset":"","ocean_menu_typo_font_size":0,"ocean_menu_typo_font_size_tablet":0,"ocean_menu_typo_font_size_mobile":0,"ocean_menu_typo_font_size_unit":"px","ocean_menu_typo_font_weight":"","ocean_menu_typo_font_weight_tablet":"","ocean_menu_typo_font_weight_mobile":"","ocean_menu_typo_transform":"","ocean_menu_typo_transform_tablet":"","ocean_menu_typo_transform_mobile":"","ocean_menu_typo_line_height":0,"ocean_menu_typo_line_height_tablet":0,"ocean_menu_typo_line_height_mobile":0,"ocean_menu_typo_line_height_unit":"","ocean_menu_typo_spacing":0,"ocean_menu_typo_spacing_tablet":0,"ocean_menu_typo_spacing_mobile":0,"ocean_menu_typo_spacing_unit":"","ocean_menu_link_color":"","ocean_menu_link_color_hover":"","ocean_menu_link_color_active":"","ocean_menu_link_background":"","ocean_menu_link_hover_background":"","ocean_menu_link_active_background":"","ocean_menu_social_links_bg":"","ocean_menu_social_hover_links_bg":"","ocean_menu_social_links_color":"","ocean_menu_social_hover_links_color":"","ocean_disable_title":"default","ocean_disable_heading":"default","ocean_post_title":"","ocean_post_subheading":"","ocean_post_title_style":"","ocean_post_title_background_color":"","ocean_post_title_background":0,"ocean_post_title_bg_image_position":"","ocean_post_title_bg_image_attachment":"","ocean_post_title_bg_image_repeat":"","ocean_post_title_bg_image_size":"","ocean_post_title_height":0,"ocean_post_title_bg_overlay":0.5,"ocean_post_title_bg_overlay_color":"","ocean_disable_breadcrumbs":"default","ocean_breadcrumbs_color":"","ocean_breadcrumbs_separator_color":"","ocean_breadcrumbs_links_color":"","ocean_breadcrumbs_links_hover_color":"","ocean_display_footer_widgets":"default","ocean_display_footer_bottom":"default","ocean_custom_footer_template":"","ocean_post_oembed":"","ocean_post_self_hosted_media":"","ocean_post_video_embed":"","ocean_link_format":"","ocean_link_format_target":"self","ocean_quote_format":"","ocean_quote_format_link":"post","ocean_gallery_link_images":"on","ocean_gallery_id":[],"footnotes":""},"categories":[2,13,14],"tags":[1712,1713,258,208],"class_list":["post-193","post","type-post","status-publish","format-standard","hentry","category-politique","category-livres","category-ue","tag-international-herald-tribune","tag-le-monde-diplo","tag-liberte_expression","tag-propagande","entry"],"aioseo_notices":[],"language":"fr","_links":{"self":[{"href":"https:\/\/www.jcvignoli.com\/blog\/wp-json\/wp\/v2\/posts\/193","targetHints":{"allow":["GET"]}}],"collection":[{"href":"https:\/\/www.jcvignoli.com\/blog\/wp-json\/wp\/v2\/posts"}],"about":[{"href":"https:\/\/www.jcvignoli.com\/blog\/wp-json\/wp\/v2\/types\/post"}],"author":[{"embeddable":true,"href":"https:\/\/www.jcvignoli.com\/blog\/wp-json\/wp\/v2\/users\/1"}],"replies":[{"embeddable":true,"href":"https:\/\/www.jcvignoli.com\/blog\/wp-json\/wp\/v2\/comments?post=193"}],"version-history":[{"count":0,"href":"https:\/\/www.jcvignoli.com\/blog\/wp-json\/wp\/v2\/posts\/193\/revisions"}],"wp:attachment":[{"href":"https:\/\/www.jcvignoli.com\/blog\/wp-json\/wp\/v2\/media?parent=193"}],"wp:term":[{"taxonomy":"category","embeddable":true,"href":"https:\/\/www.jcvignoli.com\/blog\/wp-json\/wp\/v2\/categories?post=193"},{"taxonomy":"post_tag","embeddable":true,"href":"https:\/\/www.jcvignoli.com\/blog\/wp-json\/wp\/v2\/tags?post=193"}],"curies":[{"name":"wp","href":"https:\/\/api.w.org\/{rel}","templated":true}]}}