{"id":192,"date":"2006-04-18T19:53:42","date_gmt":"2006-04-18T18:53:42","guid":{"rendered":"http:\/\/www.ikiru.ch\/blog\/2006\/yes-men-the"},"modified":"2025-05-08T19:15:34","modified_gmt":"2025-05-09T00:15:34","slug":"yes-men-the","status":"publish","type":"post","link":"https:\/\/www.jcvignoli.com\/blog\/2006\/yes-men-the","title":{"rendered":"Yes men, the"},"content":{"rendered":"\n<p>Parler des <a href=\"http:\/\/www.theyesmen.org\/\">Yes Men<\/a>, c&rsquo;est parler des documentaires que nous pondent les USA depuis quelques temps, une mode qui n&rsquo;est pas en passe de s&rsquo;essouffler. Et ceux qui parviennent \u00e0 traverser l&rsquo;Atlantique partagent immanquablement la m\u00eame caract\u00e9ristique : gauchisant (le terme est lib\u00e9ral, aux USA), critiquant le syst\u00e8me, d\u00e9non\u00e7ant la pauvret\u00e9 \u00e9tasunienne et mondiale, rejetant le mode de gouvernement du pr\u00e9sident George W. Bush. Parler des Yes Men, c&rsquo;est dans un premier temps emprunter le chemin de traverse nomm\u00e9 Michael Moore.<\/p>\n\n\n\n<p>Une clique de documentaristes critiques de leur propre pays s&rsquo;est r\u00e9unie au fil des ann\u00e9es autour du d\u00e9sormais fameux Michael Moore, le premier \u00e0 avoir eu du succ\u00e8s dans les ann\u00e9es 90&prime; en attirant l&rsquo;attention des m\u00e9dias sur les injustices sociales que subissent ses concitoyens. Pour cela, cam\u00e9ra au poing, Moore parcourt inlassablement son grand pays, visitant sa petite ville natale (Flint), les m\u00e9galopoles, et faisant parfois quelques br\u00e8ves incursions au Canada (pour r\u00e9aliser sa seule fiction \u00e0 ce jour, mais aussi pour tenter de d\u00e9montrer que les Canadiens sont naturellement plus pacifiques que les Etasuniens).<\/p>\n\n\n\n<p>Encombr\u00e9 d&rsquo;un manque de bagage intellectuel, privil\u00e9giant l&rsquo;\u00e9motion \u00e0 la r\u00e9flexion, Moore a \u00e9t\u00e9 attaqu\u00e9 de toutes part, bien que principalement aux USA. Car c&rsquo;est avec l&rsquo;arriv\u00e9e de Bush au pouvoir que Moore a pris de l&rsquo;ampleur en Europe. La guerre en Irak, avec son documentaire consacr\u00e9 &#8211; <span data-lum_link_maker=\"popup\" class=\"notneeded\">Fahrenheit 9\/11<\/span> &#8211; a propuls\u00e9 Moore au panth\u00e9on des Etasuniens respectables : adul\u00e9 dans les milieux associatifs et alternatifs depuis quelques ann\u00e9es d\u00e9j\u00e0, il a tr\u00e8s rapidement d\u00e9pass\u00e9 un cercle traditionnellement acquis \u00e0 ce type de discours pour \u00eatre cit\u00e9, comment\u00e9, aim\u00e9 parmi tous les Europ\u00e9ens oppos\u00e9s \u00e0 l&rsquo;administration W. Bush, c&rsquo;est \u00e0 dire&#8230; 95 pourcents de la population europ\u00e9enne ?<\/p>\n\n\n\n<p>A tel point que beaucoup ont oubli\u00e9 que Moore &#8211; au contraire de Chomsky, pour citer le critique le plus connu &#8211; n&rsquo;est pas un intellectuel, mais un d\u00e9nonciateur. Qu&rsquo;il n&rsquo;est pas porteur de vision d&rsquo;avenir, mais fait seulement office de thermom\u00e8tre indiquant qu&rsquo;une temp\u00e9rature trop \u00e9lev\u00e9e a \u00e9t\u00e9 atteinte. A la mani\u00e8re d&rsquo;une ampoule vous emp\u00eachant de marcher, sans r\u00e9soudre le probl\u00e8me des chaussures, Michael Moore signale que la distance parcourue est d\u00e9j\u00e0 trop longue.<\/p>\n\n\n\n<p>Moore cristallise la critique tr\u00e8s m\u00e9diatis\u00e9e qui prend forme depuis une quinzaine d&rsquo;ann\u00e9es aux USA. Il \u00e9tait donc normal que viennent graviter d&rsquo;autres r\u00e9alisateurs, d\u00e9sireux de rentrer dans le lard : de mani\u00e8re litt\u00e9rale, c&rsquo;est Morgan Spurlock et son Super size me. Mais c&rsquo;est aussi les Yes men, soit Mike Bonanno et Andy Bichlbaum, deux hommes qui se mettent en t\u00eate de parodier l&rsquo;Organisation mondiale du commerce (OMC), en cr\u00e9ant un website r\u00e9plique de celui de l&rsquo;organisation : <a href=\"http:\/\/www.gatt.org\">www.gatt.org<\/a>.<\/p>\n\n\n<div class=\"wp-block-image\">\n<figure class=\"alignleft\"><a href=\"https:\/\/www.jcvignoli.com\/blog\/wp-content\/uploads\/affiche-manif-OMC.gif\"><img loading=\"lazy\" decoding=\"async\" width=\"150\" height=\"150\" src=\"https:\/\/www.jcvignoli.com\/blog\/wp-content\/uploads\/affiche-manif-OMC-150x150.gif\" alt=\"affiche manifestation contre l'OMC\" class=\"wp-image-1989\"\/><\/a><\/figure>\n<\/div>\n\n\n<p>Dans une approche tr\u00e8s \u00ab\u00a0moorienne\u00a0\u00bb (on tourne en d\u00e9rision ceux que l&rsquo;on combat, l&rsquo;humour est omnipr\u00e9sent, pas de projet d&rsquo;avenir pr\u00e9sent\u00e9, on se restreint \u00e0 la critique), les deux comp\u00e8res parcourent le monde pour donner des conf\u00e9rences sur l&rsquo;OMC. Car le site web mis en place est source de nombreuses invitations, des webvisiteurs ayant oubli\u00e9s que le GATT a fait place \u00e0 l&rsquo;OMC en 1995 d\u00e9j\u00e0. La parodie devient source de farce, lorsque Bonanno et Bichlbaum pr\u00e9sentent \u00e0 une assembl\u00e9e un appareil pouvant permettre au patron de demain de v\u00e9rifier la productivit\u00e9 de ses employ\u00e9s au moyen d&rsquo;un appendice \u00e9norme&#8230; qui a toutes les caract\u00e9ristiques d&rsquo;un sexe d\u00e9mesur\u00e9 sur \u00e9lectrodes.<\/p>\n\n\n\n<p>Amusant, mais on ne sait m\u00eame pas \u00e0 qui s&rsquo;adressent les deux acolytes. Car sous pr\u00e9texte de d\u00e9noncer la gestion irresponsable de l&rsquo;OMC, ils s&rsquo;appesantissent lourdement sur la passivit\u00e9 de leur auditoire; quel int\u00e9r\u00eat, si l&rsquo;on ne conna\u00eet pas sa composition ? Est-il form\u00e9 de d\u00e9cideurs, ou de quelconques cadres qui ne pourraient pas prendre toute la mesure des horreurs prof\u00e9r\u00e9es ?<\/p>\n\n\n\n<p>Les documentaires satellites de la lune Michael Moore ont le m\u00eame int\u00e9r\u00eat que l&rsquo;astre lui-m\u00eame : ce n&rsquo;est pas la rigueur des recherches, ni celles des solutions propos\u00e9es qui captent l&rsquo;attention. Non, c&rsquo;est l&rsquo;humanisme des tous ces gens, dont les r\u00e9alisations sont froidement accueillies aux USA. C&rsquo;est le courage de ces hommes, qui bravent par tous les temps un certain confort de pens\u00e9e, montrant sans rel\u00e2che les exclus du syst\u00e8me, chaque ann\u00e9e plus nombreux dans leur pays. C&rsquo;est une opposition frontale au pouvoir qui n&rsquo;a rien d&rsquo;un romantique combat, mais a pour but au contraire de solliciter une nouvelle bienveillance envers les d\u00e9munis.<\/p>\n\n\n<div class=\"wp-block-image\">\n<figure class=\"alignleft\"><a href=\"https:\/\/www.jcvignoli.com\/blog\/wp-content\/uploads\/wto-omc.jpg\"><img loading=\"lazy\" decoding=\"async\" width=\"150\" height=\"150\" src=\"https:\/\/www.jcvignoli.com\/blog\/wp-content\/uploads\/wto-omc-150x150.jpg\" alt=\"Plaquette WTO OMC\" class=\"wp-image-1987\"\/><\/a><\/figure>\n<\/div>\n\n\n<p>Mais autant l&rsquo;avouer, <span data-lum_link_maker=\"popup\">the Yes Men<\/span> sonne creux, s&rsquo;en prenant \u00e0 l&rsquo;OMC comme si l&rsquo;organisation \u00e9tait souveraine et imposait sa propre volont\u00e9 \u00e0 ses membres. Abattre l&rsquo;OMC, c&rsquo;est abattre le chantre du lib\u00e9ralisme in\u00e9gal, semblent dire les Yes Men. Les choses sont en r\u00e9alit\u00e9 bien plus complexes : l&rsquo;OMC, tout comme le GATT avant elle, n&rsquo;est que le r\u00e9sultat de la volont\u00e9 de ses Etats membres, ce n&rsquo;est qu&rsquo;un trait\u00e9 instituant un lieu de discussion permanent. Si aujourd&rsquo;hui les textiles et les produits agricoles n&rsquo;ont pas acc\u00e8s aux m\u00eames r\u00e8gles lib\u00e9rales que celles en vigueur sur les \u00e9changes financiers ou de haute technologie, c&rsquo;est parce que certains membres de l&rsquo;OMC refusent d&rsquo;ouvrir leurs march\u00e9s et de faire cesser leurs subventions. Mais ce ne sont pas les r\u00e8gles originelles de l&rsquo;OMC qui sont en cause&#8230; Puisque l&rsquo;OMC n&rsquo;est que le reflet des rapports de force in\u00e9gaux mondiaux. L&rsquo;OMC n&rsquo;a pas de puissance suffisante pour faire pencher la balance vers les pays pauvres, justement parce que ce n&rsquo;est pas un organisme autonome. Il est donc consternant de voir, sans arr\u00eat, des attaques sans fondements continuellement dirig\u00e9es vers l&rsquo;OMC. Alors qu&rsquo;il y a bien d&rsquo;autres reproches \u00e0 lui faire, mais passons.<\/p>\n\n\n\n<p>Une recherche plus pouss\u00e9e aurait permis de prendre conscience de cet \u00e9tat de fait, et de corriger cette erreur trop commune. Elle est donc d&rsquo;autant plus impardonnable envers un documentaire qui fait reposer tout son argumentaire sur l&rsquo;id\u00e9e que l&rsquo;OMC est l&rsquo;organisme \u00e0 la source de la pauvret\u00e9 dans le monde. Alors que c&rsquo;est la politique des membres de l&rsquo;OMC qui est condamnable; ce qui revient \u00e0 s&rsquo;en prendre aux nations, qui r\u00e9torqueront qu&rsquo;elles ne font que d\u00e9fendre les int\u00e9r\u00eats de ceux qui les ont \u00e9lus&#8230;<\/p>\n\n\n\n<p>Alors oui, les documentaires de Moore &amp; Cie sont parfois peu document\u00e9s, tirant sur l&rsquo;affect. Soit, je ne m&rsquo;attendais pas \u00e0 des d\u00e9couvertes fondamentales en voyant les Yes Men. Mais autant je comprends que, guid\u00e9s par l&rsquo;envie de changer les choses, aveugl\u00e9s par la souffrance qu&rsquo;on peut c\u00f4toyer quotidiennement, sous nos latitudes ou ailleurs, on veuille foncer pour crier toute l&rsquo;injustice. Autant je ne comprends pas la vindicte, la cabale parfois, d\u00e9clench\u00e9e autour de Moore et ses complices. Des critiques totalement d\u00e9plac\u00e9es n&rsquo;ayant que pour but que de d\u00e9cr\u00e9dibiliser la sinc\u00e9rit\u00e9 de ces r\u00e9alisateurs, comme si ils \u00e9taient les hommes \u00e0 abattre. Des attaques qui, si elles viennent des gouvernements, sont compr\u00e9hensibles; mais comment les comprendre lorsqu&rsquo;elles \u00e9manent de citoyens simplement choqu\u00e9s qu&rsquo;on ose s&rsquo;en prendre \u00e0 leur gouvernement ? Vouloir bl\u00e2mer un syst\u00e8me qui fabrique l&rsquo;exclusion, qui se durcit ann\u00e9e apr\u00e8s ann\u00e9e, est-ce si condamnable ? Apr\u00e8s tout, et avec ici beaucoup d&rsquo;acuit\u00e9, les Yes Men voudraient voir les r\u00e8gles d&rsquo;\u00e9change se concentrer plus sur les droits de l&rsquo;homme que sur la rentabilit\u00e9 nationale; les anti-moore le comprennent-ils ?<\/p>\n\n\n\n<p>Entre ceux qui, par exc\u00e8s de z\u00e8le, pr\u00eachent na\u00efvement l&rsquo;amour du prochain, et ceux qui, par exc\u00e8s de cynisme, pr\u00e9f\u00e8rent vilipender les premiers, mon choix est fait. Esp\u00e9rons que beaucoup de nouveaux satellites soient attir\u00e9s par la puissance de l&rsquo;attraction \u00ab\u00a0mooriesque\u00a0\u00bb, et continuent &#8211; indirectement &#8211; \u00e0 donner la parole aux d\u00e9munis.<\/p>\n<div class=\"pld-like-dislike-wrap pld-template-1\">\r\n    <div class=\"pld-like-wrap  pld-common-wrap\">\r\n    <a href=\"javascript:void(0)\" class=\"pld-like-trigger pld-like-dislike-trigger  \" title=\"Super article!\" data-post-id=\"192\" data-trigger-type=\"like\" data-restriction=\"cookie\" data-already-liked=\"0\">\r\n                        <i class=\"fas fa-thumbs-up\"><\/i>\r\n                <\/a>\r\n    <span class=\"pld-like-count-wrap pld-count-wrap\">0    <\/span>\r\n<\/div><div class=\"pld-dislike-wrap  pld-common-wrap\">\r\n    <a href=\"javascript:void(0)\" class=\"pld-dislike-trigger pld-like-dislike-trigger  \" title=\"Pas terrible...\" data-post-id=\"192\" data-trigger-type=\"dislike\" data-restriction=\"cookie\" data-already-liked=\"0\">\r\n                        <i class=\"fas fa-thumbs-down\"><\/i>\r\n                <\/a>\r\n    <span class=\"pld-dislike-count-wrap pld-count-wrap\">0<\/span>\r\n<\/div><\/div>","protected":false},"excerpt":{"rendered":"<p>Parler des Yes Men, c&rsquo;est parler des documentaires que nous pondent les USA depuis quelques temps, une mode qui n&rsquo;est pas en passe de s&rsquo;essouffler. Et ceux qui parviennent \u00e0 traverser l&rsquo;Atlantique partagent immanquablement la m\u00eame caract\u00e9ristique : gauchisant (le terme est lib\u00e9ral, aux USA), critiquant le syst\u00e8me, d\u00e9non\u00e7ant la pauvret\u00e9 \u00e9tasunienne et mondiale, rejetant [&hellip;]<\/p>\n","protected":false},"author":1,"featured_media":1987,"comment_status":"open","ping_status":"open","sticky":false,"template":"","format":"standard","meta":{"ocean_post_layout":"","ocean_both_sidebars_style":"","ocean_both_sidebars_content_width":0,"ocean_both_sidebars_sidebars_width":0,"ocean_sidebar":"0","ocean_second_sidebar":"0","ocean_disable_margins":"enable","ocean_add_body_class":"","ocean_shortcode_before_top_bar":"","ocean_shortcode_after_top_bar":"","ocean_shortcode_before_header":"","ocean_shortcode_after_header":"","ocean_has_shortcode":"","ocean_shortcode_after_title":"","ocean_shortcode_before_footer_widgets":"","ocean_shortcode_after_footer_widgets":"","ocean_shortcode_before_footer_bottom":"","ocean_shortcode_after_footer_bottom":"","ocean_display_top_bar":"default","ocean_display_header":"default","ocean_header_style":"","ocean_center_header_left_menu":"0","ocean_custom_header_template":"0","ocean_custom_logo":0,"ocean_custom_retina_logo":0,"ocean_custom_logo_max_width":0,"ocean_custom_logo_tablet_max_width":0,"ocean_custom_logo_mobile_max_width":0,"ocean_custom_logo_max_height":0,"ocean_custom_logo_tablet_max_height":0,"ocean_custom_logo_mobile_max_height":0,"ocean_header_custom_menu":"0","ocean_menu_typo_font_family":"0","ocean_menu_typo_font_subset":"","ocean_menu_typo_font_size":0,"ocean_menu_typo_font_size_tablet":0,"ocean_menu_typo_font_size_mobile":0,"ocean_menu_typo_font_size_unit":"px","ocean_menu_typo_font_weight":"","ocean_menu_typo_font_weight_tablet":"","ocean_menu_typo_font_weight_mobile":"","ocean_menu_typo_transform":"","ocean_menu_typo_transform_tablet":"","ocean_menu_typo_transform_mobile":"","ocean_menu_typo_line_height":0,"ocean_menu_typo_line_height_tablet":0,"ocean_menu_typo_line_height_mobile":0,"ocean_menu_typo_line_height_unit":"","ocean_menu_typo_spacing":0,"ocean_menu_typo_spacing_tablet":0,"ocean_menu_typo_spacing_mobile":0,"ocean_menu_typo_spacing_unit":"","ocean_menu_link_color":"","ocean_menu_link_color_hover":"","ocean_menu_link_color_active":"","ocean_menu_link_background":"","ocean_menu_link_hover_background":"","ocean_menu_link_active_background":"","ocean_menu_social_links_bg":"","ocean_menu_social_hover_links_bg":"","ocean_menu_social_links_color":"","ocean_menu_social_hover_links_color":"","ocean_disable_title":"default","ocean_disable_heading":"default","ocean_post_title":"","ocean_post_subheading":"","ocean_post_title_style":"","ocean_post_title_background_color":"","ocean_post_title_background":0,"ocean_post_title_bg_image_position":"","ocean_post_title_bg_image_attachment":"","ocean_post_title_bg_image_repeat":"","ocean_post_title_bg_image_size":"","ocean_post_title_height":0,"ocean_post_title_bg_overlay":0.5,"ocean_post_title_bg_overlay_color":"","ocean_disable_breadcrumbs":"default","ocean_breadcrumbs_color":"","ocean_breadcrumbs_separator_color":"","ocean_breadcrumbs_links_color":"","ocean_breadcrumbs_links_hover_color":"","ocean_display_footer_widgets":"default","ocean_display_footer_bottom":"default","ocean_custom_footer_template":"0","ocean_post_oembed":"","ocean_post_self_hosted_media":"","ocean_post_video_embed":"","ocean_link_format":"","ocean_link_format_target":"self","ocean_quote_format":"","ocean_quote_format_link":"post","ocean_gallery_link_images":"off","ocean_gallery_id":[],"footnotes":""},"categories":[9,2],"tags":[274,333,334,329,331,332,330],"class_list":["post-192","post","type-post","status-publish","format-standard","has-post-thumbnail","hentry","category-critiques-de-cinema","category-politique","tag-agoravox","tag-critique-sociale","tag-documentaire","tag-michael-moore","tag-omc","tag-wto","tag-yes-men","lumiere-director-chris-smith","lumiere-director-dan-ollman","lumiere-director-sarah-price","lumiere-genre-comedy","lumiere-genre-documentary","entry","has-media"],"aioseo_notices":[],"language":"fr","_links":{"self":[{"href":"https:\/\/www.jcvignoli.com\/blog\/wp-json\/wp\/v2\/posts\/192","targetHints":{"allow":["GET"]}}],"collection":[{"href":"https:\/\/www.jcvignoli.com\/blog\/wp-json\/wp\/v2\/posts"}],"about":[{"href":"https:\/\/www.jcvignoli.com\/blog\/wp-json\/wp\/v2\/types\/post"}],"author":[{"embeddable":true,"href":"https:\/\/www.jcvignoli.com\/blog\/wp-json\/wp\/v2\/users\/1"}],"replies":[{"embeddable":true,"href":"https:\/\/www.jcvignoli.com\/blog\/wp-json\/wp\/v2\/comments?post=192"}],"version-history":[{"count":2,"href":"https:\/\/www.jcvignoli.com\/blog\/wp-json\/wp\/v2\/posts\/192\/revisions"}],"predecessor-version":[{"id":6900,"href":"https:\/\/www.jcvignoli.com\/blog\/wp-json\/wp\/v2\/posts\/192\/revisions\/6900"}],"wp:featuredmedia":[{"embeddable":true,"href":"https:\/\/www.jcvignoli.com\/blog\/wp-json\/wp\/v2\/media\/1987"}],"wp:attachment":[{"href":"https:\/\/www.jcvignoli.com\/blog\/wp-json\/wp\/v2\/media?parent=192"}],"wp:term":[{"taxonomy":"category","embeddable":true,"href":"https:\/\/www.jcvignoli.com\/blog\/wp-json\/wp\/v2\/categories?post=192"},{"taxonomy":"post_tag","embeddable":true,"href":"https:\/\/www.jcvignoli.com\/blog\/wp-json\/wp\/v2\/tags?post=192"}],"curies":[{"name":"wp","href":"https:\/\/api.w.org\/{rel}","templated":true}]}}