{"id":181,"date":"2006-03-17T18:36:28","date_gmt":"2006-03-17T17:36:28","guid":{"rendered":"http:\/\/www.ikiru.ch\/blog\/2006\/medecins-sans-frontieres-l%e2%80%99humanitaire-face-a-ses-contradictions"},"modified":"2020-03-03T13:45:11","modified_gmt":"2020-03-03T18:45:11","slug":"medecins-sans-frontieres-lhumanitaire-face-a-ses-contradictions","status":"publish","type":"post","link":"https:\/\/www.jcvignoli.com\/blog\/2006\/medecins-sans-frontieres-lhumanitaire-face-a-ses-contradictions","title":{"rendered":"M\u00e9decins sans fronti\u00e8res : l&rsquo;humanitaire face \u00e0 ses contradictions"},"content":{"rendered":"<blockquote><p>Les M\u00e9decins Sans Fronti\u00e8res apportent leurs secours aux populations en d\u00e9tresse, aux victimes de catastrophes d&rsquo;origine naturelle ou humaine, de situations de bellig\u00e9rance, sans aucune discrimination de race, religion, philosophie ou politique<\/p><\/blockquote>\n<p>Perdu dans mes recherches sur l&rsquo;humanitaire et les droits de l&rsquo;homme, je suis tomb\u00e9 sur un <a href=\"\/blog\/wp-content\/files\/MSF et contradictions.pdf\">travail de s\u00e9minaire sur M\u00e9decin Sans Fronti\u00e8res<\/a> que j&rsquo;ai eu l&rsquo;occasion de pondre l&rsquo;ann\u00e9e pass\u00e9e.<\/p>\n<div align=\"center\"><a href=\"https:\/\/www.jcvignoli.com\/blog\/wp-content\/uploads\/msf-camp.jpg\"><img loading=\"lazy\" decoding=\"async\" class=\"aligncenter wp-image-2039 size-medium\" src=\"https:\/\/www.jcvignoli.com\/blog\/wp-content\/uploads\/msf-camp-300x214.jpg\" alt=\"M\u00e9decins sans fronti\u00e8res fille dans camps\" width=\"300\" height=\"214\" srcset=\"https:\/\/www.jcvignoli.com\/blog\/wp-content\/uploads\/msf-camp-300x214.jpg 300w, https:\/\/www.jcvignoli.com\/blog\/wp-content\/uploads\/msf-camp-150x107.jpg 150w, https:\/\/www.jcvignoli.com\/blog\/wp-content\/uploads\/msf-camp-176x125.jpg 176w, https:\/\/www.jcvignoli.com\/blog\/wp-content\/uploads\/msf-camp.jpg 417w\" sizes=\"auto, (max-width: 300px) 100vw, 300px\" \/><\/a><\/div>\n<p>Passant en revue l&rsquo;histoire de l&rsquo;association, je me suis efforc\u00e9 de chercher comment des contradictions internes (que l&rsquo;on pourrait qualifier de philosophiques) d\u00e9bordent sur l&rsquo;organisation et la structuration d&rsquo;une association, ainsi que sur son action proprement dite. La relation entretenue avec les m\u00e9dias et le degr\u00e9 d&rsquo;autonomie\/ind\u00e9pendance de l&rsquo;organisme sont explor\u00e9s afin d&rsquo;analyser comment cela se refl\u00e8te dans les op\u00e9rations men\u00e9es.<\/p>\n<p>Download : <a href=\"\/blog\/wp-content\/files\/MSF et contradictions.pdf\"><img decoding=\"async\" src=\"\/blog\/wp-content\/images\/pdf.gif\" alt=\"pdf file\" height=\"16\" \/> MSF face \u00e0 ses contradictions<\/a><\/p>\n<div class=\"pld-like-dislike-wrap pld-template-1\">\r\n    <div class=\"pld-like-wrap  pld-common-wrap\">\r\n    <a href=\"javascript:void(0)\" class=\"pld-like-trigger pld-like-dislike-trigger  \" title=\"Super article!\" data-post-id=\"181\" data-trigger-type=\"like\" data-restriction=\"cookie\" data-already-liked=\"0\">\r\n                        <i class=\"fas fa-thumbs-up\"><\/i>\r\n                <\/a>\r\n    <span class=\"pld-like-count-wrap pld-count-wrap\">0    <\/span>\r\n<\/div><div class=\"pld-dislike-wrap  pld-common-wrap\">\r\n    <a href=\"javascript:void(0)\" class=\"pld-dislike-trigger pld-like-dislike-trigger  \" title=\"Pas terrible...\" data-post-id=\"181\" data-trigger-type=\"dislike\" data-restriction=\"cookie\" data-already-liked=\"0\">\r\n                        <i class=\"fas fa-thumbs-down\"><\/i>\r\n                <\/a>\r\n    <span class=\"pld-dislike-count-wrap pld-count-wrap\">0<\/span>\r\n<\/div><\/div>","protected":false},"excerpt":{"rendered":"<p>Les M\u00e9decins Sans Fronti\u00e8res apportent leurs secours aux populations en d\u00e9tresse, aux victimes de catastrophes d&rsquo;origine naturelle ou humaine, de situations de bellig\u00e9rance, sans aucune discrimination de race, religion, philosophie ou politique Perdu dans mes recherches sur l&rsquo;humanitaire et les droits de l&rsquo;homme, je suis tomb\u00e9 sur un travail de s\u00e9minaire sur M\u00e9decin Sans Fronti\u00e8res [&hellip;]<\/p>\n","protected":false},"author":1,"featured_media":2039,"comment_status":"open","ping_status":"open","sticky":false,"template":"","format":"standard","meta":{"ocean_post_layout":"","ocean_both_sidebars_style":"","ocean_both_sidebars_content_width":0,"ocean_both_sidebars_sidebars_width":0,"ocean_sidebar":"","ocean_second_sidebar":"","ocean_disable_margins":"enable","ocean_add_body_class":"","ocean_shortcode_before_top_bar":"","ocean_shortcode_after_top_bar":"","ocean_shortcode_before_header":"","ocean_shortcode_after_header":"","ocean_has_shortcode":"","ocean_shortcode_after_title":"","ocean_shortcode_before_footer_widgets":"","ocean_shortcode_after_footer_widgets":"","ocean_shortcode_before_footer_bottom":"","ocean_shortcode_after_footer_bottom":"","ocean_display_top_bar":"default","ocean_display_header":"default","ocean_header_style":"","ocean_center_header_left_menu":"","ocean_custom_header_template":"","ocean_custom_logo":0,"ocean_custom_retina_logo":0,"ocean_custom_logo_max_width":0,"ocean_custom_logo_tablet_max_width":0,"ocean_custom_logo_mobile_max_width":0,"ocean_custom_logo_max_height":0,"ocean_custom_logo_tablet_max_height":0,"ocean_custom_logo_mobile_max_height":0,"ocean_header_custom_menu":"","ocean_menu_typo_font_family":"","ocean_menu_typo_font_subset":"","ocean_menu_typo_font_size":0,"ocean_menu_typo_font_size_tablet":0,"ocean_menu_typo_font_size_mobile":0,"ocean_menu_typo_font_size_unit":"px","ocean_menu_typo_font_weight":"","ocean_menu_typo_font_weight_tablet":"","ocean_menu_typo_font_weight_mobile":"","ocean_menu_typo_transform":"","ocean_menu_typo_transform_tablet":"","ocean_menu_typo_transform_mobile":"","ocean_menu_typo_line_height":0,"ocean_menu_typo_line_height_tablet":0,"ocean_menu_typo_line_height_mobile":0,"ocean_menu_typo_line_height_unit":"","ocean_menu_typo_spacing":0,"ocean_menu_typo_spacing_tablet":0,"ocean_menu_typo_spacing_mobile":0,"ocean_menu_typo_spacing_unit":"","ocean_menu_link_color":"","ocean_menu_link_color_hover":"","ocean_menu_link_color_active":"","ocean_menu_link_background":"","ocean_menu_link_hover_background":"","ocean_menu_link_active_background":"","ocean_menu_social_links_bg":"","ocean_menu_social_hover_links_bg":"","ocean_menu_social_links_color":"","ocean_menu_social_hover_links_color":"","ocean_disable_title":"default","ocean_disable_heading":"default","ocean_post_title":"","ocean_post_subheading":"","ocean_post_title_style":"","ocean_post_title_background_color":"","ocean_post_title_background":0,"ocean_post_title_bg_image_position":"","ocean_post_title_bg_image_attachment":"","ocean_post_title_bg_image_repeat":"","ocean_post_title_bg_image_size":"","ocean_post_title_height":0,"ocean_post_title_bg_overlay":0.5,"ocean_post_title_bg_overlay_color":"","ocean_disable_breadcrumbs":"default","ocean_breadcrumbs_color":"","ocean_breadcrumbs_separator_color":"","ocean_breadcrumbs_links_color":"","ocean_breadcrumbs_links_hover_color":"","ocean_display_footer_widgets":"default","ocean_display_footer_bottom":"default","ocean_custom_footer_template":"","ocean_post_oembed":"","ocean_post_self_hosted_media":"","ocean_post_video_embed":"","ocean_link_format":"","ocean_link_format_target":"self","ocean_quote_format":"","ocean_quote_format_link":"post","ocean_gallery_link_images":"on","ocean_gallery_id":[],"footnotes":""},"categories":[506,2],"tags":[310,309,306,305,307,304],"class_list":["post-181","post","type-post","status-publish","format-standard","has-post-thumbnail","hentry","category-droits-humains","category-politique","tag-french-doctors","tag-humanitaire","tag-medecins-sans-frontieres","tag-msf","tag-recherche","tag-seminaire","entry","has-media"],"aioseo_notices":[],"language":"fr","_links":{"self":[{"href":"https:\/\/www.jcvignoli.com\/blog\/wp-json\/wp\/v2\/posts\/181","targetHints":{"allow":["GET"]}}],"collection":[{"href":"https:\/\/www.jcvignoli.com\/blog\/wp-json\/wp\/v2\/posts"}],"about":[{"href":"https:\/\/www.jcvignoli.com\/blog\/wp-json\/wp\/v2\/types\/post"}],"author":[{"embeddable":true,"href":"https:\/\/www.jcvignoli.com\/blog\/wp-json\/wp\/v2\/users\/1"}],"replies":[{"embeddable":true,"href":"https:\/\/www.jcvignoli.com\/blog\/wp-json\/wp\/v2\/comments?post=181"}],"version-history":[{"count":0,"href":"https:\/\/www.jcvignoli.com\/blog\/wp-json\/wp\/v2\/posts\/181\/revisions"}],"wp:featuredmedia":[{"embeddable":true,"href":"https:\/\/www.jcvignoli.com\/blog\/wp-json\/wp\/v2\/media\/2039"}],"wp:attachment":[{"href":"https:\/\/www.jcvignoli.com\/blog\/wp-json\/wp\/v2\/media?parent=181"}],"wp:term":[{"taxonomy":"category","embeddable":true,"href":"https:\/\/www.jcvignoli.com\/blog\/wp-json\/wp\/v2\/categories?post=181"},{"taxonomy":"post_tag","embeddable":true,"href":"https:\/\/www.jcvignoli.com\/blog\/wp-json\/wp\/v2\/tags?post=181"}],"curies":[{"name":"wp","href":"https:\/\/api.w.org\/{rel}","templated":true}]}}