{"id":161,"date":"2006-02-09T14:49:35","date_gmt":"2006-02-09T13:49:35","guid":{"rendered":"http:\/\/www.ikiru.ch\/blog\/politique\/de-la-superiorite-occidentale-la-liberte-dexpression-a-lepreuve-de-la-mondialisation"},"modified":"2020-03-03T14:09:07","modified_gmt":"2020-03-03T19:09:07","slug":"de-la-superiorite-occidentale-la-liberte-dexpression-a-lepreuve-de-la-mondialisation","status":"publish","type":"post","link":"https:\/\/www.jcvignoli.com\/blog\/2006\/de-la-superiorite-occidentale-la-liberte-dexpression-a-lepreuve-de-la-mondialisation","title":{"rendered":"De la sup\u00e9riorit\u00e9 occidentale : la libert\u00e9 d&rsquo;expression \u00e0 l&rsquo;\u00e9preuve de la mondialisation"},"content":{"rendered":"<p>Titre pompeux s&rsquo;il en est, on le croirait directement sortit d&rsquo;une revue acad\u00e9mique. Pourtant, je crois qu&rsquo;il convient de s&rsquo;interroger de la mani\u00e8re la plus intelligente et pouss\u00e9e sur les \u00e9v\u00e8nements qui secouent les relations occidentalo-musulmanes : les caricatures danoises sont, \u00e0 mon avis, une d\u00e9monstration patente de la puissance avec laquelle nous vivons la mondialisation.<\/p>\n<p>De nombreux journalistes endossent aujourd&rsquo;hui ce que l&rsquo;on peut tenir pour une armure de crois\u00e9s : la d\u00e9fense absolue de la libert\u00e9 d&rsquo;expression. M\u00eame des <a title=\"Oui, on a le droit de caricaturer Dieu\" href=\"https:\/\/web.archive.org\/web\/20070329155647\/http:\/\/www.blog-notes.ch:80\/index.php\/2006\/02\/09\/34-oui-on-a-le-droit-de-caricaturer-dieu\">journalistes que je respecte beaucoup<\/a> tombent dans ce qui me semble \u00eatre l&rsquo;un des premiers pi\u00e8ges de la mondialisation : la croyance que toutes nos valeurs sont absolues. Pi\u00e8ge auquel il faut rajouter l&rsquo;incapacit\u00e9 de nombreux journalistes de se projeter dans la position des individus qu&rsquo;ils \u00ab\u00a0combattent\u00a0\u00bb : position d&rsquo;id\u00e9ologues, en quelque sorte.<\/p>\n<p><strong>De la libert\u00e9 d&rsquo;expression<\/strong><\/p>\n<p>Premi\u00e8rement, la libert\u00e9 d&rsquo;expression n&rsquo;est pas, contrairement \u00e0 de nombreux autres droits fondamentaux et n\u00e9cessaires aux soci\u00e9t\u00e9s d\u00e9mocratiques, absolu. Un Etat a le droit de le restreindre, si les circonstances l&rsquo;exigent. Au contraire de la torture, par exemple, qui ne saurait jamais \u00eatre justifi\u00e9e : ce que viennent de comprendre depuis 2 mois les USA, d&rsquo;ailleurs. La libert\u00e9 d&rsquo;expression est l\u00e0 pour prot\u00e9ger de l&rsquo;arbitraire \u00e9tatique les citoyens &#8211; souvent les journalistes. Pour permettre \u00e0 l&rsquo;information d&rsquo;\u00eatre impartiale, non pas par le biais d&rsquo;un quotidien qui serait exceptionnellement objectif, mais plut\u00f4t par le cumul des opinions diff\u00e9rentes, divergentes, oppos\u00e9es. C&rsquo;est le reflet d&rsquo;une croyance forte en la d\u00e9mocratie, qui a r\u00e9sult\u00e9 dans la cr\u00e9ation de ce 4\u00e8me pouvoir &#8211; qu&rsquo;il serait toutefois r\u00e9ducteur de restreindre aux seuls journaux.<\/p>\n<p>Toutefois, ce droit d&rsquo;expression ne saurait \u00eatre absolu : si la d\u00e9mocratie a pour fondement ce droit, la d\u00e9mocratie se base aussi sur des valeurs bien plus \u00e9th\u00e9r\u00e9es, des valeurs changeant d&rsquo;un pays \u00e0 un autre. Parmi ces valeurs, difficiles parfois \u00e0 d\u00e9finir concr\u00e8tement, il en est certaines qu&rsquo;on peut identifier facilement : le rejet du n\u00e9gationnisme, par exemple, est depuis la Deuxi\u00e8me Guerre Mondiale au coeur du processus d\u00e9mocratique occidental, Grande-Bretagne mise \u00e0 part. Si l&rsquo;on admet que la d\u00e9mocratie est fille de la peur de l&rsquo;autoritarisme, elle est aussi fille du r\u00e9sultat de l&rsquo;autoritarisme : on ne saurait s\u00e9parer ici les principes de leurs cons\u00e9quences. Le principe politique en vigueur durant la premi\u00e8re moiti\u00e9 du XX\u00e8me si\u00e8cle \u00e9tait l&rsquo;autoritarisme. L&rsquo;une de ses cons\u00e9quences la plus horrible f\u00fbt l&rsquo;holocauste. En instaurant progressivement en Europe des d\u00e9mocraties, on cherchait \u00e0 combattre aussi bien les causes, que les cons\u00e9quences de l&rsquo;autoritarisme. Causes et cons\u00e9quences peuvent \u00eatre s\u00e9par\u00e9es pour la r\u00e9flexion, mais lorsqu&rsquo;on les \u00e9loigne trop, on tombe dans l&rsquo;id\u00e9ologie pure.<\/p>\n<p>L&rsquo;interdiction de remettre en question l&rsquo;holocauste dans les soci\u00e9t\u00e9s occidentales se base donc sur une conception de la v\u00e9rit\u00e9, que l&rsquo;on peut assimiler \u00e0 une croyance. Oui, l&rsquo;holocauste a des preuves ind\u00e9niables; mais \u00e0 ma connaissance, nous avons des preuves ind\u00e9niables \u00e9galement de l&rsquo;homme qui marche sur la Lune, et pourtant personne n&rsquo;attaque Philippe Lheureux lorsqu&rsquo;il s&rsquo;amuse \u00e0 broder toute <a title=\"site officiel du livre Lumi\u00e8res sur la Lune\" href=\"http:\/\/lheureux.free.fr\/\">une th\u00e9orie conspirationniste<\/a>. Deux poids, deux mesures, certes; mais il est ind\u00e9niable qu&rsquo;un doux dingue qui r\u00e9fute cette r\u00e9alit\u00e9 est moins dangereux que celui qui s&rsquo;en prend \u00e0 la Deuxi\u00e8me Guerre Mondiale. Raison pour laquelle on s&rsquo;est dot\u00e9, en Occident, de lois p\u00e9nalisant le n\u00e9gationnisme. Parce que l&rsquo;on <strong>croit<\/strong> que le n\u00e9gationnisme est dangereux.<\/p>\n<p>Je n&rsquo;ai donc absolument aucun probl\u00e8me avec cette restriction de libert\u00e9 : la fondation d&rsquo;une soci\u00e9t\u00e9 requiert d&rsquo;utiliser certaines valeurs, certains concepts, voire une philosophie autour de laquelle ses citoyens se doivent d&rsquo;adh\u00e9rer. A la remarque qui consid\u00e8re cela comme un<\/p>\n<blockquote><p>argument hors sujet [car] il n&rsquo;est pas question dans les dessins danois de stigmatiser une communaut\u00e9 pour ce qu&rsquo;elle est (ce que font certains caricaturistes arabes, ouvertement antis\u00e9mites), mais de railler des principes religieux.<\/p><\/blockquote>\n<p>je r\u00e9pondrai que le monde arabo-musulman \u00e9tant particuli\u00e8rement crisp\u00e9 autour de son identit\u00e9 religieuse, celle-ci fait office de joint coh\u00e9sif&#8230; exactement comme le font certaines valeurs de nos soci\u00e9t\u00e9s occidentales. Si tout le monde est unanime \u00e0 condamner, par exemple, les accointances n\u00e9o-nazies de J\u00f6rg Haider, c&rsquo;est en raison de l&rsquo;attachement inali\u00e9nable occidental \u00e0 certaines valeurs. Au Moyen-Orient, l&rsquo;une des valeurs coh\u00e9sive est la religion; qui sommes-nous pour dicter quelles valeurs sont bonnes ou moins bonnes ? Surtout que lorsqu&rsquo;on entend certains discours europ\u00e9ens autour des raisons de refuser l&rsquo;entr\u00e9e de la Turquie en Europe, j&rsquo;ai peine \u00e0 croire que l&rsquo;Europe soit si la\u00efcis\u00e9e que cela.<\/p>\n<p>Bien \u00e9videmment, le probl\u00e8me fondamental en l&rsquo;affaire reste le d\u00e9cha\u00eenement de violence au Moyen-Orient; il peut para\u00eetre absurde de mourir ou de vouloir tuer au seul motif d&rsquo;une caricature. Mais il ne faut pas oublier qu&rsquo;une forme d&rsquo;extr\u00eame droite est au pouvoir en Iran, et que l&rsquo;intervention \u00e9tasunienne en Irak a attis\u00e9, comme l&rsquo;aurait fait le largage de plusieurs bombes nucl\u00e9aires, une haine certaine \u00e0 l&rsquo;\u00e9gard de l&rsquo;Occident. Cette haine couvait, et \u00e9tait parfois plus dirig\u00e9e \u00e0 l&rsquo;encontre des gouvernements de la r\u00e9gion; il est probable que de nombreuses vell\u00e9it\u00e9s d\u00e9mocratiques aient \u00e9t\u00e9 \u00e9touff\u00e9es gr\u00e2ce aux USA et \u00e0 la Grande-Bretagne : mais ceci est une autre histoire.<\/p>\n<p>Ne nous leurrons pas, la r\u00e9actions radicale moyen-orientale est artificielle; mais ne sous-estimons pas la frustration de ses individus. Le quotidien danois Jyllands-Posten avait le droit, \u00e0 mon avis, de publier ces caricatures; tout comme il avait le droit de pr\u00e9senter des excuses \u00e0 ceux qu&rsquo;il avait offens\u00e9. On a cependant outrepass\u00e9 le droit \u00e0 la libert\u00e9 d&rsquo;expression en reprenant <em>ad nauseum<\/em> ces caricatures, devenant nous-m\u00eame des caricatures de ce que nous sommes. Il y a une diff\u00e9rence entre un principe et son application : pourquoi tant de journalistes semblent avoir oubli\u00e9 cela, je ne saurais me l&rsquo;expliquer.<\/p>\n<p>Je ne vois pas comment ce comportement peut \u00eatre per\u00e7u comme \u00e9tant autre chose que de l&rsquo;arrogance. Etre arrogant vis-\u00e0-vis des musulmans, c&rsquo;est planter des graines que les extr\u00e9mistes fascistes s&#8217;empresseront de faire pousser. Mais personne ne se voit planter ces graines; cette incapacit\u00e9 \u00e0 prendre du recul est due, \u00e0 mon avis, \u00e0 la croissance acc\u00e9l\u00e9r\u00e9e du village global plan\u00e9taire.<\/p>\n<p><strong>De la relativit\u00e9 culturelle<\/strong><\/p>\n<p>Le deuxi\u00e8me point est la cons\u00e9quence de l&rsquo;\u00e9closion du \u00ab\u00a0village global\u00a0\u00bb, expression d\u00e9crivant notamment l&rsquo;aspect affectif de la mondialisation. Huntington, auteur peu cons\u00e9quent, a au moins eu le m\u00e9rite de correctement pointer cette contradiction de la mondialisation : on croit comprendre les individus \u00e0 l&rsquo;autre bout de la plan\u00e8te, parce qu&rsquo;on les croise dans la rue, on mange leur nourriture, on les observe \u00e0 la t\u00e9l\u00e9vision. En r\u00e9alit\u00e9, nos valeurs divergent, et la compr\u00e9hension d&rsquo;un acte est tr\u00e8s diff\u00e9rente selon qu&rsquo;on vive dans une petite ville iranienne ou dans une petite ville polonaise.<\/p>\n<p>Cette fausse impression de \u00ab\u00a0conna\u00eetre l&rsquo;autre\u00a0\u00bb, alors que les langages et les r\u00e9f\u00e9rences ne sont pas toujours compatibles, est encore renforc\u00e9e par l&rsquo;inclusion de certaines des valeurs extrar\u00e9gionales. Ph\u00e9nom\u00e8ne li\u00e9 au rapetissement des distances, \u00e0 l&rsquo;augmentation des relations entre des communaut\u00e9s autrefois \u00e9loign\u00e9es, le nombre de sujets qui ne sont plus <em>politically correct<\/em> a tendance \u00e0 s&rsquo;accro\u00eetre au fil des ann\u00e9es.<\/p>\n<p>La cons\u00e9quence dans &#8211; notamment &#8211; cette affaire, c&rsquo;est l&rsquo;impossibilit\u00e9 pour l&rsquo;Occidental-type de comprendre pour quoi se battent aujourd&rsquo;hui certains musulmans. Ne comprenant plus rien au sens du \u00ab\u00a0sacr\u00e9\u00a0\u00bb, incapables de s&rsquo;immerger dans la peau d&rsquo;un croyant musulman. Comme si l&#8217;empathie \u00e9tait impossible, cette affaire est utilis\u00e9e en Occident pour laisser libre court \u00e0 son islamophobie. Ce qui ne veut pas dire que tous les d\u00e9fenseurs de la libert\u00e9 d&rsquo;expression soient islamophobes; tout comme toutes les personnes choqu\u00e9es par cette caricatures ne sont islamo-fascistes. Pourquoi inutilement les blesser ? Pourquoi ne pas voir que persister gratuitement (car rien n&rsquo;est r\u00e9ellement en jeu ici, n&rsquo;en d\u00e9plaise aux id\u00e9ologues) renvoit l&rsquo;image d&rsquo;Europ\u00e9ens qui<\/p>\n<blockquote><p>[consid\u00e8rent cette] civilisation comme inf\u00e9rieure et [&#8230;] lui [d\u00e9nient] le droit \u00e0 l&rsquo;existence.<\/p><\/blockquote>\n<p>Si on ne doit pas transiger avec nos principes fondamentaux, rien ne sert de blesser gratuitement. La libert\u00e9 d&rsquo;expression devrait tendre \u00e0 nous rendre un peu plus ouverts d&rsquo;esprit, et non accroch\u00e9s \u00e0 des principes intangibles.<\/p>\n<p><strong>Conclusion<\/strong><\/p>\n<p>L&rsquo;Occident caricature certains des ses propres fondements, \u00e0 l&rsquo;image des caricatures continuelles des Papes, de J\u00e9sus, de l&rsquo;Eglise. Cela est possible en raison des choix que nous avons fait. Nous avons d\u00e9cid\u00e9 de ne pas respecter le sacr\u00e9, soit; mais nous ne pouvons imposer nos choix au reste du monde.<\/p>\n<p>La nouveaut\u00e9 r\u00e9side dans l&rsquo;extraordinaire asym\u00e9trie Occident-Moyen-Orient, du jamais vu dans l&rsquo;histoire. D&rsquo;autre part, la mondialisation a pour effet qu&rsquo;un gag lanc\u00e9 \u00e0 T\u00e9h\u00e9ran fait le chemin en quelques jours jusqu&rsquo;\u00e0 Paris, et qu&rsquo;une caricature danoise parvient en Arabie Saoudite ou en Syrie au bout de 3 mois : tout se sait aujourd&rsquo;hui, et la fronti\u00e8re d&rsquo;un <em>politically correct<\/em> s&rsquo;\u00e9tend jusqu&rsquo;\u00e0 atteindre de nouveaux sujets \u00e0 \u00e9viter.<\/p>\n<p>Cet effet est provisoire; plus on brusquera les croyances, plus on se braquera de l&rsquo;autre c\u00f4t\u00e9 de la fronti\u00e8re contre nos valeurs. Observant ce qu&rsquo;il s&rsquo;est pass\u00e9 en Occident, j&rsquo;ai parfois l&rsquo;impression que ce que nous ont apport\u00e9 nos libert\u00e9s, c&rsquo;est de pouvoir perdre la m\u00e9moire; a-t-on toujours besoin d&rsquo;\u00eatre aussi intransigeant ? On ne parle pas de Munich (1938, pas le Spielberg) tout de m\u00eame !<\/p>\n<blockquote><p>Car c&rsquo;est \u00e0 l&rsquo;aune de sa libert\u00e9 d&rsquo;expression, de sa capacit\u00e9 d&rsquo;ironie, que se mesure la force d&rsquo;une d\u00e9mocratie.<\/p><\/blockquote>\n<p>La d\u00e9mocratie n&rsquo;a jamais \u00e9t\u00e9, et ne sera jamais, un but en soi : ce n&rsquo;est qu&rsquo;un moyen, dont les contours sont extraordinairement flexibles, mouvants et adaptables. C&rsquo;est m\u00eame l&rsquo;un de ses principes, que d&rsquo;\u00eatre adaptable.<\/p>\n<p>Je crois \u00e0 la sup\u00e9riorit\u00e9 occidentale de nombreuses valeurs, dont la libert\u00e9 d&rsquo;expression. Mais je ne crois pas que le chemin que nous prenions pour le d\u00e9montrer aux autres cultures soit le bon : il ne l&rsquo;\u00e9tait pas aux XIXe et XXe, il ne le sera pas au XXIe.<\/p>\n<div class=\"edit\"><strong>9.2.06<\/strong> Les innombrables fautes d&rsquo;orthographe ont \u00e9t\u00e9 gomm\u00e9es.<\/div>\n<div class=\"pld-like-dislike-wrap pld-template-1\">\r\n    <div class=\"pld-like-wrap  pld-common-wrap\">\r\n    <a href=\"javascript:void(0)\" class=\"pld-like-trigger pld-like-dislike-trigger  \" title=\"Super article!\" data-post-id=\"161\" data-trigger-type=\"like\" data-restriction=\"cookie\" data-already-liked=\"0\">\r\n                        <i class=\"fas fa-thumbs-up\"><\/i>\r\n                <\/a>\r\n    <span class=\"pld-like-count-wrap pld-count-wrap\">0    <\/span>\r\n<\/div><div class=\"pld-dislike-wrap  pld-common-wrap\">\r\n    <a href=\"javascript:void(0)\" class=\"pld-dislike-trigger pld-like-dislike-trigger  \" title=\"Pas terrible...\" data-post-id=\"161\" data-trigger-type=\"dislike\" data-restriction=\"cookie\" data-already-liked=\"0\">\r\n                        <i class=\"fas fa-thumbs-down\"><\/i>\r\n                <\/a>\r\n    <span class=\"pld-dislike-count-wrap pld-count-wrap\">0<\/span>\r\n<\/div><\/div>","protected":false},"excerpt":{"rendered":"<p>Titre pompeux s&rsquo;il en est, on le croirait directement sortit d&rsquo;une revue acad\u00e9mique. Pourtant, je crois qu&rsquo;il convient de s&rsquo;interroger de la mani\u00e8re la plus intelligente et pouss\u00e9e sur les \u00e9v\u00e8nements qui secouent les relations occidentalo-musulmanes : les caricatures danoises sont, \u00e0 mon avis, une d\u00e9monstration patente de la puissance avec laquelle nous vivons la [&hellip;]<\/p>\n","protected":false},"author":1,"featured_media":0,"comment_status":"open","ping_status":"open","sticky":false,"template":"","format":"standard","meta":{"ocean_post_layout":"","ocean_both_sidebars_style":"","ocean_both_sidebars_content_width":0,"ocean_both_sidebars_sidebars_width":0,"ocean_sidebar":"","ocean_second_sidebar":"","ocean_disable_margins":"enable","ocean_add_body_class":"","ocean_shortcode_before_top_bar":"","ocean_shortcode_after_top_bar":"","ocean_shortcode_before_header":"","ocean_shortcode_after_header":"","ocean_has_shortcode":"","ocean_shortcode_after_title":"","ocean_shortcode_before_footer_widgets":"","ocean_shortcode_after_footer_widgets":"","ocean_shortcode_before_footer_bottom":"","ocean_shortcode_after_footer_bottom":"","ocean_display_top_bar":"default","ocean_display_header":"default","ocean_header_style":"","ocean_center_header_left_menu":"","ocean_custom_header_template":"","ocean_custom_logo":0,"ocean_custom_retina_logo":0,"ocean_custom_logo_max_width":0,"ocean_custom_logo_tablet_max_width":0,"ocean_custom_logo_mobile_max_width":0,"ocean_custom_logo_max_height":0,"ocean_custom_logo_tablet_max_height":0,"ocean_custom_logo_mobile_max_height":0,"ocean_header_custom_menu":"","ocean_menu_typo_font_family":"","ocean_menu_typo_font_subset":"","ocean_menu_typo_font_size":0,"ocean_menu_typo_font_size_tablet":0,"ocean_menu_typo_font_size_mobile":0,"ocean_menu_typo_font_size_unit":"px","ocean_menu_typo_font_weight":"","ocean_menu_typo_font_weight_tablet":"","ocean_menu_typo_font_weight_mobile":"","ocean_menu_typo_transform":"","ocean_menu_typo_transform_tablet":"","ocean_menu_typo_transform_mobile":"","ocean_menu_typo_line_height":0,"ocean_menu_typo_line_height_tablet":0,"ocean_menu_typo_line_height_mobile":0,"ocean_menu_typo_line_height_unit":"","ocean_menu_typo_spacing":0,"ocean_menu_typo_spacing_tablet":0,"ocean_menu_typo_spacing_mobile":0,"ocean_menu_typo_spacing_unit":"","ocean_menu_link_color":"","ocean_menu_link_color_hover":"","ocean_menu_link_color_active":"","ocean_menu_link_background":"","ocean_menu_link_hover_background":"","ocean_menu_link_active_background":"","ocean_menu_social_links_bg":"","ocean_menu_social_hover_links_bg":"","ocean_menu_social_links_color":"","ocean_menu_social_hover_links_color":"","ocean_disable_title":"default","ocean_disable_heading":"default","ocean_post_title":"","ocean_post_subheading":"","ocean_post_title_style":"","ocean_post_title_background_color":"","ocean_post_title_background":0,"ocean_post_title_bg_image_position":"","ocean_post_title_bg_image_attachment":"","ocean_post_title_bg_image_repeat":"","ocean_post_title_bg_image_size":"","ocean_post_title_height":0,"ocean_post_title_bg_overlay":0.5,"ocean_post_title_bg_overlay_color":"","ocean_disable_breadcrumbs":"default","ocean_breadcrumbs_color":"","ocean_breadcrumbs_separator_color":"","ocean_breadcrumbs_links_color":"","ocean_breadcrumbs_links_hover_color":"","ocean_display_footer_widgets":"default","ocean_display_footer_bottom":"default","ocean_custom_footer_template":"","ocean_post_oembed":"","ocean_post_self_hosted_media":"","ocean_post_video_embed":"","ocean_link_format":"","ocean_link_format_target":"self","ocean_quote_format":"","ocean_quote_format_link":"post","ocean_gallery_link_images":"on","ocean_gallery_id":[],"footnotes":""},"categories":[2],"tags":[274,257,270,258,271,272],"class_list":["post-161","post","type-post","status-publish","format-standard","hentry","category-politique","tag-agoravox","tag-caricature","tag-freedom_of_expression","tag-liberte_expression","tag-mahomet","tag-mohammed","entry"],"aioseo_notices":[],"language":"fr","_links":{"self":[{"href":"https:\/\/www.jcvignoli.com\/blog\/wp-json\/wp\/v2\/posts\/161","targetHints":{"allow":["GET"]}}],"collection":[{"href":"https:\/\/www.jcvignoli.com\/blog\/wp-json\/wp\/v2\/posts"}],"about":[{"href":"https:\/\/www.jcvignoli.com\/blog\/wp-json\/wp\/v2\/types\/post"}],"author":[{"embeddable":true,"href":"https:\/\/www.jcvignoli.com\/blog\/wp-json\/wp\/v2\/users\/1"}],"replies":[{"embeddable":true,"href":"https:\/\/www.jcvignoli.com\/blog\/wp-json\/wp\/v2\/comments?post=161"}],"version-history":[{"count":0,"href":"https:\/\/www.jcvignoli.com\/blog\/wp-json\/wp\/v2\/posts\/161\/revisions"}],"wp:attachment":[{"href":"https:\/\/www.jcvignoli.com\/blog\/wp-json\/wp\/v2\/media?parent=161"}],"wp:term":[{"taxonomy":"category","embeddable":true,"href":"https:\/\/www.jcvignoli.com\/blog\/wp-json\/wp\/v2\/categories?post=161"},{"taxonomy":"post_tag","embeddable":true,"href":"https:\/\/www.jcvignoli.com\/blog\/wp-json\/wp\/v2\/tags?post=161"}],"curies":[{"name":"wp","href":"https:\/\/api.w.org\/{rel}","templated":true}]}}