{"id":135,"date":"2005-12-02T11:32:38","date_gmt":"2005-12-02T10:32:38","guid":{"rendered":"http:\/\/www.ikiru.ch\/blog\/?p=135"},"modified":"2020-03-03T14:04:36","modified_gmt":"2020-03-03T19:04:36","slug":"ce-quest-le-liberalisme-economique","status":"publish","type":"post","link":"https:\/\/www.jcvignoli.com\/blog\/2005\/ce-quest-le-liberalisme-economique","title":{"rendered":"Ce qu&rsquo;est le lib\u00e9ralisme \u00e9conomique"},"content":{"rendered":"<p>Perdu dans les m\u00e9andres du web, je suis tomb\u00e9 sur un site qui a commenc\u00e9 par m&rsquo;\u00e9nerver. Puis, avec un peu de recul, je l&rsquo;ai trouv\u00e9 tr\u00e8s p\u00e9dagogique : expliquer ce qu&rsquo;est le lib\u00e9ralisme \u00e9conomique \u00e0 tout le monde, \u00e0 travers un cas pratique. Sujet d&rsquo;\u00e9tude : le commerce \u00e9quitable.<\/p>\n<p>Le <a title=\"site du Qu\u00e9becois libre\" href=\"http:\/\/www.quebecoislibre.org\">site du Qu\u00e9becois libre<\/a>, et <a title=\"le \u00abcommerce \u00e9quitable\u00bb, une escroquerie intellectuelle!\" href=\"http:\/\/www.quebecoislibre.org\/04\/040515-3.htm\">cet article en particulier<\/a> expose en des termes lapidaires et pragmatiques, soit de mani\u00e8re tr\u00e8s accessible, tout ce que professe la doctrine lib\u00e9rale. Avec un soup\u00e7on de r\u00e9interpr\u00e9tation de la notion de moralit\u00e9, ch\u00e8re \u00e0 Adam Smith, qui \u00e9tait, ne l&rsquo;oublions pas, professeur de morale&#8230;<\/p>\n<p>Extraits choisis, qui devraient vous convaincre d&rsquo;aller lire le \u00ab\u00a0papier\u00a0\u00bb par vous-m\u00eame :<\/p>\n<blockquote><p>Le \u00abcommerce \u00e9quitable\u00bb, on l&rsquo;aura compris, est un cheval de Troie du socialisme. Acheter les produits dudit commerce est un engagement politique dont les motivations id\u00e9ologiques sont par nature contraires au commerce libre.<\/p><\/blockquote>\n<blockquote><p>L&rsquo;absurdit\u00e9 du concept est \u00e9vidente d\u00e8s que l&rsquo;on comprend qu&rsquo;il s&rsquo;oppose \u00e0 la libert\u00e9 du commerce alors que le commerce libre est n\u00e9cessairement \u00e9quitable.<\/p><\/blockquote>\n<blockquote><p>N&rsquo;oublions pas que cette utopie du \u00abcommerce \u00e9quitable\u00bb est pr\u00e9fabriqu\u00e9e dans les cerveaux des \u00abalter-mondialistes\u00bb \u00e0 bon droit qualifi\u00e9s d&rsquo;alter-comprenants puisqu&rsquo;ils sont incapables de percevoir l&rsquo;inanit\u00e9 de leurs concepts en s&rsquo;accrochant \u00e0 une id\u00e9ologie de type marxiste, celle qui a caus\u00e9 les plus grands d\u00e9sastres \u00e9conomiques de l&rsquo;histoire, d&rsquo;une part en conduisant des nations enti\u00e8res \u00e0 la faillite et d&rsquo;autre part, ce que l&rsquo;on voit moins, en d\u00e9truisant les capitaux qu&rsquo;avait accumul\u00e9s le capitalisme pour le bien-\u00eatre de tous.<\/p><\/blockquote>\n<p>Raccourcis tr\u00e8s pratiques pour d\u00e9montrer ce qu&rsquo;est l&rsquo;id\u00e9ologie n\u00e9o-lib\u00e9rale. Et constater \u00e0 quel point les droites europ\u00e9ennes, souvent tax\u00e9es de tous les \u00e9pith\u00e8tes et anath\u00e8mes li\u00e9s au lib\u00e9ralisme (ultra lib\u00e9ralisme, lib\u00e9ralisme inhumain, etc.) sont de mouvements politiques qui, \u00e0 quelques rares exceptions pr\u00e8s, reconnaissent le commerce \u00e9quitable comme une cause juste, et par cons\u00e9quent \u00e9loign\u00e9es de la doctrine lib\u00e9rale. Et je ne prends pas pour r\u00e9f\u00e9rence uniquement la droite \u00e9tatiste et gaulliste fran\u00e7aise, puisque c&rsquo;est \u00e9galement le cas avec la CDU allemande, le Parti Populaire de <a title=\"Jos\u00e9 Maria Aznar ou l'h\u00e9ritage franquiste\" href=\"http:\/\/www.politis.fr\/article881.html\">Jose Maria Aznar<\/a>, etc. On constate que, bien souvent, ce ne sont que des individus isol\u00e9s au seins de mouvements de droite qui se r\u00e9clament du n\u00e9o-lib\u00e9ralisme (Nicolas Sarkozy en France), ou des partis politiques de seconde zone (le parti lib\u00e9ral en Suisse). Et \u00e0 dire vrai, hormis la Grande-Bretagne o\u00f9 m\u00eame la gauche (les Travaillistes) est gagn\u00e9e par le n\u00e9o-lib\u00e9ralisme, rares sont les pays acquis \u00e0 de telles id\u00e9es.<\/p>\n<p>Ce que semblent oublier ici les partisans de <a href=\"http:\/\/fr.wikipedia.org\/wiki\/Friedrich_Hayek\">Friedrich Hayek<\/a> et de <a href=\"http:\/\/fr.wikipedia.org\/wiki\/Milton_Friedman\">Milton Friedman<\/a> (ainsi que des autres Chicago Boys), c&rsquo;est que le monopole est un \u00e9tat naturel, et pas une exception. Que l&rsquo;Etat doit donc prendre des mesures pour combattre ce type de mouvement naturel; l&rsquo;Etat doit encourager des entreprises comme <a title=\"Max Havelaar, entreprise leader en Suisse pour le commerce \u00e9quitable\" href=\"http:\/\/www.maxhavelaar.ch\/fr\/\">Max Havelaar<\/a> si besoin est, au d\u00e9triment des quasi-monopoles mondiaux que deviennent des entit\u00e9s telles que Nestl\u00e9. Mais \u00e7a, c&rsquo;est de la discussion doctrinale. Je pense que l&rsquo;article de Marc Grunert se suffit \u00e0 lui-m\u00eame.<\/p>\n<p>Fouillez un peu plus en avant le site, pour comprendre pourquoi il n&rsquo;est en rien hasardeux de voir certains \u00ab\u00a0libertariens\u00a0\u00bb basculer dans l&rsquo;extr\u00eame droite. Cela n&rsquo;a rien \u00e0 voir avec un racisme ou une peur de quelque acabit qu&rsquo;il soit; c&rsquo;est de l&rsquo;\u00e9go\u00efsme \u00e0 outrance et du mat\u00e9rialisme qui rejoignent ces deux \u00ab\u00a0philosophies\u00a0\u00bb.<\/p>\n<div class=\"pld-like-dislike-wrap pld-template-1\">\r\n    <div class=\"pld-like-wrap  pld-common-wrap\">\r\n    <a href=\"javascript:void(0)\" class=\"pld-like-trigger pld-like-dislike-trigger  \" title=\"Super article!\" data-post-id=\"135\" data-trigger-type=\"like\" data-restriction=\"cookie\" data-already-liked=\"0\">\r\n                        <i class=\"fas fa-thumbs-up\"><\/i>\r\n                <\/a>\r\n    <span class=\"pld-like-count-wrap pld-count-wrap\">0    <\/span>\r\n<\/div><div class=\"pld-dislike-wrap  pld-common-wrap\">\r\n    <a href=\"javascript:void(0)\" class=\"pld-dislike-trigger pld-like-dislike-trigger  \" title=\"Pas terrible...\" data-post-id=\"135\" data-trigger-type=\"dislike\" data-restriction=\"cookie\" data-already-liked=\"0\">\r\n                        <i class=\"fas fa-thumbs-down\"><\/i>\r\n                <\/a>\r\n    <span class=\"pld-dislike-count-wrap pld-count-wrap\">0<\/span>\r\n<\/div><\/div>","protected":false},"excerpt":{"rendered":"<p>Perdu dans les m\u00e9andres du web, je suis tomb\u00e9 sur un site qui a commenc\u00e9 par m&rsquo;\u00e9nerver. Puis, avec un peu de recul, je l&rsquo;ai trouv\u00e9 tr\u00e8s p\u00e9dagogique : expliquer ce qu&rsquo;est le lib\u00e9ralisme \u00e9conomique \u00e0 tout le monde, \u00e0 travers un cas pratique. Sujet d&rsquo;\u00e9tude : le commerce \u00e9quitable. Le site du Qu\u00e9becois libre, [&hellip;]<\/p>\n","protected":false},"author":1,"featured_media":0,"comment_status":"open","ping_status":"open","sticky":false,"template":"","format":"standard","meta":{"ocean_post_layout":"","ocean_both_sidebars_style":"","ocean_both_sidebars_content_width":0,"ocean_both_sidebars_sidebars_width":0,"ocean_sidebar":"","ocean_second_sidebar":"","ocean_disable_margins":"enable","ocean_add_body_class":"","ocean_shortcode_before_top_bar":"","ocean_shortcode_after_top_bar":"","ocean_shortcode_before_header":"","ocean_shortcode_after_header":"","ocean_has_shortcode":"","ocean_shortcode_after_title":"","ocean_shortcode_before_footer_widgets":"","ocean_shortcode_after_footer_widgets":"","ocean_shortcode_before_footer_bottom":"","ocean_shortcode_after_footer_bottom":"","ocean_display_top_bar":"default","ocean_display_header":"default","ocean_header_style":"","ocean_center_header_left_menu":"","ocean_custom_header_template":"","ocean_custom_logo":0,"ocean_custom_retina_logo":0,"ocean_custom_logo_max_width":0,"ocean_custom_logo_tablet_max_width":0,"ocean_custom_logo_mobile_max_width":0,"ocean_custom_logo_max_height":0,"ocean_custom_logo_tablet_max_height":0,"ocean_custom_logo_mobile_max_height":0,"ocean_header_custom_menu":"","ocean_menu_typo_font_family":"","ocean_menu_typo_font_subset":"","ocean_menu_typo_font_size":0,"ocean_menu_typo_font_size_tablet":0,"ocean_menu_typo_font_size_mobile":0,"ocean_menu_typo_font_size_unit":"px","ocean_menu_typo_font_weight":"","ocean_menu_typo_font_weight_tablet":"","ocean_menu_typo_font_weight_mobile":"","ocean_menu_typo_transform":"","ocean_menu_typo_transform_tablet":"","ocean_menu_typo_transform_mobile":"","ocean_menu_typo_line_height":0,"ocean_menu_typo_line_height_tablet":0,"ocean_menu_typo_line_height_mobile":0,"ocean_menu_typo_line_height_unit":"","ocean_menu_typo_spacing":0,"ocean_menu_typo_spacing_tablet":0,"ocean_menu_typo_spacing_mobile":0,"ocean_menu_typo_spacing_unit":"","ocean_menu_link_color":"","ocean_menu_link_color_hover":"","ocean_menu_link_color_active":"","ocean_menu_link_background":"","ocean_menu_link_hover_background":"","ocean_menu_link_active_background":"","ocean_menu_social_links_bg":"","ocean_menu_social_hover_links_bg":"","ocean_menu_social_links_color":"","ocean_menu_social_hover_links_color":"","ocean_disable_title":"default","ocean_disable_heading":"default","ocean_post_title":"","ocean_post_subheading":"","ocean_post_title_style":"","ocean_post_title_background_color":"","ocean_post_title_background":0,"ocean_post_title_bg_image_position":"","ocean_post_title_bg_image_attachment":"","ocean_post_title_bg_image_repeat":"","ocean_post_title_bg_image_size":"","ocean_post_title_height":0,"ocean_post_title_bg_overlay":0.5,"ocean_post_title_bg_overlay_color":"","ocean_disable_breadcrumbs":"default","ocean_breadcrumbs_color":"","ocean_breadcrumbs_separator_color":"","ocean_breadcrumbs_links_color":"","ocean_breadcrumbs_links_hover_color":"","ocean_display_footer_widgets":"default","ocean_display_footer_bottom":"default","ocean_custom_footer_template":"","ocean_post_oembed":"","ocean_post_self_hosted_media":"","ocean_post_video_embed":"","ocean_link_format":"","ocean_link_format_target":"self","ocean_quote_format":"","ocean_quote_format_link":"post","ocean_gallery_link_images":"on","ocean_gallery_id":[],"footnotes":""},"categories":[6,2],"tags":[175,174,142,176,167],"class_list":["post-135","post","type-post","status-publish","format-standard","hentry","category-liens","category-politique","tag-adam_smith","tag-friedrich-hayek","tag-liberalisme","tag-max_havelaar","tag-neo-liberalisme","entry"],"aioseo_notices":[],"language":"fr","_links":{"self":[{"href":"https:\/\/www.jcvignoli.com\/blog\/wp-json\/wp\/v2\/posts\/135","targetHints":{"allow":["GET"]}}],"collection":[{"href":"https:\/\/www.jcvignoli.com\/blog\/wp-json\/wp\/v2\/posts"}],"about":[{"href":"https:\/\/www.jcvignoli.com\/blog\/wp-json\/wp\/v2\/types\/post"}],"author":[{"embeddable":true,"href":"https:\/\/www.jcvignoli.com\/blog\/wp-json\/wp\/v2\/users\/1"}],"replies":[{"embeddable":true,"href":"https:\/\/www.jcvignoli.com\/blog\/wp-json\/wp\/v2\/comments?post=135"}],"version-history":[{"count":0,"href":"https:\/\/www.jcvignoli.com\/blog\/wp-json\/wp\/v2\/posts\/135\/revisions"}],"wp:attachment":[{"href":"https:\/\/www.jcvignoli.com\/blog\/wp-json\/wp\/v2\/media?parent=135"}],"wp:term":[{"taxonomy":"category","embeddable":true,"href":"https:\/\/www.jcvignoli.com\/blog\/wp-json\/wp\/v2\/categories?post=135"},{"taxonomy":"post_tag","embeddable":true,"href":"https:\/\/www.jcvignoli.com\/blog\/wp-json\/wp\/v2\/tags?post=135"}],"curies":[{"name":"wp","href":"https:\/\/api.w.org\/{rel}","templated":true}]}}