{"id":100,"date":"2005-10-04T01:53:41","date_gmt":"2005-10-03T23:53:41","guid":{"rendered":"http:\/\/blog.ikiru.ch\/?p=100"},"modified":"2020-07-23T15:33:50","modified_gmt":"2020-07-23T20:33:50","slug":"de-la-radicalite","status":"publish","type":"post","link":"https:\/\/www.jcvignoli.com\/blog\/2005\/de-la-radicalite","title":{"rendered":"De la radicalit\u00e9"},"content":{"rendered":"<p>Ce n&rsquo;est pas nouveau, mais le fait qu&rsquo;on me l&rsquo;ait reproch\u00e9 r\u00e9cemment m&rsquo;a amen\u00e9 \u00e0 repenser ma relation avec la radicalit\u00e9. On me taxe d&rsquo;extr\u00e9miste depuis aussi petit que je me souvienne, ou presque : c&rsquo;est-\u00e0-dire depuis mon adolescence :).<br \/>\n<!--more--><br \/>\nPourquoi le suis-je ? Mes \u00e9tudes universitaires, et surtout la d\u00e9couverte de la dialectique m&rsquo;ont fourni une justification auto-complaisante tr\u00e8s pratique : de la confrontation d&rsquo;id\u00e9e na\u00eet la progression. Une opposition frontale, maximum, permet une r\u00e9action \u00e9quivalente, et correctrice : \u00e0 l&rsquo;image d&rsquo;une balle de ping-pong qui serait constamment renvoy\u00e9e par deux raquettes, les joueurs se rapprocheraient progressivement jusqu&rsquo;\u00e0 ne plus pouvoir assez de latitude pour se la renvoyer. A cet instant, la discussion\/\u00e9volution est termin\u00e9e. Jusqu&rsquo;\u00e0 ce qu&rsquo;un nouveau joueur intervienne, et la partie reprenne. Sans fin. Ou pour reprendre une autre m\u00e9taphore, on peut imaginer un circuit en multiples \u00ab\u00a0z\u00a0\u00bb, ou une boule rebondit; prenant de la distance, les contours deviennent flous : on se rend compte que 1000 de ces virages ne formaient en r\u00e9alit\u00e9 qu&rsquo;une seule ligne droite. Et ainsi de suite.<\/p>\n<p>D\u00e9finition classique de la dialectique, je suis plus proche d&rsquo;un Hegel et non pas d&rsquo;un Marx pour le coup; ce n&rsquo;est pas la <acronym title=\"mat\u00e9rialisme dialectique\">diamat<\/acronym> qui dirige le monde, mais une \u00ab\u00a0diaid\u00e9e\u00a0\u00bb, puisque je crois les id\u00e9es plus fortes que la mati\u00e8re. Mais laissons de c\u00f4t\u00e9 le d\u00e9bat philo, sur ce point au moins.<\/p>\n<p>Le d\u00e9cors maintenant plant\u00e9, on peut comprendre l&rsquo;importance que rev\u00eat pour moi le d\u00e9bat d&rsquo;id\u00e9e, et pourquoi je suis dans le meilleur des cas ti\u00e8de pour le consensus politique. Surtout en mati\u00e8re de politique, domaine par excellence de combat d&rsquo;id\u00e9es. Je crois sinc\u00e8rement qu&rsquo;une d\u00e9fense molle de ses id\u00e9es ne donne que des r\u00e9sultats mous. Les choses changent vaguement en Suisse actuellement, il est vrai; mais le manque de charisme, de courage politique, reste malheureusement une constante dans le pays. J&rsquo;en veux pour preuve un pr\u00e9sident de la Conf\u00e9d\u00e9ration qui a accompli pour seul acte symbolique en 9 mois : la visite d&rsquo;une caserne de pompier au nouvel an, lors de la catastrophe du tsunami en Asie du sud-est. Monsieur Schmidt n&rsquo;est pas \u00e0 critiquer; il est le pur produit fabriqu\u00e9 par le syst\u00e8me politique suisse, conforme aux conceptions et attentes de ses habitants.<\/p>\n<p>On peut \u00e9videmment m&rsquo;objecter, surtout que dans le cas suisse, que c&rsquo;est cette mollesse &#8211; repr\u00e9sent\u00e9e fantastiquement par des Conseillers f\u00e9d\u00e9raux de tout temps (\u00e0 quelques rares exceptions) moyens, lisses &#8211; qui a \u00e9t\u00e9 la garante d&rsquo;une entente entre des cultures et langues diff\u00e9rentes. Ce \u00e0 quoi je r\u00e9torquerai que je pr\u00e9f\u00e8re la passion \u00e0 la paix; et que de toute mani\u00e8re, c&rsquo;est peut-\u00eatre aussi p\u00e9cher par t\u00e9l\u00e9ologie que de croire que c&rsquo;est le consensus suisse qui a amen\u00e9 la paix. Je suis un sale romantique qui croit qu&rsquo;il vaut mieux mourir debout que vivre \u00e0 genoux, et quantit\u00e9 de conneries du genre qui me passeront peut-\u00eatre le jour o\u00f9 je serai confront\u00e9 \u00e0 de vrais troubles. Peut-\u00eatre Maslow confirmera-t-il encore une fois sa th\u00e9orie.<\/p>\n<p>En d&rsquo;autres termes, je vois un danger \u00ab\u00a0moral\u00a0\u00bb au consensus politique : perte de passion, d&rsquo;id\u00e9es, conformisme \u00e0 outrance, frilosit\u00e9, bref, peur panique de la mort. Le consensus cache la mort comme le fait le <a href=\"https:\/\/fr.wikipedia.org\/wiki\/Milan_Kundera\">kitsch chez Kundera<\/a>.<\/p>\n<p>Le cadre plant\u00e9, l&rsquo;importance pragmatique explicit\u00e9e, il reste maintenant \u00e0 expliquer ce que tout ceci a \u00e0 voir avec le journalisme.<\/p>\n<p>Le journalisme consiste \u00e0 relater les faits au public avec une froideur toute scientifique; c&rsquo;est du moins le premier effect kisskool, puisque vient ensuite l&rsquo;analyse proprement dite, l&rsquo;explication que peut amener le \u00ab\u00a0jour-(n)-alyste\u00a0\u00bb. En \u00e9tant aussi sinc\u00e8re et professionnel qu&rsquo;il peut l&rsquo;\u00eatre, en accord avec sa d\u00e9ontologie, ses id\u00e9aux, il proc\u00e8de \u00e0 la premi\u00e8re. Avec recul, il se contente de rapporter l&rsquo;\u00e9v\u00e9nement aussi sobrement que possible. L&rsquo;objectivit\u00e9 \u00e9tant \u00ab\u00a0un leurre, il n&rsquo;y a pas d&rsquo;hyl\u00e9tique\u00a0\u00bb, me disait mon prof d&rsquo;histoire; c&rsquo;est vrai, mais la sinc\u00e9rit\u00e9 doit remplacer l&rsquo;objectivit\u00e9, et celle-ci se rep\u00e8re, se d\u00e9tecte, le lecteur revient vers le journaliste honn\u00eate.<\/p>\n<p>La seconde partie n&rsquo;est pas moins d\u00e9licate; sous pr\u00e9texte de faire l&rsquo;analyse des faits, il ne s&rsquo;agit pas de se lancer dans une propagande bon march\u00e9, \u00e0 tout prix. Les arguments doivent \u00eatre ici d\u00e9bordant de la m\u00eame sinc\u00e9rit\u00e9, appuy\u00e9s d&rsquo;une logique sans faille. Mais la dialectique entre en jeu : pour se faire comprendre, il faut aller jusqu&rsquo;au bout. D\u00e9fendre une id\u00e9e n&rsquo;est pas chose facile, c&rsquo;est m\u00eame une route parsem\u00e9e de d\u00e9ceptions. Parfois, \u00f4 horreur, on se rend compte de la fausset\u00e9 de ses arguments. Aussi faut-il r\u00e9server la \u00ab\u00a0m\u00e9thode dialectique consciente\u00a0\u00bb aux objets d&rsquo;importance.<\/p>\n<p>L&rsquo;extr\u00e9misme dont on me taxe est tr\u00e8s souvent inconscient, ne r\u00e9pondant pas \u00e0 cette m\u00e9thode voulue et d\u00e9crite pr\u00e9c\u00e9demment. C&rsquo;est dans ces cas-l\u00e0 que, sachant que de nombreuses fois je fais consciemment ce choix, je justifie a posteriori des oppositions un peu gratuites. Ce \u00e0 quoi je m&rsquo;att\u00e8le \u00e0 d\u00e9construire totalement aujourd&rsquo;hui, mais je sais que la d\u00e9construction a des limites.<\/p>\n<p>Tout cela pour affirmer ma croyance dans la d\u00e9fense des id\u00e9es avec extr\u00e9misme, du moment que la position n&rsquo;est pas purement id\u00e9ologique (c\u00f4t\u00e9 argumentatif de la chose) et d\u00e8s l&rsquo;instant que le but vis\u00e9 est l\u00e9gitime (c\u00f4t\u00e9 sinc\u00e8re de la chose).<\/p>\n<p>Je crois que ce type d&rsquo;approche permet une valeur ajout\u00e9e :<br \/>\n1\/ Des d\u00e9bats anim\u00e9s et passionnants;<br \/>\n2\/ Une p\u00e9dagogie utile. A l&rsquo;extr\u00eame, on a tendance \u00e0 caricaturer, \u00e0 simplifier. L&rsquo;id\u00e9e de base est ainsi pass\u00e9e, quitte \u00e0 reprendre plus tard le d\u00e9bat de mani\u00e8re plus pointue.<\/p>\n<p>Le d\u00e9savantage le plus \u00e9vident est que certains se sentent (peut-\u00eatre l\u00e9gitimement) touch\u00e9s dans leur individualit\u00e9. Ou encore, la discussion peut s&rsquo;envenimer.<\/p>\n<p>Je n&rsquo;ai aucun probl\u00e8me avec ces derniers points. D\u00e8s qu&rsquo;ils sont chapeaut\u00e9s par la sinc\u00e9rit\u00e9 et l&rsquo;int\u00e9r\u00eat, il faut savoir prendre des risques.<\/p>\n<div class=\"pld-like-dislike-wrap pld-template-1\">\r\n    <div class=\"pld-like-wrap  pld-common-wrap\">\r\n    <a href=\"javascript:void(0)\" class=\"pld-like-trigger pld-like-dislike-trigger  \" title=\"Super article!\" data-post-id=\"100\" data-trigger-type=\"like\" data-restriction=\"cookie\" data-already-liked=\"0\">\r\n                        <i class=\"fas fa-thumbs-up\"><\/i>\r\n                <\/a>\r\n    <span class=\"pld-like-count-wrap pld-count-wrap\">0    <\/span>\r\n<\/div><div class=\"pld-dislike-wrap  pld-common-wrap\">\r\n    <a href=\"javascript:void(0)\" class=\"pld-dislike-trigger pld-like-dislike-trigger  \" title=\"Pas terrible...\" data-post-id=\"100\" data-trigger-type=\"dislike\" data-restriction=\"cookie\" data-already-liked=\"0\">\r\n                        <i class=\"fas fa-thumbs-down\"><\/i>\r\n                <\/a>\r\n    <span class=\"pld-dislike-count-wrap pld-count-wrap\">0<\/span>\r\n<\/div><\/div>","protected":false},"excerpt":{"rendered":"<p>Ce n&rsquo;est pas nouveau, mais le fait qu&rsquo;on me l&rsquo;ait reproch\u00e9 r\u00e9cemment m&rsquo;a amen\u00e9 \u00e0 repenser ma relation avec la radicalit\u00e9. On me taxe d&rsquo;extr\u00e9miste depuis aussi petit que je me souvienne, ou presque : c&rsquo;est-\u00e0-dire depuis mon adolescence :). 0 0<\/p>\n","protected":false},"author":1,"featured_media":0,"comment_status":"open","ping_status":"open","sticky":false,"template":"","format":"standard","meta":{"ocean_post_layout":"","ocean_both_sidebars_style":"","ocean_both_sidebars_content_width":0,"ocean_both_sidebars_sidebars_width":0,"ocean_sidebar":"","ocean_second_sidebar":"","ocean_disable_margins":"enable","ocean_add_body_class":"","ocean_shortcode_before_top_bar":"","ocean_shortcode_after_top_bar":"","ocean_shortcode_before_header":"","ocean_shortcode_after_header":"","ocean_has_shortcode":"","ocean_shortcode_after_title":"","ocean_shortcode_before_footer_widgets":"","ocean_shortcode_after_footer_widgets":"","ocean_shortcode_before_footer_bottom":"","ocean_shortcode_after_footer_bottom":"","ocean_display_top_bar":"default","ocean_display_header":"default","ocean_header_style":"","ocean_center_header_left_menu":"","ocean_custom_header_template":"","ocean_custom_logo":0,"ocean_custom_retina_logo":0,"ocean_custom_logo_max_width":0,"ocean_custom_logo_tablet_max_width":0,"ocean_custom_logo_mobile_max_width":0,"ocean_custom_logo_max_height":0,"ocean_custom_logo_tablet_max_height":0,"ocean_custom_logo_mobile_max_height":0,"ocean_header_custom_menu":"","ocean_menu_typo_font_family":"","ocean_menu_typo_font_subset":"","ocean_menu_typo_font_size":0,"ocean_menu_typo_font_size_tablet":0,"ocean_menu_typo_font_size_mobile":0,"ocean_menu_typo_font_size_unit":"px","ocean_menu_typo_font_weight":"","ocean_menu_typo_font_weight_tablet":"","ocean_menu_typo_font_weight_mobile":"","ocean_menu_typo_transform":"","ocean_menu_typo_transform_tablet":"","ocean_menu_typo_transform_mobile":"","ocean_menu_typo_line_height":0,"ocean_menu_typo_line_height_tablet":0,"ocean_menu_typo_line_height_mobile":0,"ocean_menu_typo_line_height_unit":"","ocean_menu_typo_spacing":0,"ocean_menu_typo_spacing_tablet":0,"ocean_menu_typo_spacing_mobile":0,"ocean_menu_typo_spacing_unit":"","ocean_menu_link_color":"","ocean_menu_link_color_hover":"","ocean_menu_link_color_active":"","ocean_menu_link_background":"","ocean_menu_link_hover_background":"","ocean_menu_link_active_background":"","ocean_menu_social_links_bg":"","ocean_menu_social_hover_links_bg":"","ocean_menu_social_links_color":"","ocean_menu_social_hover_links_color":"","ocean_disable_title":"default","ocean_disable_heading":"default","ocean_post_title":"","ocean_post_subheading":"","ocean_post_title_style":"","ocean_post_title_background_color":"","ocean_post_title_background":0,"ocean_post_title_bg_image_position":"","ocean_post_title_bg_image_attachment":"","ocean_post_title_bg_image_repeat":"","ocean_post_title_bg_image_size":"","ocean_post_title_height":0,"ocean_post_title_bg_overlay":0.5,"ocean_post_title_bg_overlay_color":"","ocean_disable_breadcrumbs":"default","ocean_breadcrumbs_color":"","ocean_breadcrumbs_separator_color":"","ocean_breadcrumbs_links_color":"","ocean_breadcrumbs_links_hover_color":"","ocean_display_footer_widgets":"default","ocean_display_footer_bottom":"default","ocean_custom_footer_template":"","ocean_post_oembed":"","ocean_post_self_hosted_media":"","ocean_post_video_embed":"","ocean_link_format":"","ocean_link_format_target":"self","ocean_quote_format":"","ocean_quote_format_link":"post","ocean_gallery_link_images":"on","ocean_gallery_id":[],"footnotes":""},"categories":[1863,1,25],"tags":[1458],"class_list":["post-100","post","type-post","status-publish","format-standard","hentry","category-activisme","category-miscellaneous","category-philosophie","tag-philo","entry"],"aioseo_notices":[],"language":"fr","_links":{"self":[{"href":"https:\/\/www.jcvignoli.com\/blog\/wp-json\/wp\/v2\/posts\/100","targetHints":{"allow":["GET"]}}],"collection":[{"href":"https:\/\/www.jcvignoli.com\/blog\/wp-json\/wp\/v2\/posts"}],"about":[{"href":"https:\/\/www.jcvignoli.com\/blog\/wp-json\/wp\/v2\/types\/post"}],"author":[{"embeddable":true,"href":"https:\/\/www.jcvignoli.com\/blog\/wp-json\/wp\/v2\/users\/1"}],"replies":[{"embeddable":true,"href":"https:\/\/www.jcvignoli.com\/blog\/wp-json\/wp\/v2\/comments?post=100"}],"version-history":[{"count":0,"href":"https:\/\/www.jcvignoli.com\/blog\/wp-json\/wp\/v2\/posts\/100\/revisions"}],"wp:attachment":[{"href":"https:\/\/www.jcvignoli.com\/blog\/wp-json\/wp\/v2\/media?parent=100"}],"wp:term":[{"taxonomy":"category","embeddable":true,"href":"https:\/\/www.jcvignoli.com\/blog\/wp-json\/wp\/v2\/categories?post=100"},{"taxonomy":"post_tag","embeddable":true,"href":"https:\/\/www.jcvignoli.com\/blog\/wp-json\/wp\/v2\/tags?post=100"}],"curies":[{"name":"wp","href":"https:\/\/api.w.org\/{rel}","templated":true}]}}